{"id":5719,"date":"2017-02-20T08:50:48","date_gmt":"2017-02-20T07:50:48","guid":{"rendered":"http:\/\/www.vdsm.net\/wronline\/?p=5719"},"modified":"2017-02-20T08:50:48","modified_gmt":"2017-02-20T07:50:48","slug":"aktionstag-fuer-elektro-nutzfahrzeuge-geplant","status":"publish","type":"post","link":"https:\/\/www.vdsm.net\/wronline\/aktionstag-fuer-elektro-nutzfahrzeuge-geplant\/","title":{"rendered":"Aktionstag f\u00fcr Elektro-Nutzfahrzeuge geplant"},"content":{"rendered":"<p>Die Universit\u00e4tsstadt Siegen kooperiert mit dem eMobility-Start-up-Unternehmen \u201eStreetScooter\u201c aus Aachen, um gewerblich genutzte Elektrofahrzeuge bekannter zu machen. Die Zusammenarbeit umfasst gemeinsame \u00f6ffentliche Veranstaltungen und die Beteiligung von \u201eStreetScooter\u201c bei k\u00fcnftigen Projekten. Im Mai 2017 ist ein erster gewerblicher \u201eAktionstag eMobilit\u00e4t\u201c in der Stadt Siegen geplant, bei dem u.a. \u201eStreetScooter\u201c \u2013 kosteng\u00fcnstige E-Autos f\u00fcr den Stadtbetrieb \u2013 vor Ort Probe gefahren werden k\u00f6nnen.<\/p>\n<p>Die Firma StreetScooter GmbH entwickelt und produziert E-Nutzfahrzeuge als Paket-Zustellwagen f\u00fcr die eigene Flotte. Sie ist 2015 von der Deutschen Post AG gekauft worden. Seit Jahresanfang vermarktet sie ihre emissionsfreien E-Transporter auch extern, beispielsweise in kommunalen oder gewerblichen Fuhrparks. Im Jahr 2018 plant die Deutsche Post AG, die ersten elektrischen Zustellfahrzeuge in Siegen einzusetzen. \u201eIn der Entwicklung von intelligenten Mobilit\u00e4tsl\u00f6sungen f\u00fcr gewerbliche Kunden auf kommunaler Ebene liegt eine wichtige Zukunftsaufgabe, um den Strukturwandel weiter zu f\u00f6rdern\u201c, sagte Projektleiter Dominik Eichbaum von der st\u00e4dtischen Wirtschaftsf\u00f6rderung. Es fehlten Hersteller, so Eichbaum, die gerade f\u00fcr das Handwerk oder mittelst\u00e4ndische Fuhrparks passende e-Fahrzeuge und nachhaltige Transportalternativen anbieten \u2013 wie sie etwa B\u00e4ckereien, Lieferservice, Installateure im Handwerk oder die von der mittelst\u00e4ndischen Wirtschaft gepr\u00e4gten vielen Zulieferverkehre in der Stadt und Region ben\u00f6tigten.<\/p>\n<p>Das Potenzial f\u00fcr emissionsfreie Mobilit\u00e4t ist f\u00fcr die Stadt Siegen von gro\u00dfer Bedeutung, denn Elektromobilit\u00e4t bedeutet eine Umstellung in der regionalen Strukturentwicklung.\u00a0 \u201eAls Beitrag zur wirtschaftsnahen Infrastruktur sehen wir vor allem den Aufbau von Ladeinfrastruktur und Mobilit\u00e4tsdienstleistungen wie Car-Sharing oder Bike-Sharing als Faktor zur Attraktivit\u00e4tssteigerung des Standorts\u201c, sagte Gerald K\u00fchn, Leiter der st\u00e4dtischen Wirtschaftsf\u00f6rderung. \u201eWir freuen uns besonders, dass StreetScooter auch wieder nach Siegen zur\u00fcckkommt. Hier wurde unter Einbindung des Lehrstuhls f\u00fcr Fahrzeugtechnik an der Universit\u00e4t Siegen und regionalen Firmen der Automotive-Branche die Entwicklung des Fahrzeugs in den Anf\u00e4ngen mit vorangetrieben\u201c, so Dominik Eichbaum.<\/p>\n<p>Bei dem im Mai geplanten gewerblichen \u201eAktionstag eMobilit\u00e4t\u201c haben Unternehmen Gelegenheit, vor Ort Informationen \u00fcber den Einsatzbereich, die Technik und der Anschaffung zu erhalten. Interessierte Firmen, Kommunen, Einrichtungen und Fuhrparkmanager k\u00f6nnen sich schon jetzt bei der st\u00e4dtischen Wirtschaftsf\u00f6rderung melden, um Termine zu reservieren. Weitere Informationen sind erh\u00e4ltlich bei Dominik Eichbaum, Telefon (0271)404-2526 oder per E-Mail unter<strong>\u00a0<\/strong><a href=\"https:\/\/mail.uni-siegen.de\/owa\/redir.aspx?C=4GEFA-3e9mFb3wW2kS11CEnwJcdBUFtIGa398emrnbKh-cGTiFbUCA..&amp;URL=mailto%3aemobility%40siegen.de\" target=\"_blank\">emobility@siegen.de<\/a>\u00a0oder\u00a0<a href=\"http:\/\/www.remonet.eu\" target=\"_blank\">www.remonet.eu<\/a><\/p>\n","protected":false},"excerpt":{"rendered":"<p>Die Universit\u00e4tsstadt Siegen kooperiert mit dem eMobility-Start-up-Unternehmen \u201eStreetScooter\u201c aus Aachen, um gewerblich genutzte Elektrofahrzeuge bekannter zu machen. Die Zusammenarbeit umfasst gemeinsame \u00f6ffentliche Veranstaltungen und die&#8230;<\/p>\n","protected":false},"author":2,"featured_media":5720,"comment_status":"open","ping_status":"open","sticky":false,"template":"","format":"standard","meta":{"_jetpack_newsletter_access":"","_jetpack_dont_email_post_to_subs":false,"_jetpack_newsletter_tier_id":0,"_jetpack_memberships_contains_paywalled_content":false,"_jetpack_feature_clip_id":0,"_jetpack_memberships_contains_paid_content":false,"footnotes":"","jetpack_post_was_ever_published":false},"categories":[32,30,11],"tags":[],"class_list":["post-5719","post","type-post","status-publish","format-standard","has-post-thumbnail","hentry","category-infos","category-vermischtes","category-regionale-wirtschaft"],"jetpack_sharing_enabled":true,"jetpack_featured_media_url":"https:\/\/www.vdsm.net\/wronline\/wp-content\/uploads\/2017\/02\/IMG_20170201_113804.jpg","_links":{"self":[{"href":"https:\/\/www.vdsm.net\/wronline\/wp-json\/wp\/v2\/posts\/5719","targetHints":{"allow":["GET"]}}],"collection":[{"href":"https:\/\/www.vdsm.net\/wronline\/wp-json\/wp\/v2\/posts"}],"about":[{"href":"https:\/\/www.vdsm.net\/wronline\/wp-json\/wp\/v2\/types\/post"}],"author":[{"embeddable":true,"href":"https:\/\/www.vdsm.net\/wronline\/wp-json\/wp\/v2\/users\/2"}],"replies":[{"embeddable":true,"href":"https:\/\/www.vdsm.net\/wronline\/wp-json\/wp\/v2\/comments?post=5719"}],"version-history":[{"count":6,"href":"https:\/\/www.vdsm.net\/wronline\/wp-json\/wp\/v2\/posts\/5719\/revisions"}],"predecessor-version":[{"id":5726,"href":"https:\/\/www.vdsm.net\/wronline\/wp-json\/wp\/v2\/posts\/5719\/revisions\/5726"}],"wp:featuredmedia":[{"embeddable":true,"href":"https:\/\/www.vdsm.net\/wronline\/wp-json\/wp\/v2\/media\/5720"}],"wp:attachment":[{"href":"https:\/\/www.vdsm.net\/wronline\/wp-json\/wp\/v2\/media?parent=5719"}],"wp:term":[{"taxonomy":"category","embeddable":true,"href":"https:\/\/www.vdsm.net\/wronline\/wp-json\/wp\/v2\/categories?post=5719"},{"taxonomy":"post_tag","embeddable":true,"href":"https:\/\/www.vdsm.net\/wronline\/wp-json\/wp\/v2\/tags?post=5719"}],"curies":[{"name":"wp","href":"https:\/\/api.w.org\/{rel}","templated":true}]}}