{"id":5568,"date":"2017-02-06T09:38:11","date_gmt":"2017-02-06T08:38:11","guid":{"rendered":"http:\/\/www.vdsm.net\/wronline\/?p=5568"},"modified":"2017-02-06T09:38:11","modified_gmt":"2017-02-06T08:38:11","slug":"kreis-startet-umfrage-bei-unternehmen","status":"publish","type":"post","link":"https:\/\/www.vdsm.net\/wronline\/kreis-startet-umfrage-bei-unternehmen\/","title":{"rendered":"Kreis startet Umfrage bei Unternehmen"},"content":{"rendered":"<p>Was k\u00f6nnen Verwaltungen tun, um die heimischen Unternehmen bei ihrer erfolgreichen Arbeit zu unterst\u00fctzten? Wie beurteilen die Unternehmensvertreter die Zusammenarbeit mit den Verwaltungen? Wo dr\u00fcckt der Schuh? Was k\u00f6nnte man verbessern oder wo l\u00e4uft auch einfach alles gut? Das m\u00f6chte der Kreis Siegen-Wittgenstein jetzt heraus bekommen und hat dazu eine Befragung gestartet \u2013 in Kooperation mit den Wirtschaftsf\u00f6rderungen der St\u00e4dte und Gemeinden und mit Hilfe der Uni Siegen.<\/p>\n<p>\u201eEine gute und zielorientierte Zusammenarbeit zwischen Ihrem Unternehmen und den Verwaltungen ist uns ein gro\u00dfes Anliegen, dem wir uns noch st\u00e4rker widmen m\u00f6chten, um Ihre Interessen und Bed\u00fcrfnisse noch besser in den Verwaltungsabl\u00e4ufen ber\u00fccksichtigen zu k\u00f6nnen\u201c, schreibt Landrat Andreas M\u00fcller in einem Brief, der dieser Tage in den Briefk\u00e4sten vieler heimischer Unternehmer liegen wird.<\/p>\n<p>Mit der Umfrage m\u00f6chten die Verwaltungen herausbekommen, was den Verantwortlichen in den Firmen bei der Zusammenarbeit mit den \u00f6ffentlichen Verwaltungen besonders wichtig ist. \u201eNur mit diesem Wissen k\u00f6nnen wir uns in geeigneter Weise darauf einstellen, die Wirtschaft und die Entwicklung des Wirtschaftsstandortes Siegen-Wittgenstein auch k\u00fcnftig zielgerichtet mit unseren M\u00f6glichkeiten zu f\u00f6rdern\u201c, so der Landrat. Um dies auch nach au\u00dfen zu dokumentieren, m\u00f6chte der Kreis das G\u00fctesiegel \u201eMittelstandsfreundliche Verwaltung\u201c erwerben.<\/p>\n<p>Ziel der Umfrage ist es, die Erwartungen und Forderungen der Industrie, des Gewerbes, des Handels und des Dienstleistungssektors im Umgang mit der Verwaltung zu erfassen: etwa wie zufrieden die Unternehmen mit ihrem Standort, den Standortfaktoren und den Serviceleistungen der Verwaltungen sind.<br \/>\nAus den Ergebnissen und Erkenntnissen der Befragung wollen die Verwaltungen m\u00f6gliche Handlungsfelder ableiten und Ma\u00dfnahmen erarbeiten, die die Zusammenarbeit zwischen Wirtschaft und Verwaltung st\u00e4rkt und auch vereinfacht.<\/p>\n<p>Auch wer dieser Tage per Post kein Einladungsschreiben erh\u00e4lt, kann an der Umfrage teilnehmen. Der Online-Fragebogen ist \u00fcber <a class=\"csslink_extern\" title=\"Externer Link\" href=\"https:\/\/umfragen.uni-siegen.de\/index.php\/333336\/lang-de\" target=\"_blank\">diesen Link<\/a>\u00a0zu erreichen.<\/p>\n<p>Um zus\u00e4tzlich zum Mitmachen zu motivieren, werden unter den Teilnehmern attraktive Preise verlost, z.B. Gutscheine f\u00fcr Restaurantbesuche, Tickets f\u00fcr die S\u00fcdwestf\u00e4lische Freilichtb\u00fchne Freudenberg, Kreuztal Kultur, das Kulturhaus L\u00ffz und den Gebr\u00fcder-Busch-Kreis sowie f\u00fcr Freizeiteinrichtungen in der Region.<br \/>\nZentrale Ansprechpartnerin \u2013 auch f\u00fcr R\u00fcckfragen \u2013 ist Projektleiterin Sabine Schmidt (Telefon: 0271 333-1166).<\/p>\n","protected":false},"excerpt":{"rendered":"<p>Was k\u00f6nnen Verwaltungen tun, um die heimischen Unternehmen bei ihrer erfolgreichen Arbeit zu unterst\u00fctzten? Wie beurteilen die Unternehmensvertreter die Zusammenarbeit mit den Verwaltungen? Wo dr\u00fcckt&#8230;<\/p>\n","protected":false},"author":2,"featured_media":5571,"comment_status":"open","ping_status":"open","sticky":false,"template":"","format":"standard","meta":{"_jetpack_memberships_contains_paid_content":false,"footnotes":""},"categories":[30,11],"tags":[],"class_list":["post-5568","post","type-post","status-publish","format-standard","has-post-thumbnail","hentry","category-vermischtes","category-regionale-wirtschaft"],"jetpack_featured_media_url":"https:\/\/www.vdsm.net\/wronline\/wp-content\/uploads\/2017\/02\/checklist-1919328_1280.jpg","jetpack_sharing_enabled":true,"_links":{"self":[{"href":"https:\/\/www.vdsm.net\/wronline\/wp-json\/wp\/v2\/posts\/5568","targetHints":{"allow":["GET"]}}],"collection":[{"href":"https:\/\/www.vdsm.net\/wronline\/wp-json\/wp\/v2\/posts"}],"about":[{"href":"https:\/\/www.vdsm.net\/wronline\/wp-json\/wp\/v2\/types\/post"}],"author":[{"embeddable":true,"href":"https:\/\/www.vdsm.net\/wronline\/wp-json\/wp\/v2\/users\/2"}],"replies":[{"embeddable":true,"href":"https:\/\/www.vdsm.net\/wronline\/wp-json\/wp\/v2\/comments?post=5568"}],"version-history":[{"count":1,"href":"https:\/\/www.vdsm.net\/wronline\/wp-json\/wp\/v2\/posts\/5568\/revisions"}],"predecessor-version":[{"id":5570,"href":"https:\/\/www.vdsm.net\/wronline\/wp-json\/wp\/v2\/posts\/5568\/revisions\/5570"}],"wp:featuredmedia":[{"embeddable":true,"href":"https:\/\/www.vdsm.net\/wronline\/wp-json\/wp\/v2\/media\/5571"}],"wp:attachment":[{"href":"https:\/\/www.vdsm.net\/wronline\/wp-json\/wp\/v2\/media?parent=5568"}],"wp:term":[{"taxonomy":"category","embeddable":true,"href":"https:\/\/www.vdsm.net\/wronline\/wp-json\/wp\/v2\/categories?post=5568"},{"taxonomy":"post_tag","embeddable":true,"href":"https:\/\/www.vdsm.net\/wronline\/wp-json\/wp\/v2\/tags?post=5568"}],"curies":[{"name":"wp","href":"https:\/\/api.w.org\/{rel}","templated":true}]}}