{"id":555,"date":"2012-04-10T12:29:53","date_gmt":"2012-04-10T10:29:53","guid":{"rendered":"http:\/\/www.vdsm.net\/wronline\/?p=555"},"modified":"2012-04-10T12:29:53","modified_gmt":"2012-04-10T10:29:53","slug":"vetter-krantechnik-gab-einblicke-in-produktion-und-technik","status":"publish","type":"post","link":"https:\/\/www.vdsm.net\/wronline\/vetter-krantechnik-gab-einblicke-in-produktion-und-technik\/","title":{"rendered":"Vetter Krantechnik gab Einblicke in Produktion und Technik"},"content":{"rendered":"<p>Siegen\/Haiger, 10. April 2012. Meh<img loading=\"lazy\" decoding=\"async\" class=\"alignleft\" style=\"margin: 10px; border: 1px solid black;\" title=\"Zufriedene Gesichter bei der Betriebsbesichtigung von Firma Vetter Krantechnik in Haiger.\" src=\"http:\/\/www.siegen-wittgenstein.de\/cms\/pfadphotouploads\/1024photouploads\/vetter_nemas.jpg\" alt=\"Zufriedene Gesichter bei der Betriebsbesichtigung von Firma Vetter Krantechnik in Haiger.\" width=\"300\" height=\"225\" align=\"right\" border=\"1\" hspace=\"10\" vspace=\"10\" \/>r als 30 Unternehmer nutzten die Gelegenheit, im Rahmen der Veranstaltungsreihe &#8222;NEMAS Unternehmen vor Ort&#8220; die Firma Vetter Krantechnik GmbH in Haiger zu besichtigen. Nach einer kurzen Vorstellung des Unternehmens durch den gesch\u00e4ftsf\u00fchrenden Gesellschafter Klaus Vetter begaben sich die interessierten Unternehmer in kleinen Gruppen auf den Rundgang durch die Betriebshallen. Hier konnten sich die Teilnehmer ein Bild von den hochspezialisierten Schwenkkranen und Kransystemen machen. Die Betriebsbesichtigung des traditionsreichen Siegerl\u00e4nder Kranherstellers veranschaulichte den Teilnehmern die beachtliche Entwicklung und st\u00e4ndige Optimierung der verschiedenen Krananlagen. Die VETTER Krantechnik GmbH ist einer der f\u00fchrenden europ\u00e4ischen Anbieter von Schwenkkranen und Kransystemen und wird an zwei Standorten als mittelst\u00e4ndischer Familienbetrieb in dritter und vierter Generation gef\u00fchrt.<\/p>\n<p>Nach der Besichtigung hatten die Netzwerker bei einem kleinen Imbiss die Gelegenheit, sich \u00fcber ihre frisch gewonnenen Eindr\u00fccke untereinander auszutauschen. \u201eBesonders die Unternehmensbesichtigungen werden im Netzwerk unheimlich gut angenommen und f\u00fchrten bereits zu konkreten Kooperationen und bieten damit einen echten Mehrwert f\u00fcr unsere Mitglieder\u201c, freut sich Klaus Irle, verantwortlicher Netzwerkmanager bei der KM:SI GmbH, der Wirtschaftsf\u00f6rderungsgesellschaft des Kreises Siegen Wittgenstein.<\/p>\n<p>\u201eAlle Teilnehmer nehmen etwas mit: neue Erkenntnisse und Anregungen f\u00fcr das eigenen Unternehmen, gute Gespr\u00e4che und den ein oder anderen neuen Kontakt\u201c, res\u00fcmieren Firmenchef Klaus Vetter und Prokurist Stefan M\u00fcller nach der gelungenen Veranstaltung. \u00a0 Im Rahmen der Veranstaltungsreihe &#8222;NEMAS Unternehmen vor Ort&#8220; werden im Netzwerk Maschinenbau S\u00fcdwestfalen regelm\u00e4\u00dfig Mitgliedsunternehmen besichtigt.<\/p>\n<p>Weitere Informationen zum Netzwerk Maschinenbau und zu den Veranstaltungen finden Interessierte\u00a0unter: <a href=\"http:\/\/www.nemas-sw.de\" target=\"_blank\">www.nemas-sw.de<\/a>.<\/p>\n","protected":false},"excerpt":{"rendered":"<p>Siegen\/Haiger, 10. April 2012. Mehr als 30 Unternehmer nutzten die Gelegenheit, im Rahmen der Veranstaltungsreihe &#8222;NEMAS Unternehmen vor Ort&#8220; die Firma Vetter Krantechnik GmbH in&#8230;<\/p>\n","protected":false},"author":2,"featured_media":0,"comment_status":"open","ping_status":"open","sticky":false,"template":"","format":"standard","meta":{"_jetpack_memberships_contains_paid_content":false,"footnotes":""},"categories":[11],"tags":[],"class_list":["post-555","post","type-post","status-publish","format-standard","hentry","category-regionale-wirtschaft"],"jetpack_featured_media_url":"","jetpack_sharing_enabled":true,"_links":{"self":[{"href":"https:\/\/www.vdsm.net\/wronline\/wp-json\/wp\/v2\/posts\/555","targetHints":{"allow":["GET"]}}],"collection":[{"href":"https:\/\/www.vdsm.net\/wronline\/wp-json\/wp\/v2\/posts"}],"about":[{"href":"https:\/\/www.vdsm.net\/wronline\/wp-json\/wp\/v2\/types\/post"}],"author":[{"embeddable":true,"href":"https:\/\/www.vdsm.net\/wronline\/wp-json\/wp\/v2\/users\/2"}],"replies":[{"embeddable":true,"href":"https:\/\/www.vdsm.net\/wronline\/wp-json\/wp\/v2\/comments?post=555"}],"version-history":[{"count":2,"href":"https:\/\/www.vdsm.net\/wronline\/wp-json\/wp\/v2\/posts\/555\/revisions"}],"predecessor-version":[{"id":557,"href":"https:\/\/www.vdsm.net\/wronline\/wp-json\/wp\/v2\/posts\/555\/revisions\/557"}],"wp:attachment":[{"href":"https:\/\/www.vdsm.net\/wronline\/wp-json\/wp\/v2\/media?parent=555"}],"wp:term":[{"taxonomy":"category","embeddable":true,"href":"https:\/\/www.vdsm.net\/wronline\/wp-json\/wp\/v2\/categories?post=555"},{"taxonomy":"post_tag","embeddable":true,"href":"https:\/\/www.vdsm.net\/wronline\/wp-json\/wp\/v2\/tags?post=555"}],"curies":[{"name":"wp","href":"https:\/\/api.w.org\/{rel}","templated":true}]}}