{"id":5544,"date":"2017-02-02T15:29:44","date_gmt":"2017-02-02T14:29:44","guid":{"rendered":"http:\/\/www.vdsm.net\/wronline\/?p=5544"},"modified":"2017-02-02T15:29:44","modified_gmt":"2017-02-02T14:29:44","slug":"unternehmen-fuer-die-digitalisierung-fit-machen","status":"publish","type":"post","link":"https:\/\/www.vdsm.net\/wronline\/unternehmen-fuer-die-digitalisierung-fit-machen\/","title":{"rendered":"Unternehmen f\u00fcr die Digitalisierung fit machen"},"content":{"rendered":"<p>Der digitale Wandel ver\u00e4ndert M\u00e4rkte, Gesch\u00e4ftsmodelle und Arbeitsabl\u00e4ufe im Mittelstand radikal. Mit ihrem neuen Kompetenzfeld \u201eDigitalisierung im Mittelstand\u201c m\u00f6chte die Business School der Universit\u00e4t Siegen F\u00fchrungskr\u00e4fte mittelst\u00e4ndisch gepr\u00e4gter Unternehmen gezielt darauf vorbereiten. Im M\u00e4rz werden dazu zwei Workshops f\u00fcr F\u00fchrungskr\u00e4fte angeboten.<\/p>\n<p>Unter dem Titel \u201eDigitalisierung der Gesch\u00e4ftsprozesse\u201c geht es um zukunftsf\u00e4hige Gesch\u00e4ftsmodelle, um strategische Ans\u00e4tze wie die Entwicklung einer IT-Strategie, aber auch um operative Aspekte wie die Anpassung von Arbeitsprozessen. Ein weiterer Workshop zum Thema \u201eArbeit 4.0\u201c befasst sich mit den Auswirkungen der Digitalisierung auf die Arbeitswelt. \u201eWelche Technologien haben das Potenzial, unsere Arbeit wirklich zu ver\u00e4ndern? Wie l\u00e4sst sich die Kreativit\u00e4t der Mitarbeiter f\u00fcr den digitalen Wandel nutzen? Und wie kommen unterschiedliche Altersgruppen damit zurecht? Alles Fragen, die wir gemeinsam diskutieren und bearbeiten werden\u201c, sagt Prof. Dr. Dr. Bj\u00f6rn Niehaves, der beide Workshops leiten wird.<\/p>\n<p>Prof. Niehaves ist Inhaber des Lehrstuhls f\u00fcr Wirtschaftsinformatik an der Universit\u00e4t Siegen, Vorstand des Siegener Mittelstandsinstituts (SMI) und Direktor des Forschungskollegs (FoKoS) der Universit\u00e4t Siegen. Das Thema \u201eDigitale Innovationen\u201c und ihre Auswirkungen auf die Arbeitswelt geh\u00f6rt seit vielen Jahren zu seinen Forschungsschwerpunkten. \u201eIn den Workshops verfolgen wir den Ansatz des praxisintegrierten Lernens\u201c, erkl\u00e4rt Prof. Niehaves. \u201eDas bedeutet, dass wir mit vielen Fallbeispielen und Fallstudien arbeiten. Die Teilnehmerinnen und Teilnehmer sind so immer wieder dazu angehalten, die Inhalte auf ihr eigenes Unternehmen anzuwenden.\u201c<\/p>\n<p>Beim Workshop \u201eDigitalisierung der Gesch\u00e4ftsprozesse\u201c wird der Praxisbezug besonders deutlich: Er findet nicht an der Universit\u00e4t statt, sondern in den R\u00e4umen des Friesenhagener Bauunternehmens \u201eALHO Systembau GmbH\u201c \u2013 Werksbesichtigung inklusive. \u201eDie Teilnehmer sollen aufbauend auf dem Rundgang eine Live-Fallstudie bearbeiten\u201c, sagt Prof. Niehaves. \u201eAuf die Ergebnisse bin ich schon jetzt sehr gespannt.\u201c<\/p>\n<p>Die Workshops \u201eDigitalisierung der Gesch\u00e4ftsprozesse\u201c und \u201eArbeit 4.0\u201c umfassen jeweils zweieinhalb Tage und finden vom 2. bis 4. M\u00e4rz, beziehungsweise vom 16. bis 18. M\u00e4rz statt. Die Kosten liegen pro Workshop bei 1.490 Euro. Weitere Informationen und Anmeldungen unter <a class=\" cd_intlink\" href=\"http:\/\/www.uni-siegen.de\/bs\/digi\" target=\"_blank\">www.uni-siegen.de\/bs\/digi<\/a><\/p>\n<p>Die Business School der Universit\u00e4t Siegen bietet seit sieben Jahren berufsbegleitende Weiterbildung f\u00fcr F\u00fchrungskr\u00e4fte an. Das Angebot ist auf mittelst\u00e4ndisch gepr\u00e4gte Unternehmen ausgerichtet und deckt insgesamt f\u00fcnf Kompetenzfelder ab \u2013 von Unternehmensf\u00fchrung \u00fcber personelle und finanzielle F\u00fchrung bis hin zu Markterfolg im Mittelstand. Digitalisierung ist als neuestes Kompetenzfeld dazu gekommen. Neben den 2,5-t\u00e4gigen Workshops umfasst das Portfolio der Business School ein berufsbegleitendes Executive MBA-Studium, Managementprogramme mit Universit\u00e4tszertifikat und ma\u00dfgeschneiderte Inhouse-L\u00f6sungen f\u00fcr Unternehmen.<\/p>\n<p>Ansprechpartner:<br \/>\nThomas Demmer (Gesch\u00e4ftsf\u00fchrer der Business School)<br \/>\nE-Mail: <a class=\"\n\t  cd_mailto\" href=\"mailto:thomas.demmer@uni-siegen.de\">thomas.demmer@uni-siegen.de<\/a><br \/>\nTel.: 0271-740 3649<\/p>\n","protected":false},"excerpt":{"rendered":"<p>Der digitale Wandel ver\u00e4ndert M\u00e4rkte, Gesch\u00e4ftsmodelle und Arbeitsabl\u00e4ufe im Mittelstand radikal. Mit ihrem neuen Kompetenzfeld \u201eDigitalisierung im Mittelstand\u201c m\u00f6chte die Business School der Universit\u00e4t Siegen&#8230;<\/p>\n","protected":false},"author":2,"featured_media":4755,"comment_status":"open","ping_status":"open","sticky":false,"template":"","format":"standard","meta":{"_jetpack_memberships_contains_paid_content":false,"footnotes":""},"categories":[8,32],"tags":[],"class_list":["post-5544","post","type-post","status-publish","format-standard","has-post-thumbnail","hentry","category-ausbildung","category-infos"],"jetpack_featured_media_url":"https:\/\/www.vdsm.net\/wronline\/wp-content\/uploads\/2016\/10\/Universitaet-siegen.jpg","jetpack_sharing_enabled":true,"_links":{"self":[{"href":"https:\/\/www.vdsm.net\/wronline\/wp-json\/wp\/v2\/posts\/5544","targetHints":{"allow":["GET"]}}],"collection":[{"href":"https:\/\/www.vdsm.net\/wronline\/wp-json\/wp\/v2\/posts"}],"about":[{"href":"https:\/\/www.vdsm.net\/wronline\/wp-json\/wp\/v2\/types\/post"}],"author":[{"embeddable":true,"href":"https:\/\/www.vdsm.net\/wronline\/wp-json\/wp\/v2\/users\/2"}],"replies":[{"embeddable":true,"href":"https:\/\/www.vdsm.net\/wronline\/wp-json\/wp\/v2\/comments?post=5544"}],"version-history":[{"count":1,"href":"https:\/\/www.vdsm.net\/wronline\/wp-json\/wp\/v2\/posts\/5544\/revisions"}],"predecessor-version":[{"id":5545,"href":"https:\/\/www.vdsm.net\/wronline\/wp-json\/wp\/v2\/posts\/5544\/revisions\/5545"}],"wp:featuredmedia":[{"embeddable":true,"href":"https:\/\/www.vdsm.net\/wronline\/wp-json\/wp\/v2\/media\/4755"}],"wp:attachment":[{"href":"https:\/\/www.vdsm.net\/wronline\/wp-json\/wp\/v2\/media?parent=5544"}],"wp:term":[{"taxonomy":"category","embeddable":true,"href":"https:\/\/www.vdsm.net\/wronline\/wp-json\/wp\/v2\/categories?post=5544"},{"taxonomy":"post_tag","embeddable":true,"href":"https:\/\/www.vdsm.net\/wronline\/wp-json\/wp\/v2\/tags?post=5544"}],"curies":[{"name":"wp","href":"https:\/\/api.w.org\/{rel}","templated":true}]}}