{"id":5423,"date":"2017-01-16T10:25:51","date_gmt":"2017-01-16T09:25:51","guid":{"rendered":"http:\/\/www.vdsm.net\/wronline\/?p=5423"},"modified":"2017-01-16T12:01:51","modified_gmt":"2017-01-16T11:01:51","slug":"klartext-im-westen","status":"publish","type":"post","link":"https:\/\/www.vdsm.net\/wronline\/klartext-im-westen\/","title":{"rendered":"\u201eKlartext im Westen\u201c"},"content":{"rendered":"<p>Mit ihrem neuen Blog \u201eKlartext im Westen \u2013 Der NRW-Wirtschaftsblog\u201c will die Landesvereinigung der Unternehmensverb\u00e4nde Nordrhein-Westfalen (unternehmer nrw) die wirtschaftspolitische Debatte im Land zus\u00e4tzlich beleben. Unter <a href=\"http:\/\/www.wirtschaftsblog.nrw\" target=\"_blank\">www.wirtschaftsblog.nrw<\/a> werden ab sofort in w\u00f6chentlichem Rhythmus namhafte Pers\u00f6nlichkeiten aus der Wirtschaft, aber auch aus Politik und Gesellschaft, Beitr\u00e4ge ver\u00f6ffentlichen, wie Nordrhein-Westfalen als Wirtschafts- und Industriestandort wieder nach vorn kommen und als Lebensstandort f\u00fcr Jung und Alt noch attraktiver werden kann. Mit ihrem Blog will die Spitzenorganisation der NRW-Wirtschaft dauerhaft ein seri\u00f6ses Diskussions-Forum bieten, auf dem aus nordrhein-westf\u00e4lischer Perspektive verschiedene Stimmen und Meinungen zu wirtschaftspolitischen Positionen zu Wort kommen sollen. Leser des Blogs sind ausdr\u00fccklich aufgefordert, sich an der Debatte mit Gastbeitr\u00e4gen zu beteiligen.<\/p>\n<p>NRW-Unternehmerpr\u00e4sident Arndt G. Kirchhoff warb im ersten am Montag in D\u00fcsseldorf ver\u00f6ffentlichten Blog-Beitrag f\u00fcr ein neues Grundempfinden f\u00fcr Wirtschaft und Politik in unserem Land. Es m\u00fcsse klar werden, dass nur eine starke Wirtschaft und eine wettbewerbsf\u00e4hige Industrie die Grundlage f\u00fcr Wachstum, Arbeitspl\u00e4tze, Wohlstand und leistungsf\u00e4hige Sozialsysteme sein k\u00f6nne. \u201eEine starke Wirtschaft ist auch die Voraussetzung f\u00fcr einen starken Staat, der die Bev\u00f6lkerung sch\u00fctzt und innere wie \u00e4u\u00dfere Sicherheit gew\u00e4hrleistet\u201c, betonte Kirchhoff. Angesichts der gro\u00dfen Herausforderungen in turbulenten Zeiten sei die Wirtschaft mehr denn je der wahre Stabilit\u00e4tsanker f\u00fcr Nordrhein-Westfalen und Deutschland. Ihn in der unruhigen See zu schw\u00e4chen w\u00fcrde dem Land massiv schaden. \u201eDeshalb muss die Politik jetzt alles unterlassen, was die Wirtschaft schw\u00e4cht\u201c, so Kirchhoff.<\/p>\n<p>In Land und Bund m\u00fcsse deshalb eine breite wirtschaftspolitische Debatte gef\u00fchrt werden. Obwohl hierzulande so viele Menschen besch\u00e4ftigt seien wie nie zuvor, \u201eschleppen viele ein diffuses Gef\u00fchl der Unzufriedenheit mit sich herum\u201c. Auf diese gef\u00fchlte Unzufriedenheit m\u00fcsse die Politik gerade im Wahljahr 2017 reagieren. \u201eDer politische Wettstreit in den Wahlk\u00e4mpfen in Land und Bund muss fair und faktenbasiert gef\u00fchrt werden und darf keinen Raum f\u00fcr \u00a0Populismus, Abschottung und Nationalismus bieten\u201c, erkl\u00e4rte Kirchhoff.<\/p>\n<p>Der NRW-Unternehmerpr\u00e4sident forderte die Politik auf, wieder mehr auf das Demokratie-Verst\u00e4ndnis der B\u00fcrger zu achten. \u201eSachorientiert debattieren, Position beziehen, f\u00fchren, entscheiden \u2013 das sei der Auftrag an die Politik\u201c, so Kirchhoff. Zuletzt seien viel zu viele Entscheidungen herausgez\u00f6gert, an die B\u00fcrger zur\u00fcckdelegiert oder sogar nicht mehr getroffen worden. Auch Politiker m\u00fcssten wieder das richtige Grundempfinden f\u00fcr demokratische Prozesse vorleben. \u201eB\u00fcrgerbeteiligung ja, aber nach festen Regeln und ohne Endlos-Debatte\u201c, erkl\u00e4rte Kirchhoff. Und dann m\u00fcsse im Interesse der Gesamtheit entschieden werden.<\/p>\n","protected":false},"excerpt":{"rendered":"<p>Mit ihrem neuen Blog \u201eKlartext im Westen \u2013 Der NRW-Wirtschaftsblog\u201c will die Landesvereinigung der Unternehmensverb\u00e4nde Nordrhein-Westfalen (unternehmer nrw) die wirtschaftspolitische Debatte im Land zus\u00e4tzlich beleben&#8230;.<\/p>\n","protected":false},"author":2,"featured_media":5424,"comment_status":"open","ping_status":"open","sticky":false,"template":"","format":"standard","meta":{"_jetpack_memberships_contains_paid_content":false,"footnotes":""},"categories":[1,32,11],"tags":[],"class_list":["post-5423","post","type-post","status-publish","format-standard","has-post-thumbnail","hentry","category-aktuell","category-infos","category-regionale-wirtschaft"],"jetpack_featured_media_url":"https:\/\/www.vdsm.net\/wronline\/wp-content\/uploads\/2017\/01\/Kirchhoff-4-676x489.jpg","jetpack_sharing_enabled":true,"_links":{"self":[{"href":"https:\/\/www.vdsm.net\/wronline\/wp-json\/wp\/v2\/posts\/5423","targetHints":{"allow":["GET"]}}],"collection":[{"href":"https:\/\/www.vdsm.net\/wronline\/wp-json\/wp\/v2\/posts"}],"about":[{"href":"https:\/\/www.vdsm.net\/wronline\/wp-json\/wp\/v2\/types\/post"}],"author":[{"embeddable":true,"href":"https:\/\/www.vdsm.net\/wronline\/wp-json\/wp\/v2\/users\/2"}],"replies":[{"embeddable":true,"href":"https:\/\/www.vdsm.net\/wronline\/wp-json\/wp\/v2\/comments?post=5423"}],"version-history":[{"count":1,"href":"https:\/\/www.vdsm.net\/wronline\/wp-json\/wp\/v2\/posts\/5423\/revisions"}],"predecessor-version":[{"id":5425,"href":"https:\/\/www.vdsm.net\/wronline\/wp-json\/wp\/v2\/posts\/5423\/revisions\/5425"}],"wp:featuredmedia":[{"embeddable":true,"href":"https:\/\/www.vdsm.net\/wronline\/wp-json\/wp\/v2\/media\/5424"}],"wp:attachment":[{"href":"https:\/\/www.vdsm.net\/wronline\/wp-json\/wp\/v2\/media?parent=5423"}],"wp:term":[{"taxonomy":"category","embeddable":true,"href":"https:\/\/www.vdsm.net\/wronline\/wp-json\/wp\/v2\/categories?post=5423"},{"taxonomy":"post_tag","embeddable":true,"href":"https:\/\/www.vdsm.net\/wronline\/wp-json\/wp\/v2\/tags?post=5423"}],"curies":[{"name":"wp","href":"https:\/\/api.w.org\/{rel}","templated":true}]}}