{"id":5354,"date":"2017-01-06T09:19:27","date_gmt":"2017-01-06T08:19:27","guid":{"rendered":"http:\/\/www.vdsm.net\/wronline\/?p=5354"},"modified":"2017-01-06T09:19:27","modified_gmt":"2017-01-06T08:19:27","slug":"befristete-teilzeit-ist-der-falsche-weg","status":"publish","type":"post","link":"https:\/\/www.vdsm.net\/wronline\/befristete-teilzeit-ist-der-falsche-weg\/","title":{"rendered":"Befristete Teilzeit ist der falsche Weg"},"content":{"rendered":"<p><strong>Metallarbeitgeber kritisieren Pl\u00e4ne des Bundesarbeitsministeriums &#8211;<\/strong><\/p>\n<p>\u201eEs ist doch mehr als erstaunlich, dass eine Politikerin wie Bundesarbeitsministerin Andrea Nahles, die noch nie in der freien Wirtschaft verantwortlich t\u00e4tig gewesen ist, den Unternehmen in diesem Lande immer wieder neue Regeln und Verordnungen auferlegt, die sich letztlich negativ auf die Wettbewerbsf\u00e4higkeit auswirken und trotzdem meint, dies w\u00fcrde den Wirtschaftsstandort Deutschland st\u00e4rken.\u201c Dr. Thorsten Doublet, Gesch\u00e4ftsf\u00fchrer des VdSM Verband der Siegerl\u00e4nder Metallindustriellen e.V., kritisiert aktuell vor allem die Pl\u00e4ne des Bundesarbeitsministeriums f\u00fcr ein zeitlich begrenztes Recht auf Teilzeitarbeit.<\/p>\n<p>Ziel des Gesetzentwurfs ist die Einf\u00fchrung eines Anspruchs auf zeitlich begrenzte Teilzeitarbeit. F\u00fcr Besch\u00e4ftigte, die so ihre Arbeitszeit verringern m\u00f6chten, soll sichergestellt werden, dass sie nach der Teilzeitphase wieder zur urspr\u00fcnglichen Arbeitszeit zur\u00fcckkehren k\u00f6nnen. Bisher gibt es nur einen Anspruch auf zeitlich unbegrenzte Teilzeitarbeit.<\/p>\n<p>\u201eDurch die vorgesehene Regelung des Ministeriums wird die befristete Teilzeit mit einem faktischen Anspruch auf vorzeitige R\u00fcckkehr in Vollzeit gekoppelt und so praktisch ausgehebelt. Dem Arbeitgeber wird zudem einseitig die volle Beweislast auferlegt, wenn der Wunsch des Arbeitnehmers auf vorzeitige R\u00fcckkehr in eine Vollzeitbesch\u00e4ftigung nicht umsetzbar ist\u201c, erg\u00e4nzt Dr. Thorsten Doublet. \u201eDaraus ergibt sich gerade f\u00fcr unsere kleinen und mittelst\u00e4ndischen Unternehmen ein unberechenbares Arbeitszeitroulette, das von den Personalabteilungen kaum mehr gesteuert werden kann. Der einseitige Anspruch auf eine befristete Teilzeitbesch\u00e4ftigung ist daher aus unserer Sicht die falsche Weichenstellung.\u201c<\/p>\n<p>Zudem drohe ein weiteres B\u00fcrokratiemonster, fern ab jeder betrieblichen Realit\u00e4t und Machbarkeit. Das Vorhaben widerspreche au\u00dferdem einer zeitgem\u00e4\u00dfen Auffassung von flexibler Arbeitsgestaltung. \u201eUnsere Unternehmen brauchen keine strikten Einheitsl\u00f6sungen, sondern individuelle, passgenaue Modelle und einen gesetzlichen Rahmen, der Bewegungsfreiheit erm\u00f6glicht. Dies l\u00e4sst sich durch partnerschaftliche L\u00f6sungen weitaus besser regeln, als durch enge rechtliche Vorgaben.\u201c<\/p>\n","protected":false},"excerpt":{"rendered":"<p>Metallarbeitgeber kritisieren Pl\u00e4ne des Bundesarbeitsministeriums &#8211; \u201eEs ist doch mehr als erstaunlich, dass eine Politikerin wie Bundesarbeitsministerin Andrea Nahles, die noch nie in der freien&#8230;<\/p>\n","protected":false},"author":2,"featured_media":5355,"comment_status":"open","ping_status":"open","sticky":false,"template":"","format":"standard","meta":{"_jetpack_memberships_contains_paid_content":false,"footnotes":""},"categories":[11],"tags":[],"class_list":["post-5354","post","type-post","status-publish","format-standard","has-post-thumbnail","hentry","category-regionale-wirtschaft"],"jetpack_featured_media_url":"https:\/\/www.vdsm.net\/wronline\/wp-content\/uploads\/2017\/01\/welding-1209208_1280.jpg","jetpack_sharing_enabled":true,"_links":{"self":[{"href":"https:\/\/www.vdsm.net\/wronline\/wp-json\/wp\/v2\/posts\/5354","targetHints":{"allow":["GET"]}}],"collection":[{"href":"https:\/\/www.vdsm.net\/wronline\/wp-json\/wp\/v2\/posts"}],"about":[{"href":"https:\/\/www.vdsm.net\/wronline\/wp-json\/wp\/v2\/types\/post"}],"author":[{"embeddable":true,"href":"https:\/\/www.vdsm.net\/wronline\/wp-json\/wp\/v2\/users\/2"}],"replies":[{"embeddable":true,"href":"https:\/\/www.vdsm.net\/wronline\/wp-json\/wp\/v2\/comments?post=5354"}],"version-history":[{"count":1,"href":"https:\/\/www.vdsm.net\/wronline\/wp-json\/wp\/v2\/posts\/5354\/revisions"}],"predecessor-version":[{"id":5356,"href":"https:\/\/www.vdsm.net\/wronline\/wp-json\/wp\/v2\/posts\/5354\/revisions\/5356"}],"wp:featuredmedia":[{"embeddable":true,"href":"https:\/\/www.vdsm.net\/wronline\/wp-json\/wp\/v2\/media\/5355"}],"wp:attachment":[{"href":"https:\/\/www.vdsm.net\/wronline\/wp-json\/wp\/v2\/media?parent=5354"}],"wp:term":[{"taxonomy":"category","embeddable":true,"href":"https:\/\/www.vdsm.net\/wronline\/wp-json\/wp\/v2\/categories?post=5354"},{"taxonomy":"post_tag","embeddable":true,"href":"https:\/\/www.vdsm.net\/wronline\/wp-json\/wp\/v2\/tags?post=5354"}],"curies":[{"name":"wp","href":"https:\/\/api.w.org\/{rel}","templated":true}]}}