{"id":5317,"date":"2017-01-02T08:22:45","date_gmt":"2017-01-02T07:22:45","guid":{"rendered":"http:\/\/www.vdsm.net\/wronline\/?p=5317"},"modified":"2017-01-02T08:22:45","modified_gmt":"2017-01-02T07:22:45","slug":"weichen-fuer-die-zukunft-der-region-gestellt","status":"publish","type":"post","link":"https:\/\/www.vdsm.net\/wronline\/weichen-fuer-die-zukunft-der-region-gestellt\/","title":{"rendered":"Weichen f\u00fcr die Zukunft der Region gestellt"},"content":{"rendered":"<p>Nach der strukturellen Neuausrichtung hat die S\u00fcdwestfalen Agentur im Jahr 2016 gleich mehrere inhaltlich Schwerpunkte gesetzt: Das Regionalmarketing mit dem Verein \u201eWirtschaft f\u00fcr S\u00fcdwestfalen\u201c, die Regionale Entwicklung mit dem Fokus auf Dorfentwicklung und Integration und die Entwicklung der \u201eVision S\u00fcdwestfalen 2030\u201c sowie die Bewerbung um eine weitere Regionale. Hubertus Winterberg, Gesch\u00e4ftsf\u00fchrer der S\u00fcdwestfalen Agentur GmbH, blickt auf ein intensives, f\u00fcr die Region richtungsweisendes Jahr zur\u00fcck.<b><\/p>\n<p><strong>Frage: Nach der Neuausrichtung in 2015 hatten Sie sich f\u00fcr das Jahr 2016 viel vorgenommen. Was waren die wichtigsten Projekte und Themen, die die S\u00fcdwestfalen Agentur im abgelaufenen Jahr besch\u00e4ftigt hat?<\/strong><\/b><\/p>\n<p><strong>Hubertus Winterberg:<\/strong> Die vergangenen Monate haben bewiesen, dass Struktur und Aufgabenprofil der S\u00fcdwestfalen Agentur in vielfacher Hinsicht tragen. Mehr als 70 Unternehmen wurden als Mitglieder des Vereins \u201eWirtschaft f\u00fcr S\u00fcdwestfalen\u201c neu hinzugewonnen. Sie konnten mit unserer Kampagne \u201eAttacke KMU\u201c f\u00fcr die Mehrwerte der Zusammenarbeit \u00fcberzeugt werden. Mehr als 240 Unternehmen Institutionen und Einzelpersonen tragen nun das s\u00fcdwestf\u00e4lische Regionalmarketing. Mit vielen Interessierten sind wir noch im Gespr\u00e4ch. Im Bereich Regionale Entwicklung bildete das Thema Integration im L\u00e4ndlichen Raum einen Baustein. Wichtig war f\u00fcr uns die Fortsetzung der Jugendkonferenz UTOPiA und die Zusammenarbeit mit den s\u00fcdwestf\u00e4lischen LEADER-Regionen. Mit der Praxisstudie \u201eDorf ist Energie(klug)\u201c haben wir ein sehr spannendes Projekt abschlie\u00dfen k\u00f6nnen. Diese Themen zeigen die Bandbreite des Gesch\u00e4ftsfeldes. Besonders pr\u00e4gend war allerdings der im Fr\u00fchjahr gestartete Prozess, eine &#8222;Vision S\u00fcdwestfalen 2030&#8220; zu formulieren. Die Art und Weise, wie konstruktiv und engagiert hierzu beim S\u00fcdwestfalen Forum in Meinerzhagen diskutiert wurde hatte besondere Qualit\u00e4t. Mit der S\u00fcdwestfalen-Bewerbung um die REGIONALE 2022 bzw. 2025 haben wir noch eins drauf gesetzt.<\/p>\n<p><strong>Frage: Stichwort Regionalmarketing: Warum ist der Zugewinn neuer Vereinsmitglieder f\u00fcr Sie so wichtig? <\/strong><\/p>\n<p><strong>Hubertus Winterberg:<\/strong> Der Verein \u201eWirtschaft f\u00fcr S\u00fcdwestfalen\u201c ist neben den f\u00fcnf Kreisen sechster Gesellschafter der S\u00fcdwestfalen Agentur GmbH. Er tr\u00e4gt im Wesentlichen das Regionalmarketing und bringt hierf\u00fcr die Gelder der Wirtschaft ein. Die Mitgliedsunternehmen haben erkannt, dass sich die Region S\u00fcdwestfalen profilieren muss. Sie sorgen daf\u00fcr, dass die Marke S\u00fcdwestfalen weiter gest\u00e4rkt wird. Allerdings erhalten Sie auch beachtliche Mehrwerte, die sie f\u00fcr sich und ihr Unternehmen nutzen k\u00f6nnen \u2013 angefangen von der Pr\u00e4sentation im Internet und auf Messen bis hin zum erstmals angebotenen Arbeitgeber-Marketing-Training.<\/p>\n<p><strong>Frage: Stichwort Regionale Entwicklung: Warum ist sie auch oder vor allem f\u00fcr den l\u00e4ndlichen Raum wichtig und welche Aufgaben ergeben sich f\u00fcr Sie als Agentur daraus?<\/strong><\/p>\n<p><strong>Hubertus Winterberg:<\/strong> Der l\u00e4ndliche Raum unterliegt seit Jahren starken strukturellen Ver\u00e4nderungen: Der demografische Wandel und die Anziehungskraft der Ballungsr\u00e4ume f\u00fcr junge Menschen sind dabei nur zwei Aspekte. Wir m\u00fcssen gemeinsam anpacken, damit neben der wirtschaftlichen St\u00e4rke nicht die Lebensqualit\u00e4t verloren geht. Wir sehen uns dabei als Impulsgeber, Initiator und Kooperationspartner verschiedenster Akteure. Der bundesweite Workshop \u201eIntegration als Chance f\u00fcr den l\u00e4ndlichen Raum\u201c, den wir mit der Deutschen Vernetzungsstelle f\u00fcr L\u00e4ndliche Entwicklung in Altena und Arnsberg durchgef\u00fchrt haben, ist daf\u00fcr ein Beispiel. Mit 100 Ehrenamtlichen, hauptamtlich T\u00e4tigen aus S\u00fcdwestfalen und ganz Deutschland, aber auch gut einem Dutzend Fl\u00fcchtlingen wurden Ideen, Beispiele und L\u00f6sungsans\u00e4tze erarbeitet, wie Zugewanderte in l\u00e4ndlichen Gegenden integriert und im Ort gehalten werden k\u00f6nnen. Am Ende standen greifbare Projektideen, die zum Teil in den Kreisen weitergedacht und umgesetzt wurden.<\/p>\n<p><strong>Frage: Auch in der \u00d6ffentlichkeit haben die Entwicklung der Vision 2030 und die Bewerbung um eine erneute Regionale besondere Aufmerksamkeit erlangt. Die Bewerbung wurde inzwischen eingereicht \u2013 wie geht es jetzt weiter? <\/strong><\/p>\n<p><strong>Hubertus Winterberg:<\/strong> Der Entwurf f\u00fcr eine \u201eVision S\u00fcdwestfalen 2030\u201c, die mit vielen Partnern und engagierten Menschen aus der Region entwickelt wurde, ist ein Grundsatzpapier, das die Frage beantwortet, wo die Reise der Region \u00fcberhaupt hingehen soll. Wir haben uns im breiten Konsens auf die wesentlichen Themen, Vorgehensweisen und Ziele verst\u00e4ndigt und zugleich die Herausforderungen und Chancen beschrieben. Insofern liegt es auf der Hand, dass dieses Konzept wesentlicher Bestandteil der Regionale-Bewerbung war, bei der wir die Digitalisierung als den Kern einer zukunftsf\u00e4higen Region herauskristallisiert haben. Die Bewerbung um die Regionale ist im \u00dcbrigen nicht nur ein strategischer Rahmen, sondern auch ein Fahrplan f\u00fcr die weitere Umsetzung der in der Vision formulierten Ziele S\u00fcdwestfalens f\u00fcr die kommenden Jahre. Anhand der S\u00fcdwestfalen-DNA \u2013 digital, nachhaltig, authentisch \u2013 werden wir die f\u00fcr die Region relevanten Themen aufgreifen und uns den Herausforderungen stellen. Die Bewerbung, die im breiten Konsens und dank des gro\u00dfen Engagements vieler Akteure und Unterst\u00fctzer in S\u00fcdwestfalen als schl\u00fcssiges Zukunftskonzept entstanden ist, hat auch Modellcharakter f\u00fcr ganz Nordrhein-Westfalen.<\/p>\n<p><strong>Frage: Vor einem Jahr wurde intensiv \u00fcber die politische Wahrnehmung Westfalens im Vergleich zu den Metropolen Rheinland und Ruhrgebiet diskutiert. Wie hat sich das Thema &#8211; auch mit Blick auf die Landtagswahl &#8211; aus Ihrer Sicht entwickelt?<\/strong><\/p>\n<p><strong>Hubertus Winterberg:<\/strong> Der neue Landesentwicklungsplan spricht nun nicht mehr nur von den Metropolen sondern auch von den mittelstandsgepr\u00e4gten Regionen OWL, M\u00fcnsterland und S\u00fcdwestfalen. Es ist gut, dass entsprechende Hinweise aufgenommen wurden. Die Diskussion zeigt aber auch, wie wichtig eine \u00fcberregionale Vernetzung ist. Wir intensivieren deshalb nicht nur die Zusammenarbeit mit M\u00fcnsterland und Ostwestfalen-Lippe. Im Schulterschluss mit allen acht Regionen in NRW treten wir geschlossen auf und suchen den Dialog mit den Akteuren auf Landesebene. Ende M\u00e4rz findet hierzu der n\u00e4chste Fr\u00fchjahrsempfang der Regionen im Landtag statt. Wichtig wird \u2013 gerade nach der Landtagswahl im Mai \u2013 der Dialog der Regionen in NRW mit der dann gew\u00e4hlten Landesregierung sein.<\/p>\n<p><strong>Frage: Ein Blick nach vorn: Welche Schwerpunkte werden Sie im Jahr 2017 setzen? <\/strong><\/p>\n<p style=\"margin-bottom: 12.0pt;\"><strong>Hubertus Winterberg: <\/strong>Zun\u00e4chst werden wir uns intensiv auf die Bereisung der Regionale-Jury im Februar vorbereiten, um authentisch zu zeigen, welchen Stellenwert eine erneute Regionale nicht nur f\u00fcr S\u00fcdwestfalen hat. Wir wollen Modellraum f\u00fcr NRW sein und aufzeigen, wie die Chancen der Digitalisierung mit und f\u00fcr die Menschen genutzt werden k\u00f6nnen. Danach h\u00e4ngt nat\u00fcrlich sehr viel von der Entscheidung ab, die voraussichtlich im April gef\u00e4llt wird. Mit der Jugendkonferenz \u201eUTOPiA\u201c werden wir ab 2017 bundesweit Modellregion f\u00fcr den Zukunftsdialog mit der jungen Generation und mit Bundesf\u00f6rderung deren Ideen umsetzen. Im Gesch\u00e4ftsfeld Regionalmarketing wollen wir den positiven Trend fortsetzen und weitere Projekte auf den Weg bringen, mit der wir die Marke S\u00fcdwestfalen st\u00e4rken. Dazu geh\u00f6rt etwa die Entwicklung einer eigenen Bildsprache in Kooperation mit den Kollegen von Sauerland-Tourismus und Touristikverband Siegerland-Wittgenstein, aber auch das Projekt \u201ePERSPEKTIVE\u201c, bei dem wir an Schulen und Hochschulen f\u00fcr die Region werben werden. Zudem sind wir in Gespr\u00e4chen, um im Ruhrgebiet auf den \u201estarken Nachbarn S\u00fcdwestfalen\u201c aufmerksam zu machen. Ich freue mich auf ein intensives und spannendes 2017.<\/p>\n","protected":false},"excerpt":{"rendered":"<p>Nach der strukturellen Neuausrichtung hat die S\u00fcdwestfalen Agentur im Jahr 2016 gleich mehrere inhaltlich Schwerpunkte gesetzt: Das Regionalmarketing mit dem Verein \u201eWirtschaft f\u00fcr S\u00fcdwestfalen\u201c, die&#8230;<\/p>\n","protected":false},"author":2,"featured_media":5318,"comment_status":"open","ping_status":"open","sticky":false,"template":"","format":"standard","meta":{"_jetpack_memberships_contains_paid_content":false,"footnotes":""},"categories":[30,11],"tags":[],"class_list":["post-5317","post","type-post","status-publish","format-standard","has-post-thumbnail","hentry","category-vermischtes","category-regionale-wirtschaft"],"jetpack_featured_media_url":"https:\/\/www.vdsm.net\/wronline\/wp-content\/uploads\/2017\/01\/Jahresinterview_2016_Presse.jpg","jetpack_sharing_enabled":true,"_links":{"self":[{"href":"https:\/\/www.vdsm.net\/wronline\/wp-json\/wp\/v2\/posts\/5317","targetHints":{"allow":["GET"]}}],"collection":[{"href":"https:\/\/www.vdsm.net\/wronline\/wp-json\/wp\/v2\/posts"}],"about":[{"href":"https:\/\/www.vdsm.net\/wronline\/wp-json\/wp\/v2\/types\/post"}],"author":[{"embeddable":true,"href":"https:\/\/www.vdsm.net\/wronline\/wp-json\/wp\/v2\/users\/2"}],"replies":[{"embeddable":true,"href":"https:\/\/www.vdsm.net\/wronline\/wp-json\/wp\/v2\/comments?post=5317"}],"version-history":[{"count":1,"href":"https:\/\/www.vdsm.net\/wronline\/wp-json\/wp\/v2\/posts\/5317\/revisions"}],"predecessor-version":[{"id":5319,"href":"https:\/\/www.vdsm.net\/wronline\/wp-json\/wp\/v2\/posts\/5317\/revisions\/5319"}],"wp:featuredmedia":[{"embeddable":true,"href":"https:\/\/www.vdsm.net\/wronline\/wp-json\/wp\/v2\/media\/5318"}],"wp:attachment":[{"href":"https:\/\/www.vdsm.net\/wronline\/wp-json\/wp\/v2\/media?parent=5317"}],"wp:term":[{"taxonomy":"category","embeddable":true,"href":"https:\/\/www.vdsm.net\/wronline\/wp-json\/wp\/v2\/categories?post=5317"},{"taxonomy":"post_tag","embeddable":true,"href":"https:\/\/www.vdsm.net\/wronline\/wp-json\/wp\/v2\/tags?post=5317"}],"curies":[{"name":"wp","href":"https:\/\/api.w.org\/{rel}","templated":true}]}}