{"id":5310,"date":"2016-12-28T08:22:31","date_gmt":"2016-12-28T07:22:31","guid":{"rendered":"http:\/\/www.vdsm.net\/wronline\/?p=5310"},"modified":"2016-12-28T08:22:31","modified_gmt":"2016-12-28T07:22:31","slug":"neues-jahr-neuer-start","status":"publish","type":"post","link":"https:\/\/www.vdsm.net\/wronline\/neues-jahr-neuer-start\/","title":{"rendered":"Neues Jahr, neuer Start"},"content":{"rendered":"<p>Neues Jahr, neuer Start? Wer sich mit dem Gedanken tr\u00e4gt, sich selbst\u00e4ndig zu machen oder sein Gesch\u00e4ft zu erweitern, kann sich zu Jahresbeginn gleich bei zwei Veranstaltungen in der Industrie- und Handelskammer Siegen (IHK) informieren. Am Freitag, 06.Januar 2017, gibt es zun\u00e4chst geballte Informationen f\u00fcr Einsteiger. Das \u201eBasisseminar f\u00fcr Existenzgr\u00fcnder\/-innen\u201c beantwortet viele Fragen, denn eine gute Idee allein reicht leider oft nicht aus. Gr\u00fcnder m\u00fcssen auf vieles achten, um von Anfang an auf Erfolgskurs zu sein. Was ist zu tun? Wer muss informiert werden? Wie wird aus einer tollen Idee ein gutes Gesch\u00e4ftskonzept? In den Blick genommen werden die Unternehmerpers\u00f6nlichkeit und das Unternehmenskonzept. Rechtliche Aspekte werden ebenso bearbeitet wie die Fragen der Teilnehmer. Gr\u00fcnder lernen, die Marktchancen der Gesch\u00e4ftsidee und ihr Finanzierungskonzept auf Herz und Nieren zu pr\u00fcfen und erhalten Anhaltspunkte f\u00fcr Verbesserungen, notwendige Schritte und Hilfestellungen.<\/p>\n<p>Am Donnerstag, 11.Januar 2017, findet dar\u00fcber hinaus ein weiterer F\u00f6rdersprechtag statt. F\u00f6rderberater der NRW.BANK und der B\u00fcrgschaftsbank NRW stehen f\u00fcr Gespr\u00e4che zur Verf\u00fcgung und helfen bei der individuellen Auswahl von F\u00f6rderinstrumenten des Bundes und des Landes NRW f\u00fcr die Existenzgr\u00fcndung, bei der Unternehmensnachfolge oder auch \u2013erweiterung. Deshalb ist eine telefonische Voranmeldung zur Terminvergabe unbedingt erforderlich!<\/p>\n<p>Beide Veranstaltungen finden in der IHK Siegen, Koblenzer Stra\u00dfe 121, 57072 Siegen statt. Interessenten melden sich bitte online \u00fcber <a href=\"http:\/\/www.ihk-siegen.de\" target=\"_blank\" rel=\"noopener\">www.ihk-siegen.de<\/a> oder bei Frau Dorothee Knester, (Tel. 0271 \/ 3302-133 bzw. <a href=\"mailto:dorothee.knester@siegen.ihk.de\" target=\"_blank\">dorothee.knester@siegen.ihk.de<\/a>) an.<\/p>\n<p>Die IHK Siegen ist Mitglied bei &#8222;Startpunkt 57&#8220;. Die Initiative f\u00fcr Gr\u00fcnder ist ein Zusammenschluss zahlreicher Unternehmen und Institutionen aus der Region Siegen-Wittgenstein zur F\u00f6rderung von Existenzgr\u00fcndern. Weitere Informationen zu Existenzgr\u00fcndung und Selbstst\u00e4ndigkeit gibt es unter <a href=\"http:\/\/www.ihk-siegen.de\" target=\"_blank\" rel=\"noopener\">www.ihk-siegen.de<\/a> und <a href=\"http:\/\/www.startpunkt57.de\" target=\"_blank\" rel=\"noopener\">www.startpunkt57.de<\/a> .<\/p>\n","protected":false},"excerpt":{"rendered":"<p>Neues Jahr, neuer Start? Wer sich mit dem Gedanken tr\u00e4gt, sich selbst\u00e4ndig zu machen oder sein Gesch\u00e4ft zu erweitern, kann sich zu Jahresbeginn gleich bei&#8230;<\/p>\n","protected":false},"author":2,"featured_media":4018,"comment_status":"open","ping_status":"open","sticky":false,"template":"","format":"standard","meta":{"_jetpack_memberships_contains_paid_content":false,"footnotes":""},"categories":[32,34],"tags":[],"class_list":["post-5310","post","type-post","status-publish","format-standard","has-post-thumbnail","hentry","category-infos","category-termine"],"jetpack_featured_media_url":"https:\/\/www.vdsm.net\/wronline\/wp-content\/uploads\/2016\/06\/wronline-ihk.jpg","jetpack_sharing_enabled":true,"_links":{"self":[{"href":"https:\/\/www.vdsm.net\/wronline\/wp-json\/wp\/v2\/posts\/5310","targetHints":{"allow":["GET"]}}],"collection":[{"href":"https:\/\/www.vdsm.net\/wronline\/wp-json\/wp\/v2\/posts"}],"about":[{"href":"https:\/\/www.vdsm.net\/wronline\/wp-json\/wp\/v2\/types\/post"}],"author":[{"embeddable":true,"href":"https:\/\/www.vdsm.net\/wronline\/wp-json\/wp\/v2\/users\/2"}],"replies":[{"embeddable":true,"href":"https:\/\/www.vdsm.net\/wronline\/wp-json\/wp\/v2\/comments?post=5310"}],"version-history":[{"count":2,"href":"https:\/\/www.vdsm.net\/wronline\/wp-json\/wp\/v2\/posts\/5310\/revisions"}],"predecessor-version":[{"id":5312,"href":"https:\/\/www.vdsm.net\/wronline\/wp-json\/wp\/v2\/posts\/5310\/revisions\/5312"}],"wp:featuredmedia":[{"embeddable":true,"href":"https:\/\/www.vdsm.net\/wronline\/wp-json\/wp\/v2\/media\/4018"}],"wp:attachment":[{"href":"https:\/\/www.vdsm.net\/wronline\/wp-json\/wp\/v2\/media?parent=5310"}],"wp:term":[{"taxonomy":"category","embeddable":true,"href":"https:\/\/www.vdsm.net\/wronline\/wp-json\/wp\/v2\/categories?post=5310"},{"taxonomy":"post_tag","embeddable":true,"href":"https:\/\/www.vdsm.net\/wronline\/wp-json\/wp\/v2\/tags?post=5310"}],"curies":[{"name":"wp","href":"https:\/\/api.w.org\/{rel}","templated":true}]}}