{"id":5282,"date":"2016-12-21T11:32:59","date_gmt":"2016-12-21T10:32:59","guid":{"rendered":"http:\/\/www.vdsm.net\/wronline\/?p=5282"},"modified":"2016-12-21T11:32:59","modified_gmt":"2016-12-21T10:32:59","slug":"aus-gefangenen-wurden-studierende","status":"publish","type":"post","link":"https:\/\/www.vdsm.net\/wronline\/aus-gefangenen-wurden-studierende\/","title":{"rendered":"Aus Gefangenen wurden Studierende"},"content":{"rendered":"<p>15 Jahre lang war die Justizvollzugsanstalt im Unteren Schloss in Siegen sein zweites Zuhause. Als Krankenpfleger und Justizvollzugsbeamter kannte R\u00fcdiger Zimmermann alle Zellen in- und auswendig. Wenn Zimmermann heute ins Untere Schloss kommt, sind die eisernen, verriegelten Tore und Sicherheitskontrollen f\u00fcr Besucher verschwunden. Heute geht er einfach durch die automatische Glast\u00fcr ins Foyer der Uni-Teilbibliothek und wird von MitarbeiterInnen gegr\u00fc\u00dft. Die kennen ihn, weil er oft vorbeikommt.<\/p>\n<div id=\"attachment_5284\" style=\"width: 287px\" class=\"wp-caption alignleft\"><a href=\"http:\/\/www.vdsm.net\/wronline\/wp-content\/uploads\/2016\/12\/03tuer_jetzt.jpg\"><img loading=\"lazy\" decoding=\"async\" aria-describedby=\"caption-attachment-5284\" class=\"size-medium wp-image-5284\" src=\"http:\/\/www.vdsm.net\/wronline\/wp-content\/uploads\/2016\/12\/03tuer_jetzt-277x300.jpg\" alt=\"\" width=\"277\" height=\"300\" srcset=\"https:\/\/www.vdsm.net\/wronline\/wp-content\/uploads\/2016\/12\/03tuer_jetzt-277x300.jpg 277w, https:\/\/www.vdsm.net\/wronline\/wp-content\/uploads\/2016\/12\/03tuer_jetzt-768x832.jpg 768w, https:\/\/www.vdsm.net\/wronline\/wp-content\/uploads\/2016\/12\/03tuer_jetzt.jpg 777w\" sizes=\"auto, (max-width: 277px) 100vw, 277px\" \/><\/a><p id=\"caption-attachment-5284\" class=\"wp-caption-text\">Die gr\u00fcne Zellent\u00fcr mit Riegel und Spion erinnert heute noch an die JVA-Vergangenheit des Geb\u00e4udes. (Foto: Universit\u00e4t Siegen)<\/p><\/div>\n<p>An einem kalten Novembertag trifft er sich mit Marion Stahl-Scholz, Leiterin der Teilbibliothek der Fakult\u00e4t III (Wirtschaftswissenschaften, Wirtschaftsinformatik und Wirtschaftsrecht). Die beiden sitzen im Besprechungsraum. Im Hintergrund erinnert eine gr\u00fcne Gef\u00e4ngnist\u00fcr mit Riegel und Spion an die JVA-Vergangenheit. Der Besprechungsraum war fr\u00fcher eine Viererzelle. \u201eDie Erz\u00e4hlungen erwecken f\u00fcr uns die Vergangenheit zum Leben und machen uns erst richtig bewusst, was f\u00fcr einen besonderen Arbeitsplatz wir hier haben\u201c, sagt Stahl-Scholz.<\/p>\n<p>Sie und ihre KollegInnen haben im Erdgeschoss eine verschlossene T\u00fcr entdeckt, hinter der eine Treppe in einen dunklen, kalten Steinkeller f\u00fchrt. \u201eWir wissen, dass wir dort nicht runtergehen d\u00fcrfen, aber wir haben keine Ahnung, was dort fr\u00fcher mal war\u201c, sagt sie zu Zimmermann. \u201eIm Kollegenkreis haben wir schon spekuliert, ob da die Gefangenen rein mussten, die sich schlecht benommen haben.\u201c Zimmermann gibt Entwarnung: \u201eDas war nur der Kartoffelkeller. Kartoffeln m\u00fcssen doch dunkel und k\u00fchl gelagert werden.\u201c<\/p>\n<p>Gleich am Tag der Er\u00f6ffnung am 1. August 2016 schaute der geb\u00fcrtige Siegener R\u00fcdiger Zimmermann zum ersten Mal in dem Geb\u00e4ude vorbei, das lange sein Arbeitsplatz gewesen war. Als er die neue Bibliothek betrat, war das f\u00fcr den ehemaligen JVA-Mitarbeiter seltsam. \u201eIch habe kaum etwas wiedererkannt und hatte Orientierungsst\u00f6rungen.\u201c Einige Geb\u00e4udeteile sind abgerissen, andere komplett saniert. Im G\u00e4stebuch hinterlie\u00df er einen Eintrag mit der Zeile \u201eGru\u00df vom Kerkermeister\u201c. \u201eIch bin begeistert, was man aus einem so alten Geb\u00e4ude machen kann. Das h\u00e4tten wir uns damals f\u00fcr die JVA auch gew\u00fcnscht.\u201c<\/p>\n<p>Damals, das hei\u00dft: eine Toilette f\u00fcr 40 JVA-Besch\u00e4ftigte und nur eine Treppe, kein Aufzug. \u201e\u00dcber die enge Wendeltreppe mussten die Gefangenen riesige Eimer mit Essen nach oben in die Zellen bringen. Wenn sie bockig waren, lie\u00dfen sie auch mal einen Eimer im Treppenhaus fallen, um uns W\u00e4rter zu \u00e4rgern\u201c, erz\u00e4hlt Zimmermann. Die Treppe von damals gibt es noch immer, heute laufen dort Studierende mit blauen B\u00fccherk\u00f6rben hinauf. Die Pforte von damals ist jetzt ein Druckerraum. In der alten Turnhalle reihen sich B\u00fccherregale aneinander.<\/p>\n<p>F\u00fcr Zimmermann ist die Universit\u00e4t viel greifbarer geworden, seitdem sie in die Innenstadt gezogen ist. \u201eZum Haardter Berg habe ich kaum Ber\u00fchrungspunkte gehabt\u201c, erz\u00e4hlt er. Stahl-Scholz hat \u00e4hnliche Erfahrungen gemacht. \u201eViele B\u00fcrgerInnen und sogar Touristen kommen vorbei und sind neugierig, was sie im Schloss erwartet\u201c, erz\u00e4hlt die Leiterin der Teilbibliothek. \u201eViele von ihnen wollen sich nur mal umgucken, und sind \u00fcberrascht, dass hinter der altehrw\u00fcrdigen Fassade so ein modern gestaltetes Innenleben auf sie wartet.\u201c Schade findet sie, dass es nicht, wie geplant, eine Museumszelle gibt. \u201eWir haben fest damit gerechnet, dass eine Zelle mit der urspr\u00fcnglichen M\u00f6blierung erhalten bleibt. F\u00fcr die JVA-Mitarbeiter w\u00e4re das toll gewesen als Andenken, f\u00fcr die Studierenden spannend, um die Vergangenheit greifbarer zu machen.\u201c<\/p>\n<p>Besonders erstaunlich findet Stahl-Scholz, dass sie als Siegenerin die JVA fr\u00fcher nie wahrgenommen hat. Auf dem Schlossplatz gab es das Public Viewing, den Weihnachtsmarkt und Konzerte, zum Beispiel von Udo J\u00fcrgens. \u201eIch habe nie dar\u00fcber nachgedacht, dass ein paar Meter weiter Gefangene in ihren Zellen sa\u00dfen.\u201c Zimmermann kann sich besonders an die Konzerte noch lebhaft erinnern: \u201eMan h\u00f6rte die Musik bis in die letzte Zelle im Knast. Klar, hat da mal der eine oder andere gemeckert, dass er statt Udo J\u00fcrgens lieber das russische Kalinka-Lied h\u00f6ren will, aber ernsthafte Beschwerden gab es nie.\u201c<\/p>\n<p>Text:\u00a0Nora Frei<\/p>\n","protected":false},"excerpt":{"rendered":"<p>15 Jahre lang war die Justizvollzugsanstalt im Unteren Schloss in Siegen sein zweites Zuhause. Als Krankenpfleger und Justizvollzugsbeamter kannte R\u00fcdiger Zimmermann alle Zellen in- und&#8230;<\/p>\n","protected":false},"author":2,"featured_media":5283,"comment_status":"open","ping_status":"open","sticky":false,"template":"","format":"standard","meta":{"_jetpack_memberships_contains_paid_content":false,"footnotes":""},"categories":[1,8,30],"tags":[],"class_list":["post-5282","post","type-post","status-publish","format-standard","has-post-thumbnail","hentry","category-aktuell","category-ausbildung","category-vermischtes"],"jetpack_featured_media_url":"https:\/\/www.vdsm.net\/wronline\/wp-content\/uploads\/2016\/12\/04turnhalle_jetzt.jpg","jetpack_sharing_enabled":true,"_links":{"self":[{"href":"https:\/\/www.vdsm.net\/wronline\/wp-json\/wp\/v2\/posts\/5282","targetHints":{"allow":["GET"]}}],"collection":[{"href":"https:\/\/www.vdsm.net\/wronline\/wp-json\/wp\/v2\/posts"}],"about":[{"href":"https:\/\/www.vdsm.net\/wronline\/wp-json\/wp\/v2\/types\/post"}],"author":[{"embeddable":true,"href":"https:\/\/www.vdsm.net\/wronline\/wp-json\/wp\/v2\/users\/2"}],"replies":[{"embeddable":true,"href":"https:\/\/www.vdsm.net\/wronline\/wp-json\/wp\/v2\/comments?post=5282"}],"version-history":[{"count":2,"href":"https:\/\/www.vdsm.net\/wronline\/wp-json\/wp\/v2\/posts\/5282\/revisions"}],"predecessor-version":[{"id":5286,"href":"https:\/\/www.vdsm.net\/wronline\/wp-json\/wp\/v2\/posts\/5282\/revisions\/5286"}],"wp:featuredmedia":[{"embeddable":true,"href":"https:\/\/www.vdsm.net\/wronline\/wp-json\/wp\/v2\/media\/5283"}],"wp:attachment":[{"href":"https:\/\/www.vdsm.net\/wronline\/wp-json\/wp\/v2\/media?parent=5282"}],"wp:term":[{"taxonomy":"category","embeddable":true,"href":"https:\/\/www.vdsm.net\/wronline\/wp-json\/wp\/v2\/categories?post=5282"},{"taxonomy":"post_tag","embeddable":true,"href":"https:\/\/www.vdsm.net\/wronline\/wp-json\/wp\/v2\/tags?post=5282"}],"curies":[{"name":"wp","href":"https:\/\/api.w.org\/{rel}","templated":true}]}}