{"id":489,"date":"2012-03-12T10:14:55","date_gmt":"2012-03-12T09:14:55","guid":{"rendered":"http:\/\/www.vdsm.net\/wronline\/?p=489"},"modified":"2012-03-12T10:14:55","modified_gmt":"2012-03-12T09:14:55","slug":"jobcenter-kreis-siegen-wittgenstein-unter-neuer-leitung","status":"publish","type":"post","link":"https:\/\/www.vdsm.net\/wronline\/jobcenter-kreis-siegen-wittgenstein-unter-neuer-leitung\/","title":{"rendered":"Jobcenter Kreis Siegen-Wittgenstein unter neuer Leitung"},"content":{"rendered":"<p><a href=\"http:\/\/www.vdsm.net\/wronline\/wp-content\/uploads\/2012\/03\/Presseinfo_24-2012_JC.jpg\"><img loading=\"lazy\" decoding=\"async\" class=\"alignleft size-full wp-image-490\" title=\"Klaus Fenster\" src=\"http:\/\/www.vdsm.net\/wronline\/wp-content\/uploads\/2012\/03\/Presseinfo_24-2012_JC.jpg\" alt=\"\" width=\"150\" height=\"147\" \/><\/a>Siegen, 12. M\u00e4rz 2012. Am 1. M\u00e4rz 2012 hat Klaus Fenster die Position des Gesch\u00e4ftsf\u00fchrers des Jobcenters Kreis Siegen-Wittgenstein angetreten. Er folgt in dieser Funktion Michael Sch\u00e4fer, der seit dem 01. Januar 2012 eine neue Aufgabe bei dem Kreis Siegen-Wittgenstein wahrnimmt.<\/p>\n<p>Der 51-j\u00e4hrige geb\u00fcrtige Siegener begann seine berufliche Laufbahn bei der Bundesagentur f\u00fcr Arbeit 1993 als Leiter der Berufsberatung im damaligen Arbeitsamt Siegen. Dem schlossen sich ab 2003 F\u00fchrungsaufgaben in den Agenturen Bergisch Gladbach, Hagen und K\u00f6ln an. Bereits 2004 \u00a0war der Jurist als Gesch\u00e4ftsf\u00fchrer Personal und Finanzen in Bergisch Gladbach f\u00fcr den Aufbau der damaligen Arbeitsgemeinschaften (ARGEn) mit verantwortlich.<\/p>\n<p>Ich freue mich auf die neue Herausforderung im Jobcenter Kreis Siegen-Wittgenstein. Unsere Kunden sollen noch st\u00e4rker von der positiven regionalen Arbeitsmarktsituation profitieren. Gemeinsam mit meinen Mitarbeiterinnen und Mitarbeitern m\u00f6chte ich die Potenziale der Menschen entdecken, aktivieren und den Sprung zur\u00fcck in die Berufswelt erfolgreich begleiten. Zusammen mit den Akteuren am Arbeitsmarkt sind wir gefordert, f\u00fcr die Fachkr\u00e4ftesicherung in unserer Region an einem Strang zu ziehen&#8220;, so Fenster.<\/p>\n<p>Tr\u00e4ger des Jobcenters sind der Kreis Siegen-Wittgenstein und die Agentur f\u00fcr Arbeit Siegen. \u201eWir w\u00fcnschen Herrn Fenster und auch Herrn Otto &#8211; als stellvertretenden Gesch\u00e4ftsf\u00fchrer &#8211; viel Erfolg und Freude an den neuen Aufgaben\u201c, so Dr. Bettina Wolf, Leiterin der Arbeitsagentur Siegen und Paul Breuer, Landrat des Kreises Siegen-Wittgenstein.<\/p>\n","protected":false},"excerpt":{"rendered":"<p>Siegen, 12. M\u00e4rz 2012. Am 1. M\u00e4rz 2012 hat Klaus Fenster die Position des Gesch\u00e4ftsf\u00fchrers des Jobcenters Kreis Siegen-Wittgenstein angetreten. Er folgt in dieser Funktion&#8230;<\/p>\n","protected":false},"author":2,"featured_media":490,"comment_status":"open","ping_status":"open","sticky":false,"template":"","format":"standard","meta":{"_jetpack_memberships_contains_paid_content":false,"footnotes":""},"categories":[16],"tags":[],"class_list":["post-489","post","type-post","status-publish","format-standard","has-post-thumbnail","hentry","category-arbeitsmarkt"],"jetpack_featured_media_url":"https:\/\/www.vdsm.net\/wronline\/wp-content\/uploads\/2012\/03\/Presseinfo_24-2012_JC.jpg","jetpack_sharing_enabled":true,"_links":{"self":[{"href":"https:\/\/www.vdsm.net\/wronline\/wp-json\/wp\/v2\/posts\/489","targetHints":{"allow":["GET"]}}],"collection":[{"href":"https:\/\/www.vdsm.net\/wronline\/wp-json\/wp\/v2\/posts"}],"about":[{"href":"https:\/\/www.vdsm.net\/wronline\/wp-json\/wp\/v2\/types\/post"}],"author":[{"embeddable":true,"href":"https:\/\/www.vdsm.net\/wronline\/wp-json\/wp\/v2\/users\/2"}],"replies":[{"embeddable":true,"href":"https:\/\/www.vdsm.net\/wronline\/wp-json\/wp\/v2\/comments?post=489"}],"version-history":[{"count":1,"href":"https:\/\/www.vdsm.net\/wronline\/wp-json\/wp\/v2\/posts\/489\/revisions"}],"predecessor-version":[{"id":491,"href":"https:\/\/www.vdsm.net\/wronline\/wp-json\/wp\/v2\/posts\/489\/revisions\/491"}],"wp:featuredmedia":[{"embeddable":true,"href":"https:\/\/www.vdsm.net\/wronline\/wp-json\/wp\/v2\/media\/490"}],"wp:attachment":[{"href":"https:\/\/www.vdsm.net\/wronline\/wp-json\/wp\/v2\/media?parent=489"}],"wp:term":[{"taxonomy":"category","embeddable":true,"href":"https:\/\/www.vdsm.net\/wronline\/wp-json\/wp\/v2\/categories?post=489"},{"taxonomy":"post_tag","embeddable":true,"href":"https:\/\/www.vdsm.net\/wronline\/wp-json\/wp\/v2\/tags?post=489"}],"curies":[{"name":"wp","href":"https:\/\/api.w.org\/{rel}","templated":true}]}}