{"id":485,"date":"2012-03-12T10:11:10","date_gmt":"2012-03-12T09:11:10","guid":{"rendered":"http:\/\/www.vdsm.net\/wronline\/?p=485"},"modified":"2012-03-12T10:26:07","modified_gmt":"2012-03-12T09:26:07","slug":"universitaet-und-agentur-fuer-arbeit-siegen-nutzen-synergien","status":"publish","type":"post","link":"https:\/\/www.vdsm.net\/wronline\/universitaet-und-agentur-fuer-arbeit-siegen-nutzen-synergien\/","title":{"rendered":"Universit\u00e4t und Agentur f\u00fcr Arbeit Siegen nutzen Synergien"},"content":{"rendered":"<div id=\"attachment_493\" style=\"width: 348px\" class=\"wp-caption alignleft\"><a href=\"http:\/\/www.vdsm.net\/wronline\/wp-content\/uploads\/2012\/03\/Presseinfo_23-2012_Uni1.jpg\"><img loading=\"lazy\" decoding=\"async\" aria-describedby=\"caption-attachment-493\" class=\"size-full wp-image-493\" title=\"Rektor Prof. Dr. Holger Burckhart und Dr. Bettina Wolf, Leiterin der Agentur f\u00fcr Arbeit Siegen, unterzeichneten den Kooperationsvertrag. \" src=\"http:\/\/www.vdsm.net\/wronline\/wp-content\/uploads\/2012\/03\/Presseinfo_23-2012_Uni1.jpg\" alt=\"\" width=\"338\" height=\"269\" srcset=\"https:\/\/www.vdsm.net\/wronline\/wp-content\/uploads\/2012\/03\/Presseinfo_23-2012_Uni1.jpg 338w, https:\/\/www.vdsm.net\/wronline\/wp-content\/uploads\/2012\/03\/Presseinfo_23-2012_Uni1-300x238.jpg 300w\" sizes=\"auto, (max-width: 338px) 100vw, 338px\" \/><\/a><p id=\"caption-attachment-493\" class=\"wp-caption-text\">Rektor Prof. Dr. Holger Burckhart und Dr. Bettina Wolf, Leiterin der Agentur f\u00fcr Arbeit Siegen, unterzeichneten den Kooperationsvertrag.<\/p><\/div>\n<p>Siegen, 12. M\u00e4rz 2012. \u201eDie Universit\u00e4t Siegen hat eine besondere Bedeutung f\u00fcr unsere Region und die heimische Wirtschaft. Hier werden die hochqualifizierten Mitarbeiterinnen und Mitarbeiter von morgen ausgebildet, die wir so dringend ben\u00f6tigen. Damit der Studienwahl auch ein erfolgreicher Abschluss und der Sprung in die Berufswelt folgen kann, ist es ist wichtig, den jungen Frauen und M\u00e4nnern ein funktionierendes, transparentes Navigationssystem und Beratung f\u00fcr ihre Berufsorientierung anzubieten\u201c, betont Dr. Bettina Wolf, Leiterin der Agentur f\u00fcr Arbeit Siegen bei der heutigen Unterzeichnung des Kooperationsvertrages mit der heimischen Universit\u00e4t.<\/p>\n<p>Die Berufs- und Studienorientierung hat eine immer individuellere, gesellschaftliche und volkswirtschaftliche Bedeutung. Die Universit\u00e4t Siegen und die Arbeitsagentur Siegen verzahnen deshalb ihre Aktivit\u00e4ten zu einem optimalen Orientierungs- und Beratungsangebot f\u00fcr Studieninteressierte, Studierende, Absolventen und Akademiker &#8211; mit besonderem Fokus auf den \u00dcbergang von der Schule zur Hochschule. \u201eDieser Kooperationsvertrag ist eine Best\u00e4tigung und Weiterentwicklung unserer langj\u00e4hrigen Zusammenarbeit mit der Agentur f\u00fcr Arbeit Siegen. Sowohl f\u00fcr den Start in das Studium als auch f\u00fcr den Berufseinstieg und das Lebenslange Lernen ist die Arbeitsagentur ein wichtiger Partner f\u00fcr uns und unsere Studentinnen und Studenten. Derartige Service- und Beratungsleistungen sind ein Teil der immer wichtiger werdenden gesellschaftlichen Verantwortung von Universit\u00e4ten\u201c, so Univ.-Prof. Dr. Holger Burckhart, Rektor der Universit\u00e4t Siegen.<\/p>\n<p>Die Kooperationsvereinbarung setzt die \u201eRahmenvereinbarung zur Zusammenarbeit in der Studienorientierung\u201c &#8211; abgeschlossen zwischen dem Land Nordrhein-Westfalen, der Landesrektorenkonferenz der Fachhochschulen in NRW e.V., der Landesrektorenkonferenz der Universit\u00e4ten in NRW und der Regionaldirektion NRW der Bundesagentur f\u00fcr Arbeit &#8211; auf lokaler Ebene um. Es werden konkrete Ansprechpartnerinnen und Ansprechpartner vereinbart, gemeinsame Informationsangebote und Veranstaltungen f\u00fcr Sch\u00fclerinnen, Sch\u00fcler und Studierende. Weiterhin soll auch der regelm\u00e4\u00dfige Austausch \u00fcber aktuelle Entwicklungen gefestigt werden und vermehrt auf gegenseitige Fortbildung der Beraterinnen und Berater beider Institutionen gesetzt werden. \u201eDie Anforderungen an Wissensmanagement und Berufsorientierung haben und werden sich weiter durch die Globalisierung, den technologischen Fortschritt und die demographischen Trends erh\u00f6hen und verdichten. Mit der neuen Vereinbarung werden wir die Synergien unserer Aktivit\u00e4ten noch besser entdecken und nutzen k\u00f6nnen\u201c, sind sich der Rektor und die Arbeitsagentur-Chefin einig.<\/p>\n","protected":false},"excerpt":{"rendered":"<p>Siegen, 12. M\u00e4rz 2012. \u201eDie Universit\u00e4t Siegen hat eine besondere Bedeutung f\u00fcr unsere Region und die heimische Wirtschaft. Hier werden die hochqualifizierten Mitarbeiterinnen und Mitarbeiter&#8230;<\/p>\n","protected":false},"author":2,"featured_media":486,"comment_status":"open","ping_status":"open","sticky":false,"template":"","format":"standard","meta":{"_jetpack_memberships_contains_paid_content":false,"footnotes":""},"categories":[11],"tags":[],"class_list":["post-485","post","type-post","status-publish","format-standard","has-post-thumbnail","hentry","category-regionale-wirtschaft"],"jetpack_featured_media_url":"https:\/\/www.vdsm.net\/wronline\/wp-content\/uploads\/2012\/03\/Presseinfo_23-2012_Uni-e1331543981844.jpg","jetpack_sharing_enabled":true,"_links":{"self":[{"href":"https:\/\/www.vdsm.net\/wronline\/wp-json\/wp\/v2\/posts\/485","targetHints":{"allow":["GET"]}}],"collection":[{"href":"https:\/\/www.vdsm.net\/wronline\/wp-json\/wp\/v2\/posts"}],"about":[{"href":"https:\/\/www.vdsm.net\/wronline\/wp-json\/wp\/v2\/types\/post"}],"author":[{"embeddable":true,"href":"https:\/\/www.vdsm.net\/wronline\/wp-json\/wp\/v2\/users\/2"}],"replies":[{"embeddable":true,"href":"https:\/\/www.vdsm.net\/wronline\/wp-json\/wp\/v2\/comments?post=485"}],"version-history":[{"count":3,"href":"https:\/\/www.vdsm.net\/wronline\/wp-json\/wp\/v2\/posts\/485\/revisions"}],"predecessor-version":[{"id":494,"href":"https:\/\/www.vdsm.net\/wronline\/wp-json\/wp\/v2\/posts\/485\/revisions\/494"}],"wp:featuredmedia":[{"embeddable":true,"href":"https:\/\/www.vdsm.net\/wronline\/wp-json\/wp\/v2\/media\/486"}],"wp:attachment":[{"href":"https:\/\/www.vdsm.net\/wronline\/wp-json\/wp\/v2\/media?parent=485"}],"wp:term":[{"taxonomy":"category","embeddable":true,"href":"https:\/\/www.vdsm.net\/wronline\/wp-json\/wp\/v2\/categories?post=485"},{"taxonomy":"post_tag","embeddable":true,"href":"https:\/\/www.vdsm.net\/wronline\/wp-json\/wp\/v2\/tags?post=485"}],"curies":[{"name":"wp","href":"https:\/\/api.w.org\/{rel}","templated":true}]}}