{"id":4793,"date":"2016-10-07T12:05:29","date_gmt":"2016-10-07T10:05:29","guid":{"rendered":"http:\/\/www.vdsm.net\/wronline\/?p=4793"},"modified":"2016-10-07T12:05:29","modified_gmt":"2016-10-07T10:05:29","slug":"mehr-und-flexibel-arbeitnehmer-wollen-laenger-arbeiten","status":"publish","type":"post","link":"https:\/\/www.vdsm.net\/wronline\/mehr-und-flexibel-arbeitnehmer-wollen-laenger-arbeiten\/","title":{"rendered":"Mehr und flexibel \u2013 Arbeitnehmer wollen l\u00e4nger arbeiten"},"content":{"rendered":"<p>\u201eDie Besch\u00e4ftigen der Metall- und Elektroindustrie sehen in der Digitalisierung und Industrie 4.0 ihre Chance auf flexibleres Arbeiten\u201c, erkl\u00e4rt Sven Hille, Leiter des Fachbereichs Arbeitszeit und Verg\u00fctung des <a href=\"http:\/\/www.arbeitswissenschaft.net\" target=\"_blank\">Instituts f\u00fcr angewandte Arbeitswissenschaft e. V. (ifaa)<\/a>. \u201eDamit einher geht auch der Wunsch nach einer l\u00e4ngeren Arbeitszeit.\u201c<\/p>\n<p>Die Besch\u00e4ftigten der Metall- und Elektroindustrie haben insgesamt ein positives Bild von ihrer Arbeit*. Drei Viertel \u00e4u\u00dfern sich positiv, neun von zehn sagen, ihre Arbeit mache ihnen Spa\u00df. Die Mehrheit w\u00fcnscht sich sogar h\u00f6here Arbeitszeiten. Dieser Aspekt aus der Befragung innerhalb der Branche l\u00e4sst sich auch auf ganz Deutschland \u00fcbertragen. 90 Prozent sagen, sie arbeiten so lange sie wollen**. Tats\u00e4chlich arbeiten die Deutschen im Schnitt 35,2 Wochenstunden. Damit liegen sie knapp 1,5 Stunden unter der gew\u00fcnschten Arbeitszeit aus der Befragung innerhalb der Metall- und Elektroindustrie.<\/p>\n<p>\u201eDie Gr\u00fcnde f\u00fcr den Wunsch nach mehr Arbeitszeit k\u00f6nnen in den Chancen liegen, die Digitalisierung und Industrie 4.0 hinsichtlich der zunehmenden Flexibilisierung mit sich bringen\u201c, erl\u00e4utert Hille. Die hohe Zufriedenheit liegt unter anderem in den gr\u00f6\u00dfer werdenden M\u00f6glichkeiten, welche die betrieblichen Belange und Bed\u00fcrfnisse der Besch\u00e4ftigten gleicherma\u00dfen ber\u00fccksichtigt und unterschiedliche Voll- und Teilzeitmodelle wie Gleitzeit, Home-Office, usw. erm\u00f6glicht.<\/p>\n","protected":false},"excerpt":{"rendered":"<p>\u201eDie Besch\u00e4ftigen der Metall- und Elektroindustrie sehen in der Digitalisierung und Industrie 4.0 ihre Chance auf flexibleres Arbeiten\u201c, erkl\u00e4rt Sven Hille, Leiter des Fachbereichs Arbeitszeit&#8230;<\/p>\n","protected":false},"author":2,"featured_media":3225,"comment_status":"open","ping_status":"open","sticky":false,"template":"","format":"standard","meta":{"_jetpack_memberships_contains_paid_content":false,"footnotes":""},"categories":[32],"tags":[],"class_list":["post-4793","post","type-post","status-publish","format-standard","has-post-thumbnail","hentry","category-infos"],"jetpack_featured_media_url":"https:\/\/www.vdsm.net\/wronline\/wp-content\/uploads\/2016\/02\/worker-860909_1280.gif","jetpack_sharing_enabled":true,"_links":{"self":[{"href":"https:\/\/www.vdsm.net\/wronline\/wp-json\/wp\/v2\/posts\/4793","targetHints":{"allow":["GET"]}}],"collection":[{"href":"https:\/\/www.vdsm.net\/wronline\/wp-json\/wp\/v2\/posts"}],"about":[{"href":"https:\/\/www.vdsm.net\/wronline\/wp-json\/wp\/v2\/types\/post"}],"author":[{"embeddable":true,"href":"https:\/\/www.vdsm.net\/wronline\/wp-json\/wp\/v2\/users\/2"}],"replies":[{"embeddable":true,"href":"https:\/\/www.vdsm.net\/wronline\/wp-json\/wp\/v2\/comments?post=4793"}],"version-history":[{"count":1,"href":"https:\/\/www.vdsm.net\/wronline\/wp-json\/wp\/v2\/posts\/4793\/revisions"}],"predecessor-version":[{"id":4794,"href":"https:\/\/www.vdsm.net\/wronline\/wp-json\/wp\/v2\/posts\/4793\/revisions\/4794"}],"wp:featuredmedia":[{"embeddable":true,"href":"https:\/\/www.vdsm.net\/wronline\/wp-json\/wp\/v2\/media\/3225"}],"wp:attachment":[{"href":"https:\/\/www.vdsm.net\/wronline\/wp-json\/wp\/v2\/media?parent=4793"}],"wp:term":[{"taxonomy":"category","embeddable":true,"href":"https:\/\/www.vdsm.net\/wronline\/wp-json\/wp\/v2\/categories?post=4793"},{"taxonomy":"post_tag","embeddable":true,"href":"https:\/\/www.vdsm.net\/wronline\/wp-json\/wp\/v2\/tags?post=4793"}],"curies":[{"name":"wp","href":"https:\/\/api.w.org\/{rel}","templated":true}]}}