{"id":4642,"date":"2016-09-16T08:06:38","date_gmt":"2016-09-16T06:06:38","guid":{"rendered":"http:\/\/www.vdsm.net\/wronline\/?p=4642"},"modified":"2016-09-16T08:07:25","modified_gmt":"2016-09-16T06:07:25","slug":"wir-gefuehl-in-suedwestfalen-weiter-auspraegen","status":"publish","type":"post","link":"https:\/\/www.vdsm.net\/wronline\/wir-gefuehl-in-suedwestfalen-weiter-auspraegen\/","title":{"rendered":"\u201eWir-Gef\u00fchl in S\u00fcdwestfalen weiter auspr\u00e4gen\u201c"},"content":{"rendered":"<p>Dr. Thorsten Doublet, Gesch\u00e4ftsf\u00fchrer der Unternehmerschaft Siegen-Wittgenstein sowie des Verbandes der Siegerl\u00e4nder Metallindustriellen (VdSM), und Tanja Wagener (MdL) trafen jetzt im Siegener Wahlkreisb\u00fcro der SPD-Abgeordneten zu einem Gespr\u00e4ch zusammen.<\/p>\n<p>Ein Schwerpunkt des Gespr\u00e4chs betraf die Region S\u00fcdwestfalen. \u201eNach meinem Eindruck w\u00e4chst zwar das Bewusstsein daf\u00fcr, dass S\u00fcdwestfalen heute die industriest\u00e4rkste Region Nordrhein-Westfalens und die drittst\u00e4rkste Industrieregion in ganz Deutschland ist\u201c, erkl\u00e4rte Tanja Wagener. \u201eAllerdings k\u00f6nnte das \u201aWir-Gef\u00fchl\u2018 in S\u00fcdwestfalen noch weiter ausgepr\u00e4gt sein. Hier sehe ich weiteres Verbesserungspotenzial f\u00fcr die Marke \u201aS\u00fcdwestfalen\u2018\u201c, so Wagener weiter. Die SPD-Abgeordnete stimmte Dr. Thorsten Doublet zu, dass eine angemessene Wahrnehmung der Region auf Landes-, Bundes- und europ\u00e4ischer Ebene sehr wichtig sei und sich die Gesamtregion S\u00fcdwestfalen darum k\u00fcnftig noch intensiver bem\u00fchen m\u00fcsse. Die zur\u00fcckliegende Regionale 2013 sei bereits ein wichtiger Lernprozess gewesen, das Gebietsmarketing m\u00fcsse jedoch weiter verbessert werden. \u201eDas gilt vor allem auch vor dem Hintergrund des zunehmenden Fachkr\u00e4ftemangels\u201c, unterstrichen Doublet und Wagener \u00fcbereinstimmend.<\/p>\n<p>Beide Gespr\u00e4chspartner waren sich einig, dass die Region auf eine m\u00f6glichst leistungsstarke Verkehrsinfrastruktur angewiesen ist. Sie sprachen sich daf\u00fcr aus, die komplette Route 57 im neuen Bundesverkehrswegeplan als vordringlich einzustufen. Von existenzieller Bedeutung f\u00fcr zahlreiche Betriebe in Siegen-Wittgenstein und ganz S\u00fcdwestfalen seien ferner verl\u00e4ssliche Schwerlastrouten hin zu den wichtigen Binnenh\u00e4fen an Rhein und Ruhr. Doublet bedauerte, dass die Ert\u00fcchtigung der beiden ins Auge gefassten Ausweichrouten nach Gelsenkirchen und Duisburg erst 2020 abgeschlossen sein wird. Tanja Wagener wies darauf hin, dass es u.a. notwendig sei, zahlreiche Br\u00fccken entlang dieser Strecken entsprechend auszubauen, was leider eine gewisse Zeit erfordere.<\/p>\n<p>Positiv bewerten Wagener und Doublet den laufenden Modellversuch, in dessen Rahmen die Begleitung von Schwertransporten durch private Sicherheitsdienste erprobt wird. \u201eDer Bundesgesetzgeber sollte dies grunds\u00e4tzlich erlauben, so dass Schwertransporte k\u00fcnftig m\u00f6glichst unabh\u00e4ngig vom polizeilichen Einsatzgeschehen sind\u201c, forderte Tanja Wagener. \u201eDie Arbeitgeberverb\u00e4nde unterst\u00fctzen diese Bestrebungen. Man merkt jedenfalls, dass sich hier etwas tut\u201c, hob Dr. Thorsten Doublet hervor.<\/p>\n<p>Dem VdSM geh\u00f6ren rund 100 mittelst\u00e4ndische Betriebe mit zwischen 16.000 und 17.000 Besch\u00e4ftigten an, berichtete Doublet. Ein Teil der Mitgliedsunternehmen unterliegt nicht der Tarifbindung, sondern nimmt lediglich Service-Leistungen des Verbandes in Anspruch. Schwerpunkte sind insoweit die Beratung in arbeits- und sozialrechtlichen Fragen, Personalentwicklung sowie Presse- und \u00d6ffentlichkeitsarbeit.<\/p>\n<p>Tanja Wagener erkl\u00e4rte: \u201eGerade die zahlreichen noch inhabergef\u00fchrten Unternehmen in unserer mittelst\u00e4ndisch gepr\u00e4gten Wirtschaftsregion sind sicherlich in besonderem Ma\u00dfe auf unterst\u00fctzende Dienstleistungen des Arbeitgeberverbands angewiesen.\u201c Zur Sprache kam auch die traditionell gute und enge Zusammenarbeit zwischen dem VdSM und der \u00f6rtlichen IG-Metall. Dr. Torsten Doublet verwies auf gemeinsame Projekte und betonte: \u201eEs gibt hierzulande eine funktionierende Sozialpartnerschaft.\u201c<\/p>\n<p>F\u00fcr sehr wichtig halten beiden Gespr\u00e4chspartner intensive Bem\u00fchungen um die berufliche Integration von Fl\u00fcchtlingen im erwerbsf\u00e4higen Alter, die \u00fcber eine dauerhafte Bleibeperspektive verf\u00fcgen. Allerdings k\u00f6nne nur ein kleiner Teil dieser Personen sofort auf dem regul\u00e4ren Arbeitsmarkt Fu\u00df fassen, da die Anforderungen an die Qualifikation der Arbeitnehmerinnen und Arbeitnehmer heute in der Regel recht hoch seien.<\/p>\n","protected":false},"excerpt":{"rendered":"<p>Dr. Thorsten Doublet, Gesch\u00e4ftsf\u00fchrer der Unternehmerschaft Siegen-Wittgenstein sowie des Verbandes der Siegerl\u00e4nder Metallindustriellen (VdSM), und Tanja Wagener (MdL) trafen jetzt im Siegener Wahlkreisb\u00fcro der SPD-Abgeordneten&#8230;<\/p>\n","protected":false},"author":2,"featured_media":4643,"comment_status":"open","ping_status":"open","sticky":false,"template":"","format":"standard","meta":{"_jetpack_memberships_contains_paid_content":false,"footnotes":""},"categories":[30,11],"tags":[],"class_list":["post-4642","post","type-post","status-publish","format-standard","has-post-thumbnail","hentry","category-vermischtes","category-regionale-wirtschaft"],"jetpack_featured_media_url":"https:\/\/www.vdsm.net\/wronline\/wp-content\/uploads\/2016\/09\/VdSM_03.jpg","jetpack_sharing_enabled":true,"_links":{"self":[{"href":"https:\/\/www.vdsm.net\/wronline\/wp-json\/wp\/v2\/posts\/4642","targetHints":{"allow":["GET"]}}],"collection":[{"href":"https:\/\/www.vdsm.net\/wronline\/wp-json\/wp\/v2\/posts"}],"about":[{"href":"https:\/\/www.vdsm.net\/wronline\/wp-json\/wp\/v2\/types\/post"}],"author":[{"embeddable":true,"href":"https:\/\/www.vdsm.net\/wronline\/wp-json\/wp\/v2\/users\/2"}],"replies":[{"embeddable":true,"href":"https:\/\/www.vdsm.net\/wronline\/wp-json\/wp\/v2\/comments?post=4642"}],"version-history":[{"count":1,"href":"https:\/\/www.vdsm.net\/wronline\/wp-json\/wp\/v2\/posts\/4642\/revisions"}],"predecessor-version":[{"id":4644,"href":"https:\/\/www.vdsm.net\/wronline\/wp-json\/wp\/v2\/posts\/4642\/revisions\/4644"}],"wp:featuredmedia":[{"embeddable":true,"href":"https:\/\/www.vdsm.net\/wronline\/wp-json\/wp\/v2\/media\/4643"}],"wp:attachment":[{"href":"https:\/\/www.vdsm.net\/wronline\/wp-json\/wp\/v2\/media?parent=4642"}],"wp:term":[{"taxonomy":"category","embeddable":true,"href":"https:\/\/www.vdsm.net\/wronline\/wp-json\/wp\/v2\/categories?post=4642"},{"taxonomy":"post_tag","embeddable":true,"href":"https:\/\/www.vdsm.net\/wronline\/wp-json\/wp\/v2\/tags?post=4642"}],"curies":[{"name":"wp","href":"https:\/\/api.w.org\/{rel}","templated":true}]}}