{"id":4631,"date":"2016-09-15T12:34:26","date_gmt":"2016-09-15T10:34:26","guid":{"rendered":"http:\/\/www.vdsm.net\/wronline\/?p=4631"},"modified":"2016-09-15T12:35:39","modified_gmt":"2016-09-15T10:35:39","slug":"hilchenbacher-unternehmer-sebastian-schuelke-gewinnt-unternehmerpreis-suedwestfalen","status":"publish","type":"post","link":"https:\/\/www.vdsm.net\/wronline\/hilchenbacher-unternehmer-sebastian-schuelke-gewinnt-unternehmerpreis-suedwestfalen\/","title":{"rendered":"Sebastian Sch\u00fclke gewinnt \u201eUnternehmerpreis S\u00fcdwestfalen\u201c"},"content":{"rendered":"<p>Rund 300 geladene G\u00e4ste haben am Abend des 13. September die Preisverleihung \u201eUnternehmerpreis S\u00fcdwestfalen\u201c in der Zeltstadt des Campus Symposiums verfolgt. \u201eMit dieser Initiative tr\u00e4gt der Unternehmerverlag S\u00fcdwestfalen aus Iserlohn dazu bei, dass s\u00fcdwestf\u00e4lische Unternehmen bekannter werden und dass die Unternehmer dahinter f\u00fcr ihre Leistungen gew\u00fcrdigt werden\u201c, so MdB Dr. Matthias Heider, unter dessen Schirmherrschaft die Veranstaltung steht. Auszeichnungen wurden in den drei Kategorien \u201eProjekt\u201c, \u201eGr\u00fcnder\u201c und \u201eUnternehmer\u201c verliehen.<\/p>\n<p>In der Kategorie \u201eProjekt\u201c ist die Unternehmer-Initiative einsU ausgezeichnet worden. einsU wurde gegr\u00fcndet, als 2014 eine Reihe von Negativschlagzeilen \u00fcber Sundern viel Raum in den regionalen Medien einnahm. Sie haben f\u00fcr zun\u00e4chst f\u00fcnf Unternehmer aus der Sunderner Industrie den Impuls geliefert, diesem Negativimage die positive Seite dieser Stadt, gewisserma\u00dfen ein Bekenntnis zu ihren St\u00e4rken, entgegen zu setzen. Schnell wurde aber klar, dass \u00fcber eine kr\u00e4ftige Image-Kampagne hinaus die Zusammenarbeit der \u00f6rtlichen Produktions-Unternehmen noch viel gr\u00f6\u00dfere Potentiale erschlie\u00dfen kann: So entstand Schritt f\u00fcr Schritt ein Netzwerk, das in zwei Richtungen arbeitet: Es kooperiert nach innen, um voneinander zu lernen und die f\u00fcr alle bestehenden Herausforderungen gemeinsam anzugehen. Und es agiert nach au\u00dfen, um aktiv f\u00fcr die Stadt einzustehen, dem demografischen Wandel zu begegnen und Fachkr\u00e4fte f\u00fcr Sundern zu begeistern. Mit dem Slogan: \u201eMein Sundern ist ein starkes Sundern\u201c k\u00e4mpfen mittlerweile 17 Unternehmen f\u00fcr die gemeinsamen Ziele der Initiative. Als Laudator in dieser Kategorie fungierte Hubertus Winterberg, Gesch\u00e4ftsf\u00fchrer der S\u00fcdwestfalen Agentur.<\/p>\n<p>In der Kategorie \u201eGr\u00fcnder\u201c setzte sich Gregor Stapper von Keks Kreator aus Brilon gegen die Mit-Nominierten Daniel Rawe (rawe hermetics, Finnentrop) und Christian Schulte und Eric K\u00f6fler (Hofladen Sauerland, Arnsberg) durch. Laudator Nic Lecloux, Gr\u00fcnder der true fruits GmbH und Smoothie-Pionier in Deutschland, entdeckte einige Parallelen zu seinen Anf\u00e4ngen: \u201eAls wir vor zehn Jahren \u201ablau\u00e4ugig\u2018 ins Saft-Gesch\u00e4ft eingestiegen sind, haben uns alle bel\u00e4chelt. Heute sind wir mit unserem \u201aQuetschobst\u2018 \u2013 mehr ist ein Smoothie ja nicht \u2013 Marktf\u00fchrer und wirbeln die Branche so richtig auf. Gregor Stapper ist gerade am Anfang und beweist genau die richtige Portion Mut und den Willen etwas Neues zu schaffen. Seine Vorstellung von Keksen, die qualitativ hochwertig und ohne Zusatzstoffe sind, stimmt mit unseren Idealen bei true fruits perfekt \u00fcberein. Ich ziehe meinen Hut vor diesem \u201aEinzelk\u00e4mpfer\u2018 und w\u00fcnsche ihm alles Gute f\u00fcr seine Zukunft.\u201c<\/p>\n<p>In der Kategorie \u201eUnternehmer\u201c platzierte sich Sebastian Sch\u00fclke von SICON aus Hilchenbach vor Frank und J\u00f6rg Hohmann (ITH Schraubtechnik, Meschede) und Michael Pl\u00fcmer (OP&amp;V, Iserlohn). Laudatorin Dr. Bettina Schwegmann, Gesch\u00e4ftsf\u00fchrerin des M\u00e4rkischen Arbeitgeberverbandes, lobte den Innovationswillen und die konstant positive Entwicklung des relativ jungen Unternehmens: \u201eUnser Preistr\u00e4ger zeichnet sich durch ein gesundes und konstantes Wachstum in den letzten Jahren aus und die Produkte sind besonders innovativ und tragen gleichzeitig einen wichtigen Beitrag zum Umweltschutz bei. Dar\u00fcber hinaus engagiert es sich stark f\u00fcr die Mitarbeiter und zeigt ehrenamtliche Pr\u00e4senz vor Ort in lokalen Vereinen und Initiativen, die besonders lobenswert ist.\u201c<\/p>\n<p>In der Podiumsdiskussion mit Rayan E-Dick (FIUMU, Siegen), Nic Lecloux (true fruits, Bonn), Prof Dr. Ewald Mittelst\u00e4dt (FH S\u00fcdwestfalen, Meschede) und Marco Oesterlein (TRILUX, Arnsberg) ging es um das Thema \u201eStartups vs. Traditionsunternehmen \u2013 was beide Seiten voneinander lernen k\u00f6nnen\u201c. Moderatorin Lena Reuter f\u00fchrte gekonnt durch die Diskussion und entlockte den Teilnehmern \u00fcberraschend ehrliche Antworten: \u201eIch pers\u00f6nlich bin eigentlich kein gro\u00dfer Fan von Traditionsunternehmen \u2013 auch wenn ich mit dieser Aussage die H\u00e4lfte der G\u00e4ste gegen mich aufbringe. In unseren Anf\u00e4ngen hat uns keines dieser Unternehmen unterst\u00fctzt, im Gegenteil, wir wurden nicht ernst genommen. Mittlerweile hat sich das Blatt aber gewendet und wir spielen bei den ganz Gro\u00dfen mit. F\u00fcr mich zeichnen sich Startups durch ihren besonderen \u201aHunger\u2018, um mal mit Steve Jobs Worten zu sprechen, aus. Traditionsunternehmen haben diesen Hunger, etwas zu unternehmen, nur selten. Da k\u00f6nnen sie sich eine Scheibe von der Gr\u00fcnderszene abschauen\u201c, so Nic Lecloux. Marco Oesterlein konnte als Verfechter der Traditionsunternehmen da nur bedingt zustimmen: \u201eSicherlich sind Traditionsunternehmen nicht mehr ganz so mutig, wenn es um Ver\u00e4nderungen geht, wie Gr\u00fcnder, die meist weniger zu verlieren haben. Wenn es aber um das Thema \u201aInnovationen\u2018 geht, hat sich in den letzten Jahren viel getan. Es werden neue Abteilungen geschaffen, die sich nur damit besch\u00e4ftigen und in den Traditionsunternehmen eine gesonderte Stellung einnehmen. Ich denke, das ist ein wichtiger Schritt, um den Anschluss nicht zu verlieren.\u201c<\/p>\n<p>\u201eEin tolles Ambiente, interessante Pers\u00f6nlichkeiten aus der heimischen Wirtschaft und ein spannendes Programm\u201c, so die Resonanz der G\u00e4ste. Initiator des \u201eUnternehmerpreises S\u00fcdwestfalen\u201c und Gesch\u00e4ftsf\u00fchrer des Unternehmerverlags, Torben Feil res\u00fcmierte:<\/p>\n<p>\u201eWir freuen uns \u00fcber die sehr positive Resonanz zur Veranstaltung und begl\u00fcckw\u00fcnschen alle Preistr\u00e4ger und Finalisten. Sie alle sind hervorragende Botschafter f\u00fcr das Unternehmertum und stehen beispielhaft f\u00fcr die Unternehmer-Typen, die die Wirtschaftsregion S\u00fcdwestfalen zu dem macht, was sie heute ist: die st\u00e4rkste Industrieregion in Nordrhein-Westfalen.\u201c<\/p>\n","protected":false},"excerpt":{"rendered":"<p>Rund 300 geladene G\u00e4ste haben am Abend des 13. September die Preisverleihung \u201eUnternehmerpreis S\u00fcdwestfalen\u201c in der Zeltstadt des Campus Symposiums verfolgt. \u201eMit dieser Initiative tr\u00e4gt&#8230;<\/p>\n","protected":false},"author":2,"featured_media":4632,"comment_status":"open","ping_status":"open","sticky":false,"template":"","format":"standard","meta":{"_jetpack_memberships_contains_paid_content":false,"footnotes":""},"categories":[11],"tags":[],"class_list":["post-4631","post","type-post","status-publish","format-standard","has-post-thumbnail","hentry","category-regionale-wirtschaft"],"jetpack_featured_media_url":"https:\/\/www.vdsm.net\/wronline\/wp-content\/uploads\/2016\/09\/Unternehmerpreis_5.jpg","jetpack_sharing_enabled":true,"_links":{"self":[{"href":"https:\/\/www.vdsm.net\/wronline\/wp-json\/wp\/v2\/posts\/4631","targetHints":{"allow":["GET"]}}],"collection":[{"href":"https:\/\/www.vdsm.net\/wronline\/wp-json\/wp\/v2\/posts"}],"about":[{"href":"https:\/\/www.vdsm.net\/wronline\/wp-json\/wp\/v2\/types\/post"}],"author":[{"embeddable":true,"href":"https:\/\/www.vdsm.net\/wronline\/wp-json\/wp\/v2\/users\/2"}],"replies":[{"embeddable":true,"href":"https:\/\/www.vdsm.net\/wronline\/wp-json\/wp\/v2\/comments?post=4631"}],"version-history":[{"count":2,"href":"https:\/\/www.vdsm.net\/wronline\/wp-json\/wp\/v2\/posts\/4631\/revisions"}],"predecessor-version":[{"id":4634,"href":"https:\/\/www.vdsm.net\/wronline\/wp-json\/wp\/v2\/posts\/4631\/revisions\/4634"}],"wp:featuredmedia":[{"embeddable":true,"href":"https:\/\/www.vdsm.net\/wronline\/wp-json\/wp\/v2\/media\/4632"}],"wp:attachment":[{"href":"https:\/\/www.vdsm.net\/wronline\/wp-json\/wp\/v2\/media?parent=4631"}],"wp:term":[{"taxonomy":"category","embeddable":true,"href":"https:\/\/www.vdsm.net\/wronline\/wp-json\/wp\/v2\/categories?post=4631"},{"taxonomy":"post_tag","embeddable":true,"href":"https:\/\/www.vdsm.net\/wronline\/wp-json\/wp\/v2\/tags?post=4631"}],"curies":[{"name":"wp","href":"https:\/\/api.w.org\/{rel}","templated":true}]}}