{"id":4596,"date":"2016-09-13T08:40:40","date_gmt":"2016-09-13T06:40:40","guid":{"rendered":"http:\/\/www.vdsm.net\/wronline\/?p=4596"},"modified":"2016-09-13T08:41:17","modified_gmt":"2016-09-13T06:41:17","slug":"suedwestfalen-bewirbt-sich-erneut-um-eine-regionale","status":"publish","type":"post","link":"https:\/\/www.vdsm.net\/wronline\/suedwestfalen-bewirbt-sich-erneut-um-eine-regionale\/","title":{"rendered":"S\u00fcdwestfalen bewirbt sich erneut um eine REGIONALE"},"content":{"rendered":"<p>Die W\u00fcrfel sind gefallen: S\u00fcdwestfalen wird sich um die Ausrichtung der REGIONALE 2022 oder 2025 bewerben. Das beschlossen jetzt\u00a0in gemeinsamer Sitzung Gesellschafterversammlung und Aufsichtsrat der <a href=\"https:\/\/suedwestfalen-agentur.com\/\" target=\"_blank\">S\u00fcdwestfalen Agentur GmbH<\/a>. Sie beauftragten die Gesch\u00e4ftsf\u00fchrung damit, gemeinsam mit den Akteuren aus der Region Strategie und Bewerbungskonzept zu erarbeiten.<\/p>\n<p><a href=\"http:\/\/www.vdsm.net\/wronline\/wp-content\/uploads\/2016\/09\/RegionalenNRW.jpg\"><img loading=\"lazy\" decoding=\"async\" class=\"alignleft size-medium wp-image-4598\" src=\"http:\/\/www.vdsm.net\/wronline\/wp-content\/uploads\/2016\/09\/RegionalenNRW-300x186.jpg\" alt=\"regionalennrw\" width=\"300\" height=\"186\" srcset=\"https:\/\/www.vdsm.net\/wronline\/wp-content\/uploads\/2016\/09\/RegionalenNRW-300x186.jpg 300w, https:\/\/www.vdsm.net\/wronline\/wp-content\/uploads\/2016\/09\/RegionalenNRW-768x476.jpg 768w, https:\/\/www.vdsm.net\/wronline\/wp-content\/uploads\/2016\/09\/RegionalenNRW.jpg 800w\" sizes=\"auto, (max-width: 300px) 100vw, 300px\" \/><\/a>Regionen in Nordrhein-Westfalen haben bis zum 9. Dezember die M\u00f6glichkeit, sich um die Durchf\u00fchrung einer REGIONALE (2022 oder 2025) zu bewerben, bei der sich eine Region mit ihren St\u00e4rken und Qualit\u00e4ten, aber auch mit ihren Herausforderungen auseinandersetzt. Ziel ist es, weitere Entwicklungspotenziale sowie L\u00f6sungen f\u00fcr die Probleme der Zukunft zu finden und zu pr\u00e4sentieren.<\/p>\n<p>Die Themen, mit denen sich die Kandidaten f\u00fcr die Ausrichtung der Regionale bewerben k\u00f6nnen, reichen unter anderem von Integration, Demografie, Daseinsvorsorge und Nachhaltigkeit \u00fcber Urbanit\u00e4t, l\u00e4ndlicher Raum bis hin zu Digitalisierung, Wettbewerbsf\u00e4higkeit und Innovation, Bildung, Wissen und Kultur. Eine Fachjury bewertet die Bewerbungen, macht sich im Fr\u00fchjahr bei Vor-Ort-Bereisungen einen abschlie\u00dfenden Eindruck und wird der Landesregierung ein Votum unterbreiten. Die Entscheidung im Landeskabinett und damit die Verk\u00fcndigung der beiden Sieger-Regionen ist f\u00fcr April 2017 vorgesehen.<\/p>\n<p>Die inhaltliche Strategie der S\u00fcdwestfalen-Bewerbung wird schon im Oktober vorliegen, damit sich die Kreistage, Stadt- und Gemeinder\u00e4te damit befassen k\u00f6nnen und ihre Unterst\u00fctzung erkl\u00e4ren. \u201eVor uns liegt eine spannende Aufgabe, die wir so z\u00fcgig wie \u00fcberlegt angehen werden\u201c, so Hubertus Winterberg als Gesch\u00e4ftsf\u00fchrer der S\u00fcdwestfalen Agentur GmbH, die bereits die Prozesse und Aktivit\u00e4ten im Rahmen der REGIONALE 2013 federf\u00fchrend gesteuert hat. \u201eWir brauchen gute Antworten auf die Fragen zur Zukunft der Region und suchen daf\u00fcr den Dialog mit den unterschiedlichsten Akteuren, damit wir ein Konzept erarbeiten, das unsere St\u00e4rken wie Herausforderungen aufnimmt und hinter dem sich die Region insgesamt versammeln kann.\u201c Und Thomas Gemke, Landrat des M\u00e4rkischen Kreises und Aufsichtsratsvorsitzender der S\u00fcdwestfalen Agentur, unterstreicht: \u201eWir haben in S\u00fcdwestfalen gemeinsam einiges erreicht. Doch wir d\u00fcrfen nicht verkennen, dass wir einen weiteren Qualit\u00e4tssprung brauchen, um gerade f\u00fcr die junge Generation attraktiv zu sein .\u201c<\/p>\n<p>Die Regionale ist ein Strukturf\u00f6rderprogramm des Landes Nordrhein-Westfalen, das im Turnus von drei Jahren einer ausgew\u00e4hlten Region die M\u00f6glichkeit bietet, sich zu pr\u00e4sentieren. Die erst in 2007 gegr\u00fcndete Region S\u00fcdwestfalen konnte auf Anhieb mit ihrer gemeinsamen Bewerbung \u00fcberzeugen und war Ausrichter f\u00fcr das Jahr 2013. Die Begleitung der Regionale 2013 war Schwerpunkt der Arbeit der S\u00fcdwestfalen Agentur bis Ende des Jahres 2014.<\/p>\n<p>Mit der Regionale 2013 setzten sich alle gesellschaftlichen, politischen und wirtschaftlichen Akteure in S\u00fcdwestfalen das Ziel, gemeinsam den Herausforderungen der Globalisierung und des demografischen Wandels zu begegnen. Die St\u00e4rkung einer der leistungsf\u00e4higsten Industrieregionen in NRW, mit ihrer mittelst\u00e4ndischen Wirtschaftsstruktur, stand dabei ebenso wie der Erhalt der Naturlandschaft und die Stadt- und Dorfentwicklung im Fokus.<\/p>\n","protected":false},"excerpt":{"rendered":"<p>Die W\u00fcrfel sind gefallen: S\u00fcdwestfalen wird sich um die Ausrichtung der REGIONALE 2022 oder 2025 bewerben. Das beschlossen jetzt\u00a0in gemeinsamer Sitzung Gesellschafterversammlung und Aufsichtsrat der&#8230;<\/p>\n","protected":false},"author":2,"featured_media":4597,"comment_status":"open","ping_status":"open","sticky":false,"template":"","format":"standard","meta":{"_jetpack_memberships_contains_paid_content":false,"footnotes":""},"categories":[30,11],"tags":[],"class_list":["post-4596","post","type-post","status-publish","format-standard","has-post-thumbnail","hentry","category-vermischtes","category-regionale-wirtschaft"],"jetpack_featured_media_url":"https:\/\/www.vdsm.net\/wronline\/wp-content\/uploads\/2016\/09\/Regionale_ARGV2_3000.jpg","jetpack_sharing_enabled":true,"_links":{"self":[{"href":"https:\/\/www.vdsm.net\/wronline\/wp-json\/wp\/v2\/posts\/4596","targetHints":{"allow":["GET"]}}],"collection":[{"href":"https:\/\/www.vdsm.net\/wronline\/wp-json\/wp\/v2\/posts"}],"about":[{"href":"https:\/\/www.vdsm.net\/wronline\/wp-json\/wp\/v2\/types\/post"}],"author":[{"embeddable":true,"href":"https:\/\/www.vdsm.net\/wronline\/wp-json\/wp\/v2\/users\/2"}],"replies":[{"embeddable":true,"href":"https:\/\/www.vdsm.net\/wronline\/wp-json\/wp\/v2\/comments?post=4596"}],"version-history":[{"count":1,"href":"https:\/\/www.vdsm.net\/wronline\/wp-json\/wp\/v2\/posts\/4596\/revisions"}],"predecessor-version":[{"id":4599,"href":"https:\/\/www.vdsm.net\/wronline\/wp-json\/wp\/v2\/posts\/4596\/revisions\/4599"}],"wp:featuredmedia":[{"embeddable":true,"href":"https:\/\/www.vdsm.net\/wronline\/wp-json\/wp\/v2\/media\/4597"}],"wp:attachment":[{"href":"https:\/\/www.vdsm.net\/wronline\/wp-json\/wp\/v2\/media?parent=4596"}],"wp:term":[{"taxonomy":"category","embeddable":true,"href":"https:\/\/www.vdsm.net\/wronline\/wp-json\/wp\/v2\/categories?post=4596"},{"taxonomy":"post_tag","embeddable":true,"href":"https:\/\/www.vdsm.net\/wronline\/wp-json\/wp\/v2\/tags?post=4596"}],"curies":[{"name":"wp","href":"https:\/\/api.w.org\/{rel}","templated":true}]}}