{"id":4547,"date":"2016-09-08T09:10:26","date_gmt":"2016-09-08T07:10:26","guid":{"rendered":"http:\/\/www.vdsm.net\/wronline\/?p=4547"},"modified":"2016-09-08T09:10:26","modified_gmt":"2016-09-08T07:10:26","slug":"3500-studierende-in-der-innenstadt","status":"publish","type":"post","link":"https:\/\/www.vdsm.net\/wronline\/3500-studierende-in-der-innenstadt\/","title":{"rendered":"3500 Studierende in der Innenstadt"},"content":{"rendered":"<p>Siegen feiert das Uferfest \u2013 und die Universit\u00e4t feiert mit. 130.000 Besucher str\u00f6mten an drei Tagen durch die Bahnhofsstra\u00dfe, das neu gestaltete Siegufer, an das Untere Schloss und in die Oberstadt. Dort fand am 3. September das erste Siegener \u201eB\u00fcrgerforum\u201c statt. Prof. Dr. Holger Burckhart, Rektor der Universit\u00e4t Siegen, und B\u00fcrgermeister Steffen Mues diskutierten mit B\u00fcrgerinnen und B\u00fcrgern \u00fcber die k\u00fcnftige Entwicklung in Siegen. Rektor und B\u00fcrgermeister waren f\u00fcr alle Fragen offen \u2013 und erl\u00e4uterten ihre Vision von einer st\u00e4rkeren Pr\u00e4senz der Universit\u00e4t in der Innenstadt.<\/p>\n<p>Bereits seit dem Sommer 2016 nutzt die Fakult\u00e4t III (Wirtschaftswissenschaften, Wirtschaftsinformatik und Wirtschaftsrecht) der Universit\u00e4t das historische Untere Schloss im Herzen der Stadt. Rund 3500 Studierende und 200 Mitarbeiter*innen bev\u00f6lkern k\u00fcnftig die Innenstadt. \u201eDie Universit\u00e4t im Schloss ist nur der erste Schritt. Dass wir Leben in der Stadt haben, ist das Beste, was der Stadt passieren konnte\u201c, sagte B\u00fcrgermeister Mues und erkl\u00e4rte, die Gr\u00fcndung der Gesamthochschule und heutigen Universit\u00e4t sei f\u00fcr Siegen die \u201ewichtigste Entscheidung der Nachkriegszeit\u201c gewesen. \u201eUm die Uni und weitere Fakult\u00e4ten in die Stadt zu holen, m\u00fcssen alle an einem Strang ziehen\u201c, sagte Mues. Ausdr\u00fccklich appellierte Mues an die Immobilieneigent\u00fcmer, bei der Belebung der K\u00f6lner Stra\u00dfe mitzuwirken.<\/p>\n<p>Diese Gemeinsamkeit betonte auch Prof. Dr. Burckhart: \u201eStadt und Universit\u00e4t k\u00f6nnen gemeinsam die Zukunft gestalten. Wir leben nicht in einem Elfenbeinturm, wir m\u00f6chten als Universit\u00e4t mit den B\u00fcrgerinnen und B\u00fcrgern leben, wir m\u00f6chten einen Platz zum Austausch bieten. Siegen hat gerade einen Lauf, lassen sie uns das nutzen.\u201c Der Wunsch des Rektors ist, dass Studierende noch st\u00e4rker als zuvor Wohnraum in der Stadt erhalten. \u201eLeben Sie mit den Studierenden, haben Sie Mut, sie zuzulassen, man kann nur voneinander lernen\u201c, sagte Burckhart.<\/p>\n<p>Die Attraktivit\u00e4t der Stadt und der Universit\u00e4t hat sich durch den neuen Standort in der Innenstadt bereits erh\u00f6ht. \u201eWir m\u00f6chten, dass junge Menschen gerne nach Siegen kommen und hier bleiben\u201c, sagte Prof. Burckhart. Dazu will die Universit\u00e4t regional zugeschnittene Angebote entwickeln, z.B. f\u00fcr den Bereich Gesundheit, hier forscht die Universit\u00e4t bereits im Bereich der Medizin-Technik und -Informatik.<\/p>\n<p>Einen entscheidenden Schritt weiter ist die Planung rund um das Warenhaus Karstadt. Die Universit\u00e4t Siegen wird das Obergeschoss beziehen, hier entstehen drei H\u00f6rs\u00e4le und mehrere Seminarr\u00e4ume. Insgesamt wird es Platz f\u00fcr 1500 Studierende geben. Auch ein B\u00fcrgercaf\u00e9 am Schlossplatz soll entstehen.<\/p>\n<p>Um die Zukunft Siegens ging es auch bei der Veranstaltung \u201eDie Demokratische Stadt\u201c, die <a class=\"\n\t  cd_extlink\" href=\"http:\/\/scoutopia-siegen.de\/\" target=\"_blank\">Scoutopia<\/a> an der Fi\u00dfmer-Anlage in der Oberstadt anbot. B\u00fcrgerinnen und B\u00fcrger konnten hier in Workshops Ideen und Kritik einbringen und aktiv \u00fcber Themen, Zielen und Entscheidungen f\u00fcr Region und Stadt diskutieren. Wer wollte, konnte einfach eine Postkarte mit einer Idee einwerfen \u2013 oder im Workshop ein Thema diskutieren und ausarbeiten. Die Ergebnisse des Projekts \u201eDie Demokratische Stadt\u201c werden B\u00fcrgermeister Mues vorgestellt.<\/p>\n<p>Wer von der Oberstadt Richtung K\u00f6lner Tor lief, entdeckte auch den Stand der Universit\u00e4t Siegen. Hier informierte die <a class=\"\n\t  cd_extlink\" href=\"http:\/\/www.uni-siegen.de\/zsb\/\" target=\"_blank\">Zentrale Studienberatung<\/a> \u00fcber die Studienm\u00f6glichkeiten der Universit\u00e4t, au\u00dferdem zeigte die <a class=\"\n\t  cd_extlink\" href=\"http:\/\/fablab-siegen.de\/\" target=\"_blank\">Kreativwerkstatt \u201eFab Lab\u201c<\/a>, was ein 3D-Drucker bereits kann. Statt um 3D-Druck ging es einige Meter weiter um PS \u2013 die <a class=\"\n\t  cd_extlink\" href=\"http:\/\/www.s3racing.de\/\" target=\"_blank\">Speedings Scientists<\/a> hatten ihren Rennwagen mitgebracht und luden zum Probesitzen ein.<\/p>\n<p>Als Projekt zur F\u00f6rderung von Elektromobilit\u00e4t im l\u00e4ndlich-regionalen Raum der Stadt Siegen und der Universit\u00e4t Siegen war <a class=\"\n\t  cd_extlink\" href=\"http:\/\/www.remonet.eu\/\" target=\"_blank\">REMONET<\/a> auf dem Stadtfest vertreten. B\u00fcrgerinnen und B\u00fcrger erhielten Informationen rund um das Thema Elektromobilit\u00e4t in der Region. Um ein Gef\u00fchl f\u00fcr Elektromobilit\u00e4t zu bekommen, konnten die Besucher im \u201eMercedes B-Klasse electric drive\u201c Platz nehmen, den Motorraum anschauen und sich eine Probefahrt sichern. Zudem konnten sie mit dem Pedelec \u201eElly Ride Hybrid 400\u201c die steilste Einkaufsstra\u00dfe Deutschlands erklimmen.<\/p>\n","protected":false},"excerpt":{"rendered":"<p>Siegen feiert das Uferfest \u2013 und die Universit\u00e4t feiert mit. 130.000 Besucher str\u00f6mten an drei Tagen durch die Bahnhofsstra\u00dfe, das neu gestaltete Siegufer, an das&#8230;<\/p>\n","protected":false},"author":2,"featured_media":1755,"comment_status":"open","ping_status":"open","sticky":false,"template":"","format":"standard","meta":{"_jetpack_memberships_contains_paid_content":false,"footnotes":""},"categories":[8,30],"tags":[],"class_list":["post-4547","post","type-post","status-publish","format-standard","has-post-thumbnail","hentry","category-ausbildung","category-vermischtes"],"jetpack_featured_media_url":"https:\/\/www.vdsm.net\/wronline\/wp-content\/uploads\/2013\/12\/Universitaet-siegen-e1486484587478.jpg","jetpack_sharing_enabled":true,"_links":{"self":[{"href":"https:\/\/www.vdsm.net\/wronline\/wp-json\/wp\/v2\/posts\/4547","targetHints":{"allow":["GET"]}}],"collection":[{"href":"https:\/\/www.vdsm.net\/wronline\/wp-json\/wp\/v2\/posts"}],"about":[{"href":"https:\/\/www.vdsm.net\/wronline\/wp-json\/wp\/v2\/types\/post"}],"author":[{"embeddable":true,"href":"https:\/\/www.vdsm.net\/wronline\/wp-json\/wp\/v2\/users\/2"}],"replies":[{"embeddable":true,"href":"https:\/\/www.vdsm.net\/wronline\/wp-json\/wp\/v2\/comments?post=4547"}],"version-history":[{"count":1,"href":"https:\/\/www.vdsm.net\/wronline\/wp-json\/wp\/v2\/posts\/4547\/revisions"}],"predecessor-version":[{"id":4548,"href":"https:\/\/www.vdsm.net\/wronline\/wp-json\/wp\/v2\/posts\/4547\/revisions\/4548"}],"wp:featuredmedia":[{"embeddable":true,"href":"https:\/\/www.vdsm.net\/wronline\/wp-json\/wp\/v2\/media\/1755"}],"wp:attachment":[{"href":"https:\/\/www.vdsm.net\/wronline\/wp-json\/wp\/v2\/media?parent=4547"}],"wp:term":[{"taxonomy":"category","embeddable":true,"href":"https:\/\/www.vdsm.net\/wronline\/wp-json\/wp\/v2\/categories?post=4547"},{"taxonomy":"post_tag","embeddable":true,"href":"https:\/\/www.vdsm.net\/wronline\/wp-json\/wp\/v2\/tags?post=4547"}],"curies":[{"name":"wp","href":"https:\/\/api.w.org\/{rel}","templated":true}]}}