{"id":4469,"date":"2016-08-24T08:41:21","date_gmt":"2016-08-24T06:41:21","guid":{"rendered":"http:\/\/www.vdsm.net\/wronline\/?p=4469"},"modified":"2016-08-24T09:28:59","modified_gmt":"2016-08-24T07:28:59","slug":"schnelleres-internet-kommt-auch-nach-siegen-wittgenstein","status":"publish","type":"post","link":"https:\/\/www.vdsm.net\/wronline\/schnelleres-internet-kommt-auch-nach-siegen-wittgenstein\/","title":{"rendered":"Schnelleres Internet kommt jetzt auch nach Siegen-Wittgenstein"},"content":{"rendered":"<p>Fl\u00e4chendeckendes Internet mit mindestens 50 Mbit\/s \u2013 diesem Ziel ist der Kreis Siegen-Wittgenstein nun einen entscheidenden Schritt n\u00e4her gekommen. Dazu hatte er im April diesen Jahres einen F\u00f6rderantrag an den Bund gerichtet. Dieser stellte die \u00dcbernahme von 50 % der Ausbaukosten in Aussicht. Doch ob tats\u00e4chlich Geld flie\u00dfen w\u00fcrde, blieb lange Zeit offen, da der vom Kreis gestellte Antrag erst in einem komplexen Wettbewerbsverfahren mit anderen Antragstellern beurteilt werden musste.<\/p>\n<p>Gute Nachrichten verk\u00fcndete nun Landrat Andreas M\u00fcller: \u201eDie umfangreichen Planungsarbeiten des Kreises werden Fr\u00fcchte tragen, das zust\u00e4ndige Ministerium in Berlin hat die beantragten Mittel in Millionenh\u00f6he bewilligt! Damit ist es uns m\u00f6glich, die Breitbandversorgung entscheidend voran zu bringen\u201c, bekr\u00e4ftigt M\u00fcller weiter. Der offizielle F\u00f6rderbescheid wird Anfang September vom Bundesminister f\u00fcr Verkehr und digitale Infrastruktur, Alexander Dobrindt, in Berlin \u00fcbergeben.<\/p>\n<p>Als n\u00e4chster Schritt erfolgt nun die Beantragung von erg\u00e4nzenden Mitteln des Landes NRW. Dieses hatte vorab angek\u00fcndigt, die Bundesf\u00f6rderung um weitere 40-50 % aufzustocken, so dass f\u00fcr viele Kommunen eine 100 %-F\u00f6rderung erreicht werden kann.<\/p>\n<p>Mit dem bewilligten Geld k\u00f6nnen alle unterversorgten Bereiche im Kreisgebiet mit schnellem Internet versorgt werden. Um dem gestellten F\u00f6rderantrag einen m\u00f6glichst hohen Nachdruck zu verleihen, hatten sich vorab der Kreis Siegen-Wittgenstein und alle St\u00e4dte und Gemeinden des Kreisgebietes auf einen gemeinsamen Antrag verst\u00e4ndigt.<\/p>\n","protected":false},"excerpt":{"rendered":"<p>Fl\u00e4chendeckendes Internet mit mindestens 50 Mbit\/s \u2013 diesem Ziel ist der Kreis Siegen-Wittgenstein nun einen entscheidenden Schritt n\u00e4her gekommen. Dazu hatte er im April diesen&#8230;<\/p>\n","protected":false},"author":2,"featured_media":4472,"comment_status":"open","ping_status":"open","sticky":false,"template":"","format":"standard","meta":{"_jetpack_memberships_contains_paid_content":false,"footnotes":""},"categories":[1,30,11],"tags":[],"class_list":["post-4469","post","type-post","status-publish","format-standard","has-post-thumbnail","hentry","category-aktuell","category-vermischtes","category-regionale-wirtschaft"],"jetpack_featured_media_url":"https:\/\/www.vdsm.net\/wronline\/wp-content\/uploads\/2016\/08\/monitor-1307227_1280.jpg","jetpack_sharing_enabled":true,"_links":{"self":[{"href":"https:\/\/www.vdsm.net\/wronline\/wp-json\/wp\/v2\/posts\/4469","targetHints":{"allow":["GET"]}}],"collection":[{"href":"https:\/\/www.vdsm.net\/wronline\/wp-json\/wp\/v2\/posts"}],"about":[{"href":"https:\/\/www.vdsm.net\/wronline\/wp-json\/wp\/v2\/types\/post"}],"author":[{"embeddable":true,"href":"https:\/\/www.vdsm.net\/wronline\/wp-json\/wp\/v2\/users\/2"}],"replies":[{"embeddable":true,"href":"https:\/\/www.vdsm.net\/wronline\/wp-json\/wp\/v2\/comments?post=4469"}],"version-history":[{"count":4,"href":"https:\/\/www.vdsm.net\/wronline\/wp-json\/wp\/v2\/posts\/4469\/revisions"}],"predecessor-version":[{"id":4483,"href":"https:\/\/www.vdsm.net\/wronline\/wp-json\/wp\/v2\/posts\/4469\/revisions\/4483"}],"wp:featuredmedia":[{"embeddable":true,"href":"https:\/\/www.vdsm.net\/wronline\/wp-json\/wp\/v2\/media\/4472"}],"wp:attachment":[{"href":"https:\/\/www.vdsm.net\/wronline\/wp-json\/wp\/v2\/media?parent=4469"}],"wp:term":[{"taxonomy":"category","embeddable":true,"href":"https:\/\/www.vdsm.net\/wronline\/wp-json\/wp\/v2\/categories?post=4469"},{"taxonomy":"post_tag","embeddable":true,"href":"https:\/\/www.vdsm.net\/wronline\/wp-json\/wp\/v2\/tags?post=4469"}],"curies":[{"name":"wp","href":"https:\/\/api.w.org\/{rel}","templated":true}]}}