{"id":436,"date":"2012-02-29T16:35:44","date_gmt":"2012-02-29T15:35:44","guid":{"rendered":"http:\/\/www.vdsm.net\/wronline\/?p=436"},"modified":"2012-02-29T16:39:03","modified_gmt":"2012-02-29T15:39:03","slug":"zahl-der-arbeitslosen-steigt-weiter-leicht-an","status":"publish","type":"post","link":"https:\/\/www.vdsm.net\/wronline\/zahl-der-arbeitslosen-steigt-weiter-leicht-an\/","title":{"rendered":"Zahl der Arbeitslosen steigt weiter leicht an"},"content":{"rendered":"<p><a href=\"http:\/\/www.vdsm.net\/wronline\/wp-content\/uploads\/2011\/12\/AASiegen.jpg\"><img loading=\"lazy\" decoding=\"async\" class=\"alignleft size-full wp-image-104\" title=\"Arbeitsagentur Siegen\" src=\"http:\/\/www.vdsm.net\/wronline\/wp-content\/uploads\/2011\/12\/AASiegen.jpg\" alt=\"\" width=\"250\" height=\"188\" \/><\/a>Siegen, 29. Februar 2012. \u201eDie Arbeitslosenzahl steigt weiter leicht an. Auch Unternehmen im verarbeitenden Gewerbe haben Mitarbeiterinnen und Mitarbeiter entlassen. Um sich dauerhaft eine Perspektive in den heimischen Betrieben zu sichern, sollten M\u00e4nner und Frauen stetig an ihrer Qualifizierung und Weiterbildung arbeiten. Es gibt viele zu besetzende Stellen &#8211; entsprechend gute Chancen bietet der Arbeitsmarkt. Unsere Unternehmen suchen zumeist besser qualifiziertes Personal. Es erfordert viel Ehrgeiz und Durchhalteverm\u00f6gen im zweiten Anlauf eine Ausbildung zu absolvieren oder eine intensive Weiterbildung erfolgreich abzuschlie\u00dfen. Aber es lohnt sich!\u201c, betont Dr. Bettina Wolf, Vorsitzende der Gesch\u00e4ftsf\u00fchrung der Agentur f\u00fcr Arbeit Siegen. Die Arbeitslosenquote wird als ein bundesweit einheitlicher Indikator f\u00fcr die Entwicklung am Arbeitsmarkt herangezogen. Sie wird errechnet auf der Basis aller zivilen Erwerbspersonen. Im Bezirk der Agentur f\u00fcr Arbeit Siegen betr\u00e4gt diese Quote 5,5 Prozent, was einen Anstieg um 0,1 Prozentpunkt im Vormonatsvergleich und einen R\u00fcckgang um 0,5 Prozentpunkte im Vergleich zum Februar 2011 bedeutet.<\/p>\n<p>Bei den jungen M\u00e4nnern und Frauen unter 25 Jahren gab es einen Anstieg der Arbeitslosenzahl um 8,5 Prozent (113 Personen) in Vormonatsvergleich. Dies bedeutet allerdings einen R\u00fcckgang um 10 Prozent (162 Personen) im Vergleich zum Februar 2011. \u201eWir haben noch 1.894 offene Stellen in unserer Region zu besetzen. Wir sind sehr zuversichtlich, dass diese jungen Menschen schnell wieder eine Anstellung finden. Der Anstieg der Arbeitslosenzahl in den Wintermonaten ist langj\u00e4hrig zu beobachten, der Vergleich zum Vorjahr verdeutlich die positive Entwicklung am Arbeitsmarkt. Im Vergleich zum Februar 2011 ist ein R\u00fcckgang von \u00fcber 9 Prozent bei der Zahl der Arbeitslosen zu verzeichnen\u201c, ermutigt Dr. Bettina Wolf.<\/p>\n<p>Derzeit sind im Agenturbezirk Siegen noch 12.265 Menschen ohne Besch\u00e4ftigung, im letzten Monat waren es 12.031 (-234 Personen). Das bedeutet einen Zuwachs um 1,9 Prozent im Vormonatsvergleich. Im Februar letzten Jahres waren noch 13.512 (+1.247 Personen) auf der Suche nach einem Arbeitsplatz. Daraus resultiert ein R\u00fcckgang von 9,2 Prozent im Vorjahresvergleich.<\/p>\n<p>Die Arbeitslosenquote (AQ) betr\u00e4gt im Agenturbezirk Siegen aktuell 5,5 Prozent. Betrachtet man die letzte Dekade, weist selbst das wirtschaftliche Erfolgs-Jahr 2008 eine um 0,3 Prozentpunkte h\u00f6here Februar-Quote (5,8 Prozent) auf. Im Vergleich zum Vorjahr hat die Arbeitslosigkeit in allen Regionen des Bezirkes der Agentur f\u00fcr Arbeit Siegen stark abgenommen. Im Gebiet der Gesch\u00e4ftsstelle Burbach ergab sich der st\u00e4rkste R\u00fcckgang um 17,9 Prozent.<\/p>\n<p>Im Kreis Siegen-Wittgenstein verringerte sich die Arbeitslosenzahl im Jahresvergleich um 9,8\u00a0 Prozent (957 Personen). Derzeit sind 8.799 Menschen ohne Besch\u00e4ftigung registriert, das bedeutet einen Anstieg um 2,6 Prozent (225 Personen) zum Vormonat. Die Arbeitslosenquote steigt von 5,8 Prozent im Januar auf 5,9 Prozent in diesem Monat.<\/p>\n<p>Im Kreis Olpe sind derzeit 3.466 Menschen arbeitslos. Die Arbeitslosenquote bleibt auf dem Ja-nuarwert von 4,6 Prozent. Im Vergleich zum Februar 2011 waren diesen Monat 7,7 Prozent (290 Personen) weniger arbeitslos gemeldet.<\/p>\n<p>Der Arbeitgeber-Service konnte in diesem Monat 856 Stellen aufnehmen &#8211; 838 davon als sozialversicherungspflichtige Arbeitspl\u00e4tze. 709 der neuen Stellen (82,8Prozent) sind als unbefristete Positionen gemeldet. Besonders das verarbeitende Gewerbe, der Handel, das Gesundheits- und Sozialwesen und nun auch wieder das Baugewerbe haben einen gro\u00dfen Bedarf an qualifizierten Arbeitnehmerinnen und Arbeitnehmern. Au\u00dferdem gibt es eine Vielzahl an Meldungen von Personaldienstleistern. \u201eDerzeit haben wir noch 1.894 zu besetzende Stellen im Bestand. Das sind fast 11 Prozent mehr als im Vorjahresvergleich. Unternehmen sollten auch in Phasen mit einer etwas ung\u00fcnstigeren Auftragslage ihr Personal im Rahmen ihrer M\u00f6glichkeiten halten. Die Stellenbesetzung in gefragten Berufsgruppen wird vor dem Hintergrund der demografischen Entwicklung in der Region zunehmend schwieriger\u201c, erg\u00e4nzt Dr. Bettina Wolf.<\/p>\n<p>Die Zahl der Arbeitslosen summiert sich in Siegen aus Kunden der Arbeitslosenversicherung (Agentur f\u00fcr Arbeit Siegen) und aus den Kunden der Grundsicherung (Jobcenter Kreis Siegen-Wittgenstein und Jobcenter Kreis Olpe). Im Rechtskreis der Agentur f\u00fcr Arbeit Siegen stieg die Zahl der Besch\u00e4ftigungssuchenden im Vergleich zum Vormonat um 0,6 Prozent (25 Personen), im Rechtskreis der Jobcenter ist auch ein Anstieg um 2,7 Prozent (209 Personen) im Vergleich zum Januar 2012 zu verzeichnen. Im Bereich der Arbeitslosenversicherung ergibt sich im Vorjahresvergleich eine Abnahme der Zahl der arbeitslos gemeldeten Menschen um 15,4 Prozent (794 Personen). Im Vergleich zum Vorjahr bedeutet das bei der Grundsicherung einen R\u00fcckgang von 5,4 Prozent (453 Personen).<\/p>\n<p>Bei den beiden Grundsicherungstr\u00e4gern der Region Siegen, Jobcenter Kreis Siegen-Wittgenstein und Jobcenter Kreis Olpe, sind aktuell 7.899 Menschen arbeitslos gemeldet. Vor einem Jahr waren es noch 8.352 Personen, 453 Personen mehr. Das Jobcenter Kreis Siegen-Wittgenstein ist aktuell f\u00fcr 5.824 Besch\u00e4ftigungssuchende zust\u00e4ndig. Im Vergleich zum Februar des Vorjahres ergibt sich ein R\u00fcckgang der Arbeitslosigkeit um 6,2 Prozent (386 Personen). \u201eIch freue mich sehr, dass im Vergleich zum letzten Jahr viele Menschen, die bereits l\u00e4nger als 12 Monate auf der Suche nach Arbeit waren, wieder eine Chance in der Arbeitswelt ergreifen konnten. F\u00fcr Unternehmen, die auf der Suche nach geeigneten Mitarbeiterinnen und Mitarbeitern sind, lohnt sich oft der \u201ezweite Blick\u201c, um engagiertes Personal zu finden und langfristig ans Unternehmen zu binden\u201c, so Dr. Bettina Wolf. Beim Jobcenter Kreis Olpe konnte im Vorjahresvergleich auch ein R\u00fcckgang bei der Arbeitslosigkeit verzeichnet werden. Aktuell betr\u00e4gt die Zahl der gemeldeten Arbeitslosen 2.075 Personen. Im Vormonatsvergleich ging die Zahl der Arbeitslosen um 1,1 Prozent (24 Personen), der Vergleich zum Januar des Vorjahres ergibt eine Verringerung um 3,1 Prozent (67 Personen).<\/p>\n","protected":false},"excerpt":{"rendered":"<p>Siegen, 29. Februar 2012. \u201eDie Arbeitslosenzahl steigt weiter leicht an. Auch Unternehmen im verarbeitenden Gewerbe haben Mitarbeiterinnen und Mitarbeiter entlassen. Um sich dauerhaft eine Perspektive&#8230;<\/p>\n","protected":false},"author":2,"featured_media":0,"comment_status":"open","ping_status":"open","sticky":false,"template":"","format":"standard","meta":{"_jetpack_memberships_contains_paid_content":false,"footnotes":""},"categories":[16],"tags":[],"class_list":["post-436","post","type-post","status-publish","format-standard","hentry","category-arbeitsmarkt"],"jetpack_featured_media_url":"","jetpack_sharing_enabled":true,"_links":{"self":[{"href":"https:\/\/www.vdsm.net\/wronline\/wp-json\/wp\/v2\/posts\/436","targetHints":{"allow":["GET"]}}],"collection":[{"href":"https:\/\/www.vdsm.net\/wronline\/wp-json\/wp\/v2\/posts"}],"about":[{"href":"https:\/\/www.vdsm.net\/wronline\/wp-json\/wp\/v2\/types\/post"}],"author":[{"embeddable":true,"href":"https:\/\/www.vdsm.net\/wronline\/wp-json\/wp\/v2\/users\/2"}],"replies":[{"embeddable":true,"href":"https:\/\/www.vdsm.net\/wronline\/wp-json\/wp\/v2\/comments?post=436"}],"version-history":[{"count":6,"href":"https:\/\/www.vdsm.net\/wronline\/wp-json\/wp\/v2\/posts\/436\/revisions"}],"predecessor-version":[{"id":440,"href":"https:\/\/www.vdsm.net\/wronline\/wp-json\/wp\/v2\/posts\/436\/revisions\/440"}],"wp:attachment":[{"href":"https:\/\/www.vdsm.net\/wronline\/wp-json\/wp\/v2\/media?parent=436"}],"wp:term":[{"taxonomy":"category","embeddable":true,"href":"https:\/\/www.vdsm.net\/wronline\/wp-json\/wp\/v2\/categories?post=436"},{"taxonomy":"post_tag","embeddable":true,"href":"https:\/\/www.vdsm.net\/wronline\/wp-json\/wp\/v2\/tags?post=436"}],"curies":[{"name":"wp","href":"https:\/\/api.w.org\/{rel}","templated":true}]}}