{"id":4346,"date":"2016-08-04T15:16:10","date_gmt":"2016-08-04T13:16:10","guid":{"rendered":"http:\/\/www.vdsm.net\/wronline\/?p=4346"},"modified":"2016-08-04T15:16:10","modified_gmt":"2016-08-04T13:16:10","slug":"unternehmen-ueber-entwicklungen-in-der-tuerkei-besorgt","status":"publish","type":"post","link":"https:\/\/www.vdsm.net\/wronline\/unternehmen-ueber-entwicklungen-in-der-tuerkei-besorgt\/","title":{"rendered":"Unternehmen \u00fcber Entwicklungen in der T\u00fcrkei besorgt"},"content":{"rendered":"<div class=\"text\">\n<p>Die T\u00fcrkei stellt auch f\u00fcr die heimische Wirtschaft einen sehr relevanten Markt dar. \u00dcber 200 Unternehmen haben Wirtschaftsverbindungen in die T\u00fcrkei. Mindestens ein Dutzend Betriebe verf\u00fcgen dort \u00fcber Niederlassungen, Produktionsst\u00e4tten oder Beteiligungen. \u201eNicht alle, aber doch einige dieser Unternehmen verfolgen die j\u00fcngsten Ereignisse mit einiger Sorge. Aus Gespr\u00e4chen entnehmen wir teilweise gro\u00dfe Unsicherheit, wie sich die Rahmenbedingungen f\u00fcr unternehmerisches Handeln in der T\u00fcrkei k\u00fcnftig gestalten werden. Dort geplante Investitionen werden nun \u00fcberpr\u00fcft. Grunds\u00e4tzlich gilt: Je st\u00e4rker das Engagement vor Ort ausgepr\u00e4gt ist, desto gr\u00f6\u00dfer die Besorgnis\u201c, fasst IHK-Hauptgesch\u00e4ftsf\u00fchrer Klaus Gr\u00e4bener das Stimmungsbild in diesen Tagen telefonisch befragter Unternehmen in den Kreisen Siegen-Wittgenstein und Olpe zusammen. Sowohl die heimischen Betriebe als auch deren Kunden und Lieferanten in der T\u00fcrkei h\u00e4tten ein gro\u00dfes Interesse an einer Stabilisierung der Handelsbeziehungen.<\/p>\n<p>Die Unternehmen bef\u00fcrchten, dass die T\u00fcrkei die wirtschaftliche Dynamik der vergangenen Jahre teilweise einb\u00fc\u00dfen und der Standort Schaden nehmen k\u00f6nnte. F\u00fcr einige Firmen bildet das Land zudem den Dreh- und Angelpunkt f\u00fcr die Markterschlie\u00dfung in angrenzenden Staaten. Auch dies verst\u00e4rkt die Sorgen. Klaus Gr\u00e4bener: \u201eJe unsicherer die politische Lage wird, desto wichtiger wird aus Sicht der Wirtschaft die Absicherung von Gesch\u00e4ften. Hier k\u00f6nnte politischer Handlungsbedarf entstehen. M\u00f6glich ist auch, dass die t\u00fcrkische Lira gegen\u00fcber dem Euro nicht nur vor\u00fcbergehend an Wert verliert. Produkte aus unserer Region w\u00fcrden dann in der T\u00fcrkei teurer und w\u00e4ren dort schwerer abzusetzen.\u201c In der NRW-Exportstatistik 2015 liege die Ausfuhr in die T\u00fcrkei mit 4,6 Milliarden Euro an 13. Stelle, sie mache damit rund 2,5 Prozent der Gesamtausfuhr von NRW aus, erg\u00e4nzt IHK-Referatsleiter Stephan J\u00e4ger: \u201eWir gehen vor diesem Hintergrund davon aus, dass die heimische Industrie Waren im Wert von rund 200 Millionen Euro in die T\u00fcrkei exportiert. Insgesamt betr\u00e4gt der industrielle Auslandsumsatz des IHK-Bezirks 6,4 Milliarden Euro\u201c. In der j\u00fcngsten Konjunkturumfrage der IHK Siegen gab fast jedes f\u00fcnfte befragte Unternehmen an, dass S\u00fcdosteuropa (ohne EU) inklusive der T\u00fcrkei eine Zielregion f\u00fcr den Export ist. Der Zielmarkt steht f\u00fcr die Betriebe an siebter Stelle der Regionen mit den gr\u00f6\u00dften Exportchancen.<\/p>\n<p>Auch f\u00fcr die T\u00fcrkei selbst ist Deutschland ein wichtiger Handelspartner. Waren im Wert von fast 14 Milliarden Euro w\u00fcrden derzeit nach Deutschland exportiert, so viel wie in kein anderes Land, betont J\u00e4ger: \u201eAuch die Einfuhren aus Deutschland sind bezogen auf die gesamte t\u00fcrkische Wirtschaftsleistung betr\u00e4chtlich. Hinzu kommt, dass die Ein- und Ausfuhren zwischen Deutschland und der T\u00fcrkei seit 2000 stark zugelegt haben.\u201c Am meisten w\u00fcrden &#8222;Kraftwagen, Fahrzeuge und Fahrzeugteile&#8220; (11,5 Prozent) sowie &#8222;Maschinen und mechanische Erzeugnisse&#8220; (8,6 Prozent) von der T\u00fcrkei nach Deutschland ausgef\u00fchrt, gefolgt von &#8222;Kleidung aus Gewirken oder Gestricken&#8220; (6,4 Prozent). Bei den deutschen Exporten in die T\u00fcrkei stehe mit einem Anteil von 11,6 Prozent der Bereich &#8222;Maschinen und mechanische Erzeugnisse&#8220; an zweiter Stelle. Das wiederum sei ein wichtiger Zweig f\u00fcr Unternehmen aus dem IHK-Bezirk Siegen.<\/p>\n<\/div>\n","protected":false},"excerpt":{"rendered":"<p>Die T\u00fcrkei stellt auch f\u00fcr die heimische Wirtschaft einen sehr relevanten Markt dar. \u00dcber 200 Unternehmen haben Wirtschaftsverbindungen in die T\u00fcrkei. Mindestens ein Dutzend Betriebe&#8230;<\/p>\n","protected":false},"author":2,"featured_media":4352,"comment_status":"open","ping_status":"open","sticky":false,"template":"","format":"standard","meta":{"_jetpack_memberships_contains_paid_content":false,"footnotes":""},"categories":[11],"tags":[],"class_list":["post-4346","post","type-post","status-publish","format-standard","has-post-thumbnail","hentry","category-regionale-wirtschaft"],"jetpack_featured_media_url":"https:\/\/www.vdsm.net\/wronline\/wp-content\/uploads\/2016\/08\/Aussenhandel-Deutschland-Tuerkei_DEFAULT_WIDTH.jpg","jetpack_sharing_enabled":true,"_links":{"self":[{"href":"https:\/\/www.vdsm.net\/wronline\/wp-json\/wp\/v2\/posts\/4346","targetHints":{"allow":["GET"]}}],"collection":[{"href":"https:\/\/www.vdsm.net\/wronline\/wp-json\/wp\/v2\/posts"}],"about":[{"href":"https:\/\/www.vdsm.net\/wronline\/wp-json\/wp\/v2\/types\/post"}],"author":[{"embeddable":true,"href":"https:\/\/www.vdsm.net\/wronline\/wp-json\/wp\/v2\/users\/2"}],"replies":[{"embeddable":true,"href":"https:\/\/www.vdsm.net\/wronline\/wp-json\/wp\/v2\/comments?post=4346"}],"version-history":[{"count":5,"href":"https:\/\/www.vdsm.net\/wronline\/wp-json\/wp\/v2\/posts\/4346\/revisions"}],"predecessor-version":[{"id":4351,"href":"https:\/\/www.vdsm.net\/wronline\/wp-json\/wp\/v2\/posts\/4346\/revisions\/4351"}],"wp:featuredmedia":[{"embeddable":true,"href":"https:\/\/www.vdsm.net\/wronline\/wp-json\/wp\/v2\/media\/4352"}],"wp:attachment":[{"href":"https:\/\/www.vdsm.net\/wronline\/wp-json\/wp\/v2\/media?parent=4346"}],"wp:term":[{"taxonomy":"category","embeddable":true,"href":"https:\/\/www.vdsm.net\/wronline\/wp-json\/wp\/v2\/categories?post=4346"},{"taxonomy":"post_tag","embeddable":true,"href":"https:\/\/www.vdsm.net\/wronline\/wp-json\/wp\/v2\/tags?post=4346"}],"curies":[{"name":"wp","href":"https:\/\/api.w.org\/{rel}","templated":true}]}}