{"id":428,"date":"2012-02-27T15:56:35","date_gmt":"2012-02-27T14:56:35","guid":{"rendered":"http:\/\/www.vdsm.net\/wronline\/?p=428"},"modified":"2012-02-27T15:56:35","modified_gmt":"2012-02-27T14:56:35","slug":"einzelhandel-setzt-auf-stabilen-konsum","status":"publish","type":"post","link":"https:\/\/www.vdsm.net\/wronline\/einzelhandel-setzt-auf-stabilen-konsum\/","title":{"rendered":"Einzelhandel setzt auf stabilen Konsum"},"content":{"rendered":"<p>Siegen\/Olpe, 27. Februar 2012. Bei der j\u00fcngsten Konjunkturumfrage der Industrie- und Handelskammer Siegen (IHK) erwartet mit 82 Prozent die weit \u00fcberwiegende Mehrheit der Einzelh\u00e4ndler aus den Kreisen Siegen-Wittgenstein und Olpe stabile Gesch\u00e4fte. 19 Prozent rechnen in den ersten Monaten des Jahres sogar mit Zuw\u00e4chsen. Der Anteil der Unternehmen, die eher R\u00fcckg\u00e4nge bef\u00fcrchten, ist mit 18 Prozent gegen\u00fcber der Umfrage im Herbst 2011 konstant geblieben.<\/p>\n<p>\u201eAuf gro\u00dfe Spr\u00fcnge setzt der regionale Einzelhandel zwar nicht. Das Kaufverhalten zum Jahresanfang beurteilen die H\u00e4ndler aber besser als zuvor. Insgesamt hat sich das Konjunkturklima der Branche etwas aufgehellt. Wichtige Gr\u00fcnde sind vor allem die gute Entwicklung des Arbeitsmarktes und die Sicherheit der Arbeitspl\u00e4tze in der Region. Zudem verunsichert die EU-Schuldenkrise die Verbraucher nicht mehr in dem Ma\u00dfe wie zuvor. Langfristige Konsumg\u00fcter erfahren dadurch sogar eher einen Schub\u201c, kommentiert Rudolf K\u00f6nig gen. Kersting, verantwortlicher Gesch\u00e4ftsf\u00fchrer der IHK die Ergebnisse der Umfrage.<\/p>\n<p>Auf der anderen Seite machen sich die Einzelh\u00e4ndler zunehmend Sorgen \u00fcber die steigenden Energiepreise. Geld, das f\u00fcr h\u00f6here Stromausgaben oder an den Tankstellen f\u00fcr Rekordpreise bei Benzin und Diesel ausgegeben wird, kann nicht mehr im Einzelhandel ausgegeben werden.<\/p>\n<p>Die Ergebnisse im Einzelnen:<br \/>\nMehr als ein Viertel der Einzelh\u00e4ndler sch\u00e4tzt zum Jahresanfang die Lage gut ein, nur 17 Prozent schlecht (Herbst 2011: 22 Prozent). F\u00fcr manche Branchen lief das Saisongesch\u00e4ft wegen des \u00fcberwiegend milden Winterwetters z\u00f6gerlich an. Das Weihnachtsgesch\u00e4ft startete schleppend, konnte im Endspurt aber noch deutlich zulegen. Zwei Drittel aller Einzelh\u00e4ndler stufen das Kaufverhalten der Kunden zum Jahresbeginn als saison\u00fcblich bis kauffreudig ein. \u201eNur\u201c noch ein Drittel meldet Kaufzur\u00fcckhaltung. Im Herbst 2011 sprach noch rund die H\u00e4lfte von reservierten Kunden.<\/p>\n<p>Der K\u00e4lteeinbruch Anfang Februar kam zwar genau richtig zum Beginn des Winterschlussverkaufes, um die L\u00e4ger von Winterware zu r\u00e4umen. Das Wintergesch\u00e4ft 2011\/2012 erf\u00fcllte aber insgesamt nicht die hohen Erwartungen des Einzelhandels. Aufgrund des harten Winters im Vorjahr hatte er sich mehr erhofft.<\/p>\n<p>Im Nahrungsmittel- und Genussmittelhandel stuft mehr als jeder zweite Betrieb die Lage als befriedigend ein. 21 Prozent urteilen \u201egut\u201c, genauso viele aber auch \u201eschlecht\u201c. Das Kaufverhalten der Kunden wird etwas besser eingesch\u00e4tzt als vor einem halben Jahr. Trotzdem bleibt die Stimmung eher ged\u00e4mpft, weil h\u00f6here Kosten und anhaltender Preisdruck bei \u00fcber der H\u00e4lfte der Betriebe auf die Ertr\u00e4ge dr\u00fccken. So erwarten 39 Prozent k\u00fcnftig schlechtere Gesch\u00e4fte, immerhin fast jeder Vierte setzt auf bessere.<\/p>\n<p>18 Prozent der Textileinzelh\u00e4ndler melden eine gute Lage, mehr als ein Viertel aber auch eine schlechte. Die Kunden werden weniger reserviert eingestuft als im Herbst 2011. Auf diesem Niveau bauen 90 Prozent der Textilh\u00e4ndler auf stabile Gesch\u00e4fte, 10 Prozent auf bessere.<\/p>\n<p>Die Stimmung im Kfz-Handel ist zum Jahresanfang nicht mehr so positiv wie im vergangenen Jahr: Nur noch 15 Prozent geben eine gute Lage an, 22 Prozent eine schlechte. Die Jahresbilanz f\u00fcr 2011 fiel relativ zufriedenstellend aus, weil mehr Neuzulassungen registriert wurden. Die Dynamik lie\u00df aber im zweiten Halbjahr nach. Aktuell stufen die Kfz-H\u00e4ndler die Kunden wieder sp\u00fcrbar zur\u00fcckhaltender ein. Trotzdem hofft fast ein F\u00fcnftel der Betriebe auf Zuw\u00e4chse, nur 11 Prozent bef\u00fcrchten R\u00fcckg\u00e4nge. 70 Prozent rechnen mit einem stabilen Verlauf.<\/p>\n<p>Das Klima im \u00fcbrigen Einzelhandel hat sich aufgehellt. Positive Impulse registrierten vor allem Einzelh\u00e4ndler mit langfristigen und hochwertigen Produkten, wie zum Beispiel M\u00f6bel, K\u00fcchen und Einrichtungen.<\/p>\n","protected":false},"excerpt":{"rendered":"<p>Siegen\/Olpe, 27. Februar 2012. Bei der j\u00fcngsten Konjunkturumfrage der Industrie- und Handelskammer Siegen (IHK) erwartet mit 82 Prozent die weit \u00fcberwiegende Mehrheit der Einzelh\u00e4ndler aus&#8230;<\/p>\n","protected":false},"author":2,"featured_media":0,"comment_status":"open","ping_status":"open","sticky":false,"template":"","format":"standard","meta":{"_jetpack_memberships_contains_paid_content":false,"footnotes":""},"categories":[1],"tags":[],"class_list":["post-428","post","type-post","status-publish","format-standard","hentry","category-aktuell"],"jetpack_featured_media_url":"","jetpack_sharing_enabled":true,"_links":{"self":[{"href":"https:\/\/www.vdsm.net\/wronline\/wp-json\/wp\/v2\/posts\/428","targetHints":{"allow":["GET"]}}],"collection":[{"href":"https:\/\/www.vdsm.net\/wronline\/wp-json\/wp\/v2\/posts"}],"about":[{"href":"https:\/\/www.vdsm.net\/wronline\/wp-json\/wp\/v2\/types\/post"}],"author":[{"embeddable":true,"href":"https:\/\/www.vdsm.net\/wronline\/wp-json\/wp\/v2\/users\/2"}],"replies":[{"embeddable":true,"href":"https:\/\/www.vdsm.net\/wronline\/wp-json\/wp\/v2\/comments?post=428"}],"version-history":[{"count":1,"href":"https:\/\/www.vdsm.net\/wronline\/wp-json\/wp\/v2\/posts\/428\/revisions"}],"predecessor-version":[{"id":429,"href":"https:\/\/www.vdsm.net\/wronline\/wp-json\/wp\/v2\/posts\/428\/revisions\/429"}],"wp:attachment":[{"href":"https:\/\/www.vdsm.net\/wronline\/wp-json\/wp\/v2\/media?parent=428"}],"wp:term":[{"taxonomy":"category","embeddable":true,"href":"https:\/\/www.vdsm.net\/wronline\/wp-json\/wp\/v2\/categories?post=428"},{"taxonomy":"post_tag","embeddable":true,"href":"https:\/\/www.vdsm.net\/wronline\/wp-json\/wp\/v2\/tags?post=428"}],"curies":[{"name":"wp","href":"https:\/\/api.w.org\/{rel}","templated":true}]}}