{"id":4209,"date":"2016-07-12T15:31:16","date_gmt":"2016-07-12T13:31:16","guid":{"rendered":"http:\/\/www.vdsm.net\/wronline\/?p=4209"},"modified":"2016-07-12T15:31:16","modified_gmt":"2016-07-12T13:31:16","slug":"qualitaetssiegel-fuer-zdi-zentrum","status":"publish","type":"post","link":"https:\/\/www.vdsm.net\/wronline\/qualitaetssiegel-fuer-zdi-zentrum\/","title":{"rendered":"Qualit\u00e4tssiegel f\u00fcr zdi-Zentrum"},"content":{"rendered":"<p>Das \u201ezdi-Zentrum Regionalinitiative MINT Siegen-Wittgenstein\u201c hat erneut das zdi-Qualit\u00e4tssiegel f\u00fcr das Jahr 2016 erhalten. Die Urkunde zur Rezertifizierung wurde von Svenja Schulze, Ministerin f\u00fcr Innovation, Wissenschaft und Forschung des Landes NRW, verliehen. Mit ihr wird die besondere F\u00f6rderung des naturwissenschaftlich-technischen Nachwuchses in Siegen-Wittgenstein gew\u00fcrdigt.<\/p>\n<p>Das zdi-Zentrum im Kreishaus ist seit 2010 erste Anlaufstelle f\u00fcr alle, die nach Projekten oder Kooperationen im MINT-Bereich suchen. Die MINT-F\u00f6rderung m\u00f6chte schon ab dem Kindergarten bei Jungen und M\u00e4dchen Interesse f\u00fcr Mathematik, Informatik, Naturwissenschaften und Technik wecken. In unserer erfolgreichen Industrieregion bieten gerade die MINT-Berufe sehr gute Karrierechancen. Ziel der MINT-Initiative ist es auch, dem Fachkr\u00e4ftemangel in den heimischen Unternehmen zu begegnen.<\/p>\n<p>Dabei arbeiten die Wirtschaftsf\u00f6rderung des Kreises Siegen-Wittgenstein, Kita-Tr\u00e4ger, Kommunen, Schulen und die Universit\u00e4t Siegen eng zusammen und bieten geb\u00fcndelt durch das zdi-Zentrum Siegen-Wittgenstein spannende Kurse an, in denen die vielf\u00e4ltigen MINT-Berufsbilder entdeckt werden k\u00f6nnen.<\/p>\n<p>Alle Informationen zum \u201ezdi-Zentrum Regionalinitiative MINT Siegen-Wittgenstein\u201c gibt es unter <a class=\"csslink_extern\" title=\"Externer Link\" href=\"http:\/\/www.mint-siwi.de\/\" target=\"_blank\">www.mint-siwi.de<\/a>.<\/p>\n","protected":false},"excerpt":{"rendered":"<p>Das \u201ezdi-Zentrum Regionalinitiative MINT Siegen-Wittgenstein\u201c hat erneut das zdi-Qualit\u00e4tssiegel f\u00fcr das Jahr 2016 erhalten. Die Urkunde zur Rezertifizierung wurde von Svenja Schulze, Ministerin f\u00fcr Innovation,&#8230;<\/p>\n","protected":false},"author":2,"featured_media":4210,"comment_status":"open","ping_status":"open","sticky":false,"template":"","format":"standard","meta":{"_jetpack_memberships_contains_paid_content":false,"footnotes":""},"categories":[8],"tags":[],"class_list":["post-4209","post","type-post","status-publish","format-standard","has-post-thumbnail","hentry","category-ausbildung"],"jetpack_featured_media_url":"https:\/\/www.vdsm.net\/wronline\/wp-content\/uploads\/2016\/07\/2170_2296_1_g.jpg","jetpack_sharing_enabled":true,"_links":{"self":[{"href":"https:\/\/www.vdsm.net\/wronline\/wp-json\/wp\/v2\/posts\/4209","targetHints":{"allow":["GET"]}}],"collection":[{"href":"https:\/\/www.vdsm.net\/wronline\/wp-json\/wp\/v2\/posts"}],"about":[{"href":"https:\/\/www.vdsm.net\/wronline\/wp-json\/wp\/v2\/types\/post"}],"author":[{"embeddable":true,"href":"https:\/\/www.vdsm.net\/wronline\/wp-json\/wp\/v2\/users\/2"}],"replies":[{"embeddable":true,"href":"https:\/\/www.vdsm.net\/wronline\/wp-json\/wp\/v2\/comments?post=4209"}],"version-history":[{"count":1,"href":"https:\/\/www.vdsm.net\/wronline\/wp-json\/wp\/v2\/posts\/4209\/revisions"}],"predecessor-version":[{"id":4211,"href":"https:\/\/www.vdsm.net\/wronline\/wp-json\/wp\/v2\/posts\/4209\/revisions\/4211"}],"wp:featuredmedia":[{"embeddable":true,"href":"https:\/\/www.vdsm.net\/wronline\/wp-json\/wp\/v2\/media\/4210"}],"wp:attachment":[{"href":"https:\/\/www.vdsm.net\/wronline\/wp-json\/wp\/v2\/media?parent=4209"}],"wp:term":[{"taxonomy":"category","embeddable":true,"href":"https:\/\/www.vdsm.net\/wronline\/wp-json\/wp\/v2\/categories?post=4209"},{"taxonomy":"post_tag","embeddable":true,"href":"https:\/\/www.vdsm.net\/wronline\/wp-json\/wp\/v2\/tags?post=4209"}],"curies":[{"name":"wp","href":"https:\/\/api.w.org\/{rel}","templated":true}]}}