{"id":4146,"date":"2016-07-01T13:52:56","date_gmt":"2016-07-01T11:52:56","guid":{"rendered":"http:\/\/www.vdsm.net\/wronline\/?p=4146"},"modified":"2016-07-01T13:54:45","modified_gmt":"2016-07-01T11:54:45","slug":"400-interessierte-bei-tag-der-ausbildung","status":"publish","type":"post","link":"https:\/\/www.vdsm.net\/wronline\/400-interessierte-bei-tag-der-ausbildung\/","title":{"rendered":"400 Interessierte beim Tag der Ausbildung"},"content":{"rendered":"<p>Maria Stracke und Ulrich Schmidt f\u00fchren zurzeit viele Vorstellungsgespr\u00e4che. Die \u201ehei\u00dfe Phase\u201c f\u00fcr die Auswahl des Ausbildungsjahrgang 2017 hat bereits begonnen. 45 Lehrstellen will die Firma Viega alleine an den drei Standorten im Kreis Olpe im kommenden Jahr besetzen, davon 15 im kaufm\u00e4nnischen und 30 im gewerblich-technischen Bereich. Die Palette von insgesamt 19 Berufen hat das Unternehmen jetzt erstmalig an einem Tag der Ausbildung vorgestellt. Daf\u00fcr wurden die Tore der Werke Attendorn-Ennest und Lennestadt-Elspe f\u00fcr Eltern und Sch\u00fcler der Klassen acht und 13 an zwei Tagen ge\u00f6ffnet.<\/p>\n<div id=\"attachment_4148\" style=\"width: 310px\" class=\"wp-caption alignleft\"><a href=\"http:\/\/www.vdsm.net\/wronline\/wp-content\/uploads\/2016\/07\/PR160628TagderAusbildung1.jpg\"><img loading=\"lazy\" decoding=\"async\" aria-describedby=\"caption-attachment-4148\" class=\"wp-image-4148 size-medium\" src=\"http:\/\/www.vdsm.net\/wronline\/wp-content\/uploads\/2016\/07\/PR160628TagderAusbildung1-300x192.jpg\" alt=\"Gesch\u00e4ftsf\u00fchrender Gesellschafter der Viega GmbH &amp; Co. KG, begr\u00fc\u00dfte Eltern und Sch\u00fcler beim ersten Tag der Ausbildung im Seminarcenter am Viega Standort Attendorn-Ennest.\" width=\"300\" height=\"192\" srcset=\"https:\/\/www.vdsm.net\/wronline\/wp-content\/uploads\/2016\/07\/PR160628TagderAusbildung1-300x192.jpg 300w, https:\/\/www.vdsm.net\/wronline\/wp-content\/uploads\/2016\/07\/PR160628TagderAusbildung1-768x491.jpg 768w, https:\/\/www.vdsm.net\/wronline\/wp-content\/uploads\/2016\/07\/PR160628TagderAusbildung1.jpg 777w\" sizes=\"auto, (max-width: 300px) 100vw, 300px\" \/><\/a><p id=\"caption-attachment-4148\" class=\"wp-caption-text\">Walter Viegener (l.), Gesch\u00e4ftsf\u00fchrender Gesellschafter der Viega GmbH &amp; Co. KG, begr\u00fc\u00dfte Eltern und Sch\u00fcler beim ersten Tag der Ausbildung im Seminarcenter am Viega Standort Attendorn-Ennest.<\/p><\/div>\n<p>\u201eWir wollten an diesen Tagen einmal ganz praxisnah die F\u00fclle von Berufen zeigen, in denen wir ausbilden\u201c, beschreibt Maria Stracke das Ziel der Werkstor\u00f6ffnung. \u201eVon einigen Berufen haben viele Jugendliche noch nie geh\u00f6rt\u201c, so die Leiterin der kaufm\u00e4nnischen Ausbildung. Und diese h\u00e4tten meist die besten Perspektiven, erg\u00e4nzt sie. Denn auch hier w\u00fcrden Angebot und Nachfrage den Arbeitsmarkt regulieren. \u201eDie Berufe Gie\u00dfereimechaniker oder Oberfl\u00e4chenbeschichter sind leider sehr unbekannt\u201c,\u00a0 best\u00e4tigt Ulrich Schmidt, der seit Mitte letzten Jahres f\u00fcr die gewerblich-technische Ausbildung bei Viega verantwortlich ist. F\u00fcr Jugendliche mit einem Faible f\u00fcr Technik und Chemie seien diese Berufe aber sehr interessant. Davon \u00fcberzeugten sich die Besucher vor Ort. Eltern und Sch\u00fcler konnten dem Gie\u00dfereimechaniker am Gie\u00dfofen in Ennest \u00fcber die Schulter schauen, dem Oberfl\u00e4chenbeschichter beim Verchromen von Metallen in Elspe.<\/p>\n<p><strong>Informatives Programm<\/strong><\/p>\n<p>Jeweils vier Stunden hatten die Besucher an beiden Tagen Zeit, die Ausbildungsm\u00f6glichkeiten bei Viega kennenzulernen und bei einer Werksbesichtigung hinter die Kulissen des Unternehmens zu schauen \u2013 mit Einblick in die komplette Prozesskette vom Rohmaterial bis hin zur Logistik. An Infost\u00e4nden zu den 19 Berufen sowie allgemeinen Ausbildungsthemen konnten interessierte Sch\u00fcler sich ein umfassendes Bild machen und viele Fragen stellen. Auszubildende sowie Ausbilder standen Rede und Antwort. Au\u00dferdem nahmen Mitarbeiter aus dem Personalbereich Bewerbungsmappen in einem individuellen Check unter die Lupe.<\/p>\n<p><strong>\u00a0<\/strong><strong>Zahlreiche Besucher<\/strong><\/p>\n<p>400 Eltern, Lehrer und Sch\u00fcler nutzten den Tag der Ausbildung, um Viega aus n\u00e4chster N\u00e4he kennenzulernen. Die beiden Ausbildungsleiter ziehen zufrieden Bilanz: \u201eWir sind begeistert von der hohen Besucherzahl und den vielen positiven R\u00fcckmeldungen.\u201c\u00a0 Die gesamte Organisation hat in den H\u00e4nden von sechzig Auszubildenden gelegen. Das sei phantastisch gelaufen. Auf die Frage, ob noch Bewerbungen f\u00fcr 2017 m\u00f6glich und sinnvoll w\u00e4ren, nicken beide. \u201eWir sind zwar schon im Auswahlverfahren, haben aber noch nicht alle Stellen f\u00fcr das kommende Jahr besetzt. Bewerbungen sind noch sehr willkommen.\u201c Der schnellste Weg sei online unter <a href=\"http:\/\/www.viega.de\/karriere\" target=\"_blank\">www.viega.de\/karriere<\/a>.<\/p>\n","protected":false},"excerpt":{"rendered":"<p>Maria Stracke und Ulrich Schmidt f\u00fchren zurzeit viele Vorstellungsgespr\u00e4che. Die \u201ehei\u00dfe Phase\u201c f\u00fcr die Auswahl des Ausbildungsjahrgang 2017 hat bereits begonnen. 45 Lehrstellen will die&#8230;<\/p>\n","protected":false},"author":2,"featured_media":4147,"comment_status":"open","ping_status":"open","sticky":false,"template":"","format":"standard","meta":{"_jetpack_memberships_contains_paid_content":false,"footnotes":""},"categories":[1,8],"tags":[],"class_list":["post-4146","post","type-post","status-publish","format-standard","has-post-thumbnail","hentry","category-aktuell","category-ausbildung"],"jetpack_featured_media_url":"https:\/\/www.vdsm.net\/wronline\/wp-content\/uploads\/2016\/07\/PR_160628_Tag_der_Ausbildun.jpg","jetpack_sharing_enabled":true,"_links":{"self":[{"href":"https:\/\/www.vdsm.net\/wronline\/wp-json\/wp\/v2\/posts\/4146","targetHints":{"allow":["GET"]}}],"collection":[{"href":"https:\/\/www.vdsm.net\/wronline\/wp-json\/wp\/v2\/posts"}],"about":[{"href":"https:\/\/www.vdsm.net\/wronline\/wp-json\/wp\/v2\/types\/post"}],"author":[{"embeddable":true,"href":"https:\/\/www.vdsm.net\/wronline\/wp-json\/wp\/v2\/users\/2"}],"replies":[{"embeddable":true,"href":"https:\/\/www.vdsm.net\/wronline\/wp-json\/wp\/v2\/comments?post=4146"}],"version-history":[{"count":5,"href":"https:\/\/www.vdsm.net\/wronline\/wp-json\/wp\/v2\/posts\/4146\/revisions"}],"predecessor-version":[{"id":4153,"href":"https:\/\/www.vdsm.net\/wronline\/wp-json\/wp\/v2\/posts\/4146\/revisions\/4153"}],"wp:featuredmedia":[{"embeddable":true,"href":"https:\/\/www.vdsm.net\/wronline\/wp-json\/wp\/v2\/media\/4147"}],"wp:attachment":[{"href":"https:\/\/www.vdsm.net\/wronline\/wp-json\/wp\/v2\/media?parent=4146"}],"wp:term":[{"taxonomy":"category","embeddable":true,"href":"https:\/\/www.vdsm.net\/wronline\/wp-json\/wp\/v2\/categories?post=4146"},{"taxonomy":"post_tag","embeddable":true,"href":"https:\/\/www.vdsm.net\/wronline\/wp-json\/wp\/v2\/tags?post=4146"}],"curies":[{"name":"wp","href":"https:\/\/api.w.org\/{rel}","templated":true}]}}