{"id":4131,"date":"2016-06-30T15:36:02","date_gmt":"2016-06-30T13:36:02","guid":{"rendered":"http:\/\/www.vdsm.net\/wronline\/?p=4131"},"modified":"2016-06-30T15:37:16","modified_gmt":"2016-06-30T13:37:16","slug":"arndt-guenter-kirchhoff-neuer-unternehmerpraesident-in-nrw","status":"publish","type":"post","link":"https:\/\/www.vdsm.net\/wronline\/arndt-guenter-kirchhoff-neuer-unternehmerpraesident-in-nrw\/","title":{"rendered":"Arndt G. Kirchhoff neuer Unternehmerpr\u00e4sident in NRW"},"content":{"rendered":"<p class=\"bodytext\">Die nordrhein-westf\u00e4lischen Unternehmer haben Arndt G\u00fcnter Kirchhoff (61) zu ihrem neuen Pr\u00e4sidenten gew\u00e4hlt. Das teilte die Landesvereinigung der Unternehmensverb\u00e4nde Nordrhein-Westfalen (unternehmer nrw) in D\u00fcsseldorf mit. Kirchhoff ist Nachfolger von Horst-Werner Maier-Hunke (78), der zum Ehrenpr\u00e4sidenten von unternehmer nrw ernannt wurde. Maier-Hunke hatte am Mittwoch bei der Mitgliederversammlung 2016 der Organisation nicht mehr f\u00fcr dieses Amt kandidiert und damit nach zw\u00f6lf Jahren seine T\u00e4tigkeit als Pr\u00e4sident beendet. Die Landesvereinigung ist die Spitzenorganisation der nordrhein-westf\u00e4lischen Wirtschaft und vertritt die wirtschafts- und sozialpolitischen Anliegen von 129 Mitgliedsverb\u00e4nden und 80.000 Betrieben mit drei Millionen Besch\u00e4ftigten.<\/p>\n<p class=\"bodytext\">Auf dem Unternehmertag 2016 seiner Organisation bezeichnete Kirchhoff seinen Vorg\u00e4nger Maier-Hunke als einen verl\u00e4sslichen und wegen seiner klaren Haltung und Grundsatztreue hoch gesch\u00e4tzten und glaubw\u00fcrdigen Repr\u00e4sentanten der nordrhein-westf\u00e4lischen Unternehmer. Mit seiner pers\u00f6nlichen Integrit\u00e4t und Bescheidenheit habe Maier-Hunke die Landesvereinigung als bedeutenden Ansprechpartner f\u00fcr alle gesellschaftlichen Gruppen des Landes positioniert. \u201eHorst-Werner Maier-Hunke war zw\u00f6lf Jahre lang die Stimme der nordrhein-westf\u00e4lischen Wirtschaft\u201c, sagte Kirchhoff. Mit seinem Namen verbunden bleibe ein Meilenstein der Verbandsgeschichte \u2013 die Zusammenf\u00fchrung der Landesvereinigung der Arbeitgeberverb\u00e4nde mit der BDI-Landesvertretung NRW zu unternehmer nrw im Jahr 2010.<\/p>\n<p class=\"bodytext\">Nordrhein-Westfalen k\u00f6nne nach Worten des Unternehmerpr\u00e4sidenten mit starken Pfunden wuchern. \u201eWir d\u00fcrfen NRW nicht schlechtreden, unser Land hat enorme Chancen und Potenziale.\u201c, sagte Kirchhoff. Dazu geh\u00f6rten seine zentrale Lage, komplette Wertsch\u00f6pfungsketten von Industrie und Dienstleistungen auf engstem Raum, die in weiten Teilen des Landes mittelst\u00e4ndisch gepr\u00e4gte Wirtschaftsstruktur, die vielf\u00e4ltige Hochschullandschaft und enorme Ausbildungsbereitschaft der Unternehmen sowie eine seit Jahren gewachsene funktionierende Sozialpartnerschaft. An die Gewerkschaften gerichtet betonte Kirchhoff w\u00f6rtlich: \u201eDen NRW-Weg unserer vertrauensvollen Dialogkultur m\u00f6chte ich mit Ihnen weitergehen. Dazu reiche ich Ihnen meine Hand.\u201c<\/p>\n<p class=\"bodytext\">Ungeachtet der St\u00e4rken des Landes d\u00fcrfe NRW seine Schw\u00e4chen nicht verschweigen. \u201eH\u00f6ren wir auf mit Ausreden und Sch\u00f6nreden. Die Wachstumsschw\u00e4che muss uns alle aufr\u00fctteln\u201c, erkl\u00e4rte Kirchhoff mit Blick auf den bundesweit letzten Platz beim Wirtschaftswachstum. Die Zeiten von Bedenkentr\u00e4gerei und Angstmacherei m\u00fcssten jetzt vorbei sein. Der Unternehmerpr\u00e4sident forderte im Vertrauen auf die vielen St\u00e4rken des Landes einen neuen Aufbruch in NRW. Dazu geh\u00f6re ein verbindlicher wirtschaftspolitischer Masterplan. Die industriepolitischen Leitlinien von Wirtschaftsminister Garrelt Duin begr\u00fc\u00dfte Kirchhoff. \u201eDa steht viel Richtiges drin.\u201c Daran m\u00fcsse sich aber jetzt die gesamte Landesregierung halten.<\/p>\n<p class=\"bodytext\">Kirchhoff erneuerte die Forderung seines Verbandes nach einer massiven Infrastruktur-Offensive f\u00fcr das Land. Nordrhein-Westfalen k\u00f6nne sich jetzt beim erforderlichen Ausbau von Verkehrsnetzen und Verkehrstr\u00e4gern keine weiteren Verz\u00f6gerungen bei Planungs- und Genehmigungsverfahren mehr leisten. Vor allem erwarte er, dass das Land Vorreiter bei Digitalisierung und Industrie 4.0 werde. \u201eIch sage deutlich: Hier m\u00fcssen wir auf Sieg spielen und nicht auf Platz setzen\u201c, erkl\u00e4rte Kirchhoff.<\/p>\n<p class=\"bodytext\">Der Unternehmerpr\u00e4sident forderte einen wirtschafts-, umwelt- und sozialpolitischen Regulierungsstopp f\u00fcr Nordrhein-Westfalen. Es m\u00fcsse jetzt Schluss sein mit \u00fcberzogenen Alleing\u00e4ngen des Landes im Umwelt- und Klimaschutz. Vielmehr ben\u00f6tige das Land einen \u201eIndustrie-Pakt NRW\u201c, der die Industrie als strategische St\u00e4rke des Landes und als Basis f\u00fcr einen gelingenden Aufbruch anerkenne. \u201eWir brauchen die Industrie, wir brauchen die Wertsch\u00f6pfungsketten und wir brauchen eine Landespolitik, die hierzu ein klares Bekenntnis abgibt\u201c, sagte Kirchhoff.<\/p>\n<p class=\"bodytext\">Der in Essen geborene Diplom-Wirtschaftsingenieur Arndt G. Kirchhoff ist Gesch\u00e4ftsf\u00fchrender Gesellschafter und CEO der KIRCHHOFF Holding GmbH &amp; Co. KG. Die familiengef\u00fchrte Unternehmensgruppe ist mit weltweit rund 10.500 Mitarbeitern und einem Jahresumsatz von 1,8 Milliarden Euro eines der bedeutendsten mittelst\u00e4ndischen Unternehmen der Autozuliefererbranche. Nach dem Studium des Wirtschaftsingenieurwesens und des Maschinenbaus an der TU Darmstadt war Kirchhoff zun\u00e4chst Leiter der zentralen Auftragsabwicklung Deutsche Babcock Werke AG, bevor er 1990 Gesch\u00e4ftsf\u00fchrender Gesellschafter der KIRCHHOFF Gruppe wurde.<\/p>\n<p class=\"bodytext\">Kirchhoff engagiert sich ebenfalls seit langem in Organisationen der deutschen Wirtschaft. Er ist Pr\u00e4sident des Instituts der deutschen Wirtschaft K\u00f6ln und Pr\u00e4sident von METALL NRW. \u00dcberdies ist Kirchhoff Vizepr\u00e4sident der Bundesvereinigung der Deutschen Arbeitgeberverb\u00e4nde (BDA), des Gesamtverbandes der Arbeitgeberverb\u00e4nde der deutschen Metall- und Elektroindustrie (Gesamtmetall) und des Verbandes der Deutschen Automobilindustrie (VDA). Au\u00dferdem ist er Mitglied im Pr\u00e4sidium des Bundesverbandes der Deutschen Industrie (BDI).<\/p>\n","protected":false},"excerpt":{"rendered":"<p>Die nordrhein-westf\u00e4lischen Unternehmer haben Arndt G\u00fcnter Kirchhoff (61) zu ihrem neuen Pr\u00e4sidenten gew\u00e4hlt. Das teilte die Landesvereinigung der Unternehmensverb\u00e4nde Nordrhein-Westfalen (unternehmer nrw) in D\u00fcsseldorf mit&#8230;.<\/p>\n","protected":false},"author":2,"featured_media":4132,"comment_status":"open","ping_status":"open","sticky":false,"template":"","format":"standard","meta":{"_jetpack_memberships_contains_paid_content":false,"footnotes":""},"categories":[11],"tags":[],"class_list":["post-4131","post","type-post","status-publish","format-standard","has-post-thumbnail","hentry","category-regionale-wirtschaft"],"jetpack_featured_media_url":"https:\/\/www.vdsm.net\/wronline\/wp-content\/uploads\/2016\/06\/2016-PraesidentenWechsel.jpg","jetpack_sharing_enabled":true,"_links":{"self":[{"href":"https:\/\/www.vdsm.net\/wronline\/wp-json\/wp\/v2\/posts\/4131","targetHints":{"allow":["GET"]}}],"collection":[{"href":"https:\/\/www.vdsm.net\/wronline\/wp-json\/wp\/v2\/posts"}],"about":[{"href":"https:\/\/www.vdsm.net\/wronline\/wp-json\/wp\/v2\/types\/post"}],"author":[{"embeddable":true,"href":"https:\/\/www.vdsm.net\/wronline\/wp-json\/wp\/v2\/users\/2"}],"replies":[{"embeddable":true,"href":"https:\/\/www.vdsm.net\/wronline\/wp-json\/wp\/v2\/comments?post=4131"}],"version-history":[{"count":3,"href":"https:\/\/www.vdsm.net\/wronline\/wp-json\/wp\/v2\/posts\/4131\/revisions"}],"predecessor-version":[{"id":4135,"href":"https:\/\/www.vdsm.net\/wronline\/wp-json\/wp\/v2\/posts\/4131\/revisions\/4135"}],"wp:featuredmedia":[{"embeddable":true,"href":"https:\/\/www.vdsm.net\/wronline\/wp-json\/wp\/v2\/media\/4132"}],"wp:attachment":[{"href":"https:\/\/www.vdsm.net\/wronline\/wp-json\/wp\/v2\/media?parent=4131"}],"wp:term":[{"taxonomy":"category","embeddable":true,"href":"https:\/\/www.vdsm.net\/wronline\/wp-json\/wp\/v2\/categories?post=4131"},{"taxonomy":"post_tag","embeddable":true,"href":"https:\/\/www.vdsm.net\/wronline\/wp-json\/wp\/v2\/tags?post=4131"}],"curies":[{"name":"wp","href":"https:\/\/api.w.org\/{rel}","templated":true}]}}