{"id":407,"date":"2012-02-07T08:00:13","date_gmt":"2012-02-07T07:00:13","guid":{"rendered":"http:\/\/www.vdsm.net\/wronline\/?p=407"},"modified":"2012-02-06T17:42:31","modified_gmt":"2012-02-06T16:42:31","slug":"kompetenzzentrum-frau-und-beruf-bewilligt","status":"publish","type":"post","link":"https:\/\/www.vdsm.net\/wronline\/kompetenzzentrum-frau-und-beruf-bewilligt\/","title":{"rendered":"Kompetenzzentrum Frau und Beruf bewilligt"},"content":{"rendered":"<p>Siegen, 7. Februar 2012. \u201eDie Arbeitsmarktregion Siegen-Wittgenstein und Olpe erh\u00e4lt in den n\u00e4chsten Jahren insgesamt rund 820.000 Euro zur Einrichtung eines Kompetenzzentrums Frau und Beruf. Das ist ein wichtiger Baustein zur Verbesserung der Frauenerwerbst\u00e4tigkeit und somit zur Sicherung des Fachkr\u00e4ftebedarfs in der Region\u201c so die Landr\u00e4te Paul Breuer und Frank Beckehoff der Kreise Siegen-Wittgenstein und Olpe. Beide zeigten sich erfreut, dass der F\u00f6rderbescheid jetzt in der Region eingegangen ist. Im Sommer 2011 hatte das Ministerium f\u00fcr Gesundheit, Emanzipation, Pflege und Alter den Aufruf f\u00fcr dieses Projekt gestartet und Landes- und Mittel aus dem europ\u00e4ischen Strukturfond f\u00fcr die Verbesserung der Frauenerwerbst\u00e4tigkeit zur Verf\u00fcgung gestellt.<\/p>\n<p>Die Kreise Siegen-Wittgenstein und Olpe waren sich sehr schnell einig, dieses wichtige Thema gemeinsam\u00a0 anzugehen und eine Interessenbekundung abzugeben. Die Regionalagentur und die Gleichstellungsbeauftragten der beiden Kreise erarbeiteten die erforderlichen Eckpunkte aus frauen- und arbeitsmarktpolitischer Sicht. Ber\u00fccksichtigt wurden dabei auch die Ergebnisse eines Arbeitskreises Fachkr\u00e4ftesicherung, der unter der Federf\u00fchrung der Industrie- und Handelskammer bereits Leitlinien und Projektvorschl\u00e4ge zur Fachkr\u00e4ftesicherung in der Region entwickelt hatte. Auch die regionalen Arbeitsmarktakteure sehen die Verbesserung der Frauenerwerbst\u00e4tigkeit als einen zentralen Punkt zur Sicherung des zuk\u00fcnftigen Bedarfs an Fachkr\u00e4ften.<\/p>\n<p>Das Kompetenzzentrum Frau und Beruf wird in der Arbeitsmarktregion mit drei Personen an den\u00a0 Rahmenbedingungen arbeiten, um die berufliche Gleichstellung von Frauen zu verbessern. Die zu ber\u00fccksichtigenden Themenfelder sind dabei sehr vielf\u00e4ltig. Begonnen wird mit der Sensibilisierung von kleinen und mittleren Unternehmen aus Industrie und Handwerk f\u00fcr die Umsetzung familienfreundlicher Strukturen. Weiterer Schwerpunkt ist die breite Information \u00fcber vorhandene Kinderbetreuungsm\u00f6glichkeiten, die Entwicklung passgenauer Kinderbetreuungsmodelle f\u00fcr Randzeiten und Schichtarbeit sowie von Modellen zur besseren Vereinbarkeit von Beruf und Pflege in der Familie.<\/p>\n","protected":false},"excerpt":{"rendered":"<p>Siegen, 7. Februar 2012. \u201eDie Arbeitsmarktregion Siegen-Wittgenstein und Olpe erh\u00e4lt in den n\u00e4chsten Jahren insgesamt rund 820.000 Euro zur Einrichtung eines Kompetenzzentrums Frau und Beruf&#8230;.<\/p>\n","protected":false},"author":2,"featured_media":0,"comment_status":"open","ping_status":"open","sticky":false,"template":"","format":"standard","meta":{"_jetpack_memberships_contains_paid_content":false,"footnotes":""},"categories":[11],"tags":[],"class_list":["post-407","post","type-post","status-publish","format-standard","hentry","category-regionale-wirtschaft"],"jetpack_featured_media_url":"","jetpack_sharing_enabled":true,"_links":{"self":[{"href":"https:\/\/www.vdsm.net\/wronline\/wp-json\/wp\/v2\/posts\/407","targetHints":{"allow":["GET"]}}],"collection":[{"href":"https:\/\/www.vdsm.net\/wronline\/wp-json\/wp\/v2\/posts"}],"about":[{"href":"https:\/\/www.vdsm.net\/wronline\/wp-json\/wp\/v2\/types\/post"}],"author":[{"embeddable":true,"href":"https:\/\/www.vdsm.net\/wronline\/wp-json\/wp\/v2\/users\/2"}],"replies":[{"embeddable":true,"href":"https:\/\/www.vdsm.net\/wronline\/wp-json\/wp\/v2\/comments?post=407"}],"version-history":[{"count":3,"href":"https:\/\/www.vdsm.net\/wronline\/wp-json\/wp\/v2\/posts\/407\/revisions"}],"predecessor-version":[{"id":412,"href":"https:\/\/www.vdsm.net\/wronline\/wp-json\/wp\/v2\/posts\/407\/revisions\/412"}],"wp:attachment":[{"href":"https:\/\/www.vdsm.net\/wronline\/wp-json\/wp\/v2\/media?parent=407"}],"wp:term":[{"taxonomy":"category","embeddable":true,"href":"https:\/\/www.vdsm.net\/wronline\/wp-json\/wp\/v2\/categories?post=407"},{"taxonomy":"post_tag","embeddable":true,"href":"https:\/\/www.vdsm.net\/wronline\/wp-json\/wp\/v2\/tags?post=407"}],"curies":[{"name":"wp","href":"https:\/\/api.w.org\/{rel}","templated":true}]}}