{"id":399,"date":"2012-02-06T08:00:36","date_gmt":"2012-02-06T07:00:36","guid":{"rendered":"http:\/\/www.vdsm.net\/wronline\/?p=399"},"modified":"2012-02-06T17:40:51","modified_gmt":"2012-02-06T16:40:51","slug":"familie-und-beruf-erfolgreich-verbinden","status":"publish","type":"post","link":"https:\/\/www.vdsm.net\/wronline\/familie-und-beruf-erfolgreich-verbinden\/","title":{"rendered":"Familie und Beruf erfolgreich verbinden"},"content":{"rendered":"<div id=\"attachment_400\" style=\"width: 310px\" class=\"wp-caption alignleft\"><a href=\"http:\/\/www.vdsm.net\/wronline\/wp-content\/uploads\/2012\/02\/aa-siegsolar2.jpg\"><img loading=\"lazy\" decoding=\"async\" aria-describedby=\"caption-attachment-400\" class=\"size-full wp-image-400\" title=\"Familie und Beruf erfolgreich verbinden\" src=\"http:\/\/www.vdsm.net\/wronline\/wp-content\/uploads\/2012\/02\/aa-siegsolar2.jpg\" alt=\"\" width=\"300\" height=\"217\" \/><\/a><p id=\"caption-attachment-400\" class=\"wp-caption-text\">Sandra Steinebach mit Inhaber Klaus Kiefer, SiegSolar, Netphen.<\/p><\/div>\n<p>Siegen, 6. Februar 2012. \u201eIch m\u00f6chte beruflich wieder durchstarten!\u201c, sagt Sandra Steinebach. Sie ist Mutter von zwei Kindern \u2013 neun und dreizehn Jahre alt. Nach 13 Jahren beruflicher Pause soll der Neustart in einen Job gelingen. Die gelernte Industriekauffrau besuchte vor wenigen Monaten die Informationsveranstaltung von Birgit Riemer-Schnabel, der Beauftragten f\u00fcr Chancengleichheit am Arbeitsmarkt der Siegener Arbeitsagentur und erhielt dort nicht nur wertvolle Tipps zum Wiedereinstieg in den regionalen Arbeitsmarkt sondern auch einen ersten Kontakt zu Klaus Kiefer, Inhaber der Firma SiegSolar Netphen. Nach der Veranstaltung beginnt sie in Absprache mit ihrer Arbeitsvermittlerin eine berufliche Weiterbildung zur Auffrischung ihrer EDV- und Buchhaltungskenntnisse bei der Wifa in Siegen. \u201eFrau Steinebach kann bei uns ab April durchstarten. Mit der bestandenen Qualifizierung hat sie von mir eine Einstellungszusage bekommen\u201c, freut sich Klaus Kiefer, der durch einen Zeitungsartikel auf die Veranstaltung f\u00fcr Berufsr\u00fcckkehrende aufmerksam wurde und die Chance zur Kontaktaufnahme erfolgreich genutzt hat.<\/p>\n<p>\u201eDer Fachkr\u00e4ftemangel ist auch bei uns im Siegerland angekommen. Wir m\u00fcssen unsere Arbeitszeiten und Arbeitsbedingungen attraktiver gestalten und versuchen, mit unseren Mitarbeiterinnen und Mitarbeitern gute Kompromisse zu finden\u201c betont Thomas Lahme, Inhaber des Pflegeheims Haus der Sonne in Wilnsdorf. Ende letzten Jahres konnte Christiane Roth als Altenpflegerin f\u00fcr das Haus der Sonne eingestellt werden. Sie hatte sich Anfang November 2011 ein wenig verzweifelt an Birgit Riemer-Schnabel gewandt, weil Sie als Alleinerziehende auf der Suche nach einem neuen Arbeitsplatz war. \u201eMeine beiden Kinder werden sehr gut von meinen Eltern betreut, allerdings waren meine Arbeitszeiten sehr starr und die Belastung f\u00fcr meine Eltern und Kinder sehr gro\u00df. Jetzt kann ich im Nachtdienst arbeiten und auch vormittags\u201c, berichtet Christiane Roth erleichtert \u00fcber ihre flexibleren Arbeitszeiten.<\/p>\n<p>\u201eDiese Beispiele, bei denen Bewerberinnen und Betriebe erfolgreich zueinander finden, sollen anderen Mut machen! Der Wiedereinstieg ist machbar und wir brauchen alle Potenziale am regionalen Arbeitsmarkt. Das Interesse und der Bedarf von Unternehmerseite ist gro\u00df, Herr Kiefer hat gezielt den pers\u00f6nlichen Kontakt zu seinen Fachkr\u00e4ften von morgen gesucht\u201c, bekr\u00e4ftigt Birgit Riemer-Schnabel und l\u00e4dt zur ihrer n\u00e4chsten Veranstaltung ein. Diese findet am Mittwoch, den 8. Februar in der Siegener Arbeitsagentur im Raum 2.84 a ab 9.00 Uhr statt. Ungef\u00e4hr zwei Stunden werden praktische Tipps und wichtige Kontakte ausgetauscht, die Teilnahme ist kostenfrei, eine Anmeldung ist nicht erforderlich.<\/p>\n","protected":false},"excerpt":{"rendered":"<p>Siegen, 6. Februar 2012. \u201eIch m\u00f6chte beruflich wieder durchstarten!\u201c, sagt Sandra Steinebach. Sie ist Mutter von zwei Kindern \u2013 neun und dreizehn Jahre alt. Nach&#8230;<\/p>\n","protected":false},"author":2,"featured_media":400,"comment_status":"open","ping_status":"open","sticky":false,"template":"","format":"standard","meta":{"_jetpack_memberships_contains_paid_content":false,"footnotes":""},"categories":[16],"tags":[],"class_list":["post-399","post","type-post","status-publish","format-standard","has-post-thumbnail","hentry","category-arbeitsmarkt"],"jetpack_featured_media_url":"https:\/\/www.vdsm.net\/wronline\/wp-content\/uploads\/2012\/02\/aa-siegsolar2.jpg","jetpack_sharing_enabled":true,"_links":{"self":[{"href":"https:\/\/www.vdsm.net\/wronline\/wp-json\/wp\/v2\/posts\/399","targetHints":{"allow":["GET"]}}],"collection":[{"href":"https:\/\/www.vdsm.net\/wronline\/wp-json\/wp\/v2\/posts"}],"about":[{"href":"https:\/\/www.vdsm.net\/wronline\/wp-json\/wp\/v2\/types\/post"}],"author":[{"embeddable":true,"href":"https:\/\/www.vdsm.net\/wronline\/wp-json\/wp\/v2\/users\/2"}],"replies":[{"embeddable":true,"href":"https:\/\/www.vdsm.net\/wronline\/wp-json\/wp\/v2\/comments?post=399"}],"version-history":[{"count":3,"href":"https:\/\/www.vdsm.net\/wronline\/wp-json\/wp\/v2\/posts\/399\/revisions"}],"predecessor-version":[{"id":411,"href":"https:\/\/www.vdsm.net\/wronline\/wp-json\/wp\/v2\/posts\/399\/revisions\/411"}],"wp:featuredmedia":[{"embeddable":true,"href":"https:\/\/www.vdsm.net\/wronline\/wp-json\/wp\/v2\/media\/400"}],"wp:attachment":[{"href":"https:\/\/www.vdsm.net\/wronline\/wp-json\/wp\/v2\/media?parent=399"}],"wp:term":[{"taxonomy":"category","embeddable":true,"href":"https:\/\/www.vdsm.net\/wronline\/wp-json\/wp\/v2\/categories?post=399"},{"taxonomy":"post_tag","embeddable":true,"href":"https:\/\/www.vdsm.net\/wronline\/wp-json\/wp\/v2\/tags?post=399"}],"curies":[{"name":"wp","href":"https:\/\/api.w.org\/{rel}","templated":true}]}}