{"id":3943,"date":"2016-06-09T08:06:03","date_gmt":"2016-06-09T06:06:03","guid":{"rendered":"http:\/\/www.vdsm.net\/wronline\/?p=3943"},"modified":"2016-06-11T15:38:46","modified_gmt":"2016-06-11T13:38:46","slug":"fuer-als-forschung-den-mont-ventoux-erklommen","status":"publish","type":"post","link":"https:\/\/www.vdsm.net\/wronline\/fuer-als-forschung-den-mont-ventoux-erklommen\/","title":{"rendered":"F\u00fcr ALS-Forschung den Mont Ventoux erklommen"},"content":{"rendered":"<p>Sp\u00e4testens seit der \u201eIce Bucket Challenge\u201c ist die Nervenkrankheit Amoyotrophe Lateralsklerose, kurz ALS, weltweit bekannt. Bei ALS handelt es sich um eine schwere Erkrankung des motorischen Nervensystems, wodurch die betroffene Person kontinuierlich an Muskelfunktion verliert.<\/p>\n<p>Um f\u00fcr die ALS-Stiftung, welche die Forschung und die Pflege der ALS-Erkrankten unterst\u00fctzt, Spenden zu sammeln, nahmen 33 Mitarbeiter der EEW-Gruppe an der \u201eTour du ALS\u201c teil.\u00a0Dazu aufgerufen hatten Familie und Freunde eines an ALS verstorbenen holl\u00e4ndischen Kollegen.<\/p>\n<p>Bei der Tour am 3. Juni 2016 bezwangen die EEW-Teilnehmer aus den Werken Erndtebr\u00fcck, Siegen und Rostock den im S\u00fcden Frankreichs gelegenen 1.912 Meter hohen Mont Ventoux f\u00fcr einen guten Zweck. Mit dem Rad galt es, innerhalb von 22 km und 1.600 H\u00f6henmetern den Gipfel zu erklimmen.<\/p>\n<p>Obwohl es f\u00fcnf EEW-Mitarbeitern gelang, unfassbare drei Mal den Berg zu bezwingen, stand der sportliche Gedanke bei dem Event weniger im Vordergrund. Vielmehr ging es darum, Spenden f\u00fcr die ALS-Stiftung zu sammeln sowie den teilnehmenden ALS-Patienten und deren Familien ein unvergessliches Erlebnis zu bereiten.<\/p>\n<p>Insgesamt wurden im Rahmen der Veranstaltung, an der \u00fcber 400 Sportler an den Start gingen, 633.000 Euro gesammelt, wozu die EEW-Teilnehmer mehr als 55.000 Euro beitragen konnten.<\/p>\n","protected":false},"excerpt":{"rendered":"<p>Sp\u00e4testens seit der \u201eIce Bucket Challenge\u201c ist die Nervenkrankheit Amoyotrophe Lateralsklerose, kurz ALS, weltweit bekannt. Bei ALS handelt es sich um eine schwere Erkrankung des&#8230;<\/p>\n","protected":false},"author":2,"featured_media":3944,"comment_status":"open","ping_status":"open","sticky":false,"template":"","format":"standard","meta":{"_jetpack_memberships_contains_paid_content":false,"footnotes":""},"categories":[10],"tags":[],"class_list":["post-3943","post","type-post","status-publish","format-standard","has-post-thumbnail","hentry","category-unternehmen"],"jetpack_featured_media_url":"https:\/\/www.vdsm.net\/wronline\/wp-content\/uploads\/2016\/06\/eew-alstour.jpg","jetpack_sharing_enabled":true,"_links":{"self":[{"href":"https:\/\/www.vdsm.net\/wronline\/wp-json\/wp\/v2\/posts\/3943","targetHints":{"allow":["GET"]}}],"collection":[{"href":"https:\/\/www.vdsm.net\/wronline\/wp-json\/wp\/v2\/posts"}],"about":[{"href":"https:\/\/www.vdsm.net\/wronline\/wp-json\/wp\/v2\/types\/post"}],"author":[{"embeddable":true,"href":"https:\/\/www.vdsm.net\/wronline\/wp-json\/wp\/v2\/users\/2"}],"replies":[{"embeddable":true,"href":"https:\/\/www.vdsm.net\/wronline\/wp-json\/wp\/v2\/comments?post=3943"}],"version-history":[{"count":1,"href":"https:\/\/www.vdsm.net\/wronline\/wp-json\/wp\/v2\/posts\/3943\/revisions"}],"predecessor-version":[{"id":3945,"href":"https:\/\/www.vdsm.net\/wronline\/wp-json\/wp\/v2\/posts\/3943\/revisions\/3945"}],"wp:featuredmedia":[{"embeddable":true,"href":"https:\/\/www.vdsm.net\/wronline\/wp-json\/wp\/v2\/media\/3944"}],"wp:attachment":[{"href":"https:\/\/www.vdsm.net\/wronline\/wp-json\/wp\/v2\/media?parent=3943"}],"wp:term":[{"taxonomy":"category","embeddable":true,"href":"https:\/\/www.vdsm.net\/wronline\/wp-json\/wp\/v2\/categories?post=3943"},{"taxonomy":"post_tag","embeddable":true,"href":"https:\/\/www.vdsm.net\/wronline\/wp-json\/wp\/v2\/tags?post=3943"}],"curies":[{"name":"wp","href":"https:\/\/api.w.org\/{rel}","templated":true}]}}