{"id":392,"date":"2012-02-03T10:23:20","date_gmt":"2012-02-03T09:23:20","guid":{"rendered":"http:\/\/www.vdsm.net\/wronline\/?p=392"},"modified":"2012-02-03T10:23:56","modified_gmt":"2012-02-03T09:23:56","slug":"campus-siegen-altstadt-ist-jahrhundertchance","status":"publish","type":"post","link":"https:\/\/www.vdsm.net\/wronline\/campus-siegen-altstadt-ist-jahrhundertchance\/","title":{"rendered":"\u201eCampus Siegen Altstadt\u201c ist Jahrhundertchance"},"content":{"rendered":"<p>Siegen, 3. Februar 2012. Die Errichtung des \u201eCampus Siegen Altstadt\u201c setze Entwicklungsimpulse, die Siegen mittelfristig stark ver\u00e4ndern werden, unterstreichen Breuer und Mues. \u201eIn der Altstadt wird eine studentische Dienstleistungs-, Gesch\u00e4fts- und Kneipenszene entstehen. Die gef\u00fchlte Trennlinie zwischen Oberstadt und Bahnhofstra\u00dfe wird verschwinden. Das sind Entwicklungsperspektiven f\u00fcr die n\u00e4chsten 25 Jahre, f\u00fcr die wir heute die Grundlagen schaffen\u201c, so Steffen Mues. Und weiter betont der B\u00fcrgermeister: \u201eSiegen wird mit dem Campus rund um das Untere Schloss in wesentlich st\u00e4rkerem Ma\u00dfe als Universit\u00e4tsstadt wahrgenommen, nicht nur bei der eigenen Bev\u00f6lkerung, sondern auch bei den Studierenden und Lehrenden in ganz Deutschland. Das ist auch unter dem Gesichtspunkt der demografischen Entwicklung ein Anker in die Zukunft, und zwar f\u00fcr die Stadt und die Region und schafft Perspektiven f\u00fcr unsere Wirtschaft.\u201c<\/p>\n<p>B\u00fcrgermeister und Landrat betonen, dass die Chancen, die sich durch den \u201eCampus Siegen Altstadt\u201c f\u00fcr die Entwicklung der Stadt und der Region bieten, noch nicht von allen gesehen werden: \u201eWir neigen dazu, oft nur in Kategorien zu denken, die wir bereits kennen und bauen dabei auf Erfahrungen, die wir bisher gemacht haben. Mit einer urbanisierten Universit\u00e4t mitten in der Stadt haben zwar gewachsene Universit\u00e4tsst\u00e4dte wie Marburg, Bonn, Freiburg, G\u00f6ttingen oder Aachen Erfahrungen, wir aber eher weniger\u201c, stellt der Landrat fest. St\u00e4dte, die die Universit\u00e4ten mitten im Zentrum integriert haben, werden ganz anders wahrgenommen als St\u00e4dte mit aus- oder vorgelagerten Universit\u00e4ten. \u201eAndernorts haben sich St\u00e4dte regelrecht um ihre Universit\u00e4ten herum entwickelt, auch noch in j\u00fcngster Zeit, wie zum Beispiel in Greifswald\u201c, erl\u00e4utert Breuer und macht deutlich, welche Impulse von einer Universit\u00e4t im Stadtzentrum ausgehen k\u00f6nnen.<\/p>\n<p>\u201eSiegen ist das Oberzentrum und damit das Aush\u00e4ngeschild der Region. Menschen, die von au\u00dfen kommen, entscheiden mit dem Blick auf das Oberzentrum, wie sie unsere Region einsch\u00e4tzen. Am Erscheinungsbild von Siegen h\u00e4ngen die Entwicklungschancen der ganzen Region. Die Etablierung des \u201aCampus Siegen Altstadt\u2019 wird ma\u00dfgeblich einen positiven Einfluss auf die Ausstrahlung Siegens haben\u201c, sind Breuer und Mues \u00fcberzeugt: \u201eWer die Zukunft gewinnen will, muss an den richtigen Stellen Ver\u00e4nderungen vornehmen. Mit dem \u201aCampus Siegen Altstadt\u2019 gehen wir einen gro\u00dfen Schritt ins 21. Jahrhundert!\u201c<\/p>\n<p>Eine privatrechtliche Projektgesellschaft zur F\u00f6rderung der Siegener Altstadt hat sich bereit erkl\u00e4rt, vom Kreisklinikum das \u201eHaus Siegen\u201c zu kaufen und dort f\u00fcr die Universit\u00e4t auf rund 3000 m\u00b2 Hauptnutzfl\u00e4che B\u00fcro- und Seminarr\u00e4ume zu errichten. Au\u00dferdem wird eine Cafeteria (230 m\u00b2) integriert. Hinzu kommen Studentenwohnungen und \u00dcbernachtungsm\u00f6glichkeiten f\u00fcr Universit\u00e4tsg\u00e4ste (ca. 2.600 m\u00b2). Diese R\u00e4ume werden von der Projektgesellschaft langfristig an die Universit\u00e4t bzw. an Studenten vermietet. Die nicht von der Universit\u00e4t bzw. f\u00fcr studentisches Wohnen genutzten Fl\u00e4chen werden auch k\u00fcnftig f\u00fcr medizinische Zwecke verwendet, u.a. von derzeit bereits ans\u00e4ssigen Mietern. F\u00fcr die R\u00e4umlichkeiten des Aktiven Museums gibt es seitens der Projektgesellschaft die Zusage, dass diese auf Dauer weiterhin kostenlos genutzt werden k\u00f6nnen und dar\u00fcber hinaus noch zus\u00e4tzliche R\u00e4ume zur Verf\u00fcgung gestellt werden.<\/p>\n<p>Gleichzeitig wird auf noch vorhandenen Freifl\u00e4chen auf dem Klinikumsgel\u00e4nde ein neues H\u00f6rsaalgeb\u00e4ude errichtet, welches dann von der Universit\u00e4t gekauft wird. \u201eMit dem Kauf setzen wir ein deutliches Signal, dass die Universit\u00e4t auf Dauer in der Siegener Innenstadt pr\u00e4sent sein will\u201c, unterstreicht Rektor Prof. Dr. Holger Burckhart.<\/p>\n<p>Die Kosten f\u00fcr den Umbau des Unteren Schlosses werden komplett vom Land getragen. Nun m\u00fcssen die Kreis- und Stadtgremien dar\u00fcber befinden, dass die zugesagten regionalen Mittel f\u00fcr den Umbau des Unteren Schlosses, die daf\u00fcr nicht mehr ben\u00f6tigt werden, umgewidmet werden. Sie stehen der Uni nun f\u00fcr den Kauf des neuen auch von der \u00d6ffentlichkeit genutzten H\u00f6rsaalgeb\u00e4udes zur Verf\u00fcgung. \u201eDie B\u00fcrgeruniversit\u00e4t im Herzen der Region\u201c, bringt der Landrat die Idee auf den Punkt. Insgesamt haben Kreis, Stadt und Sparkassenstiftung daf\u00fcr 1,96 Mio. Euro zugesagt. In diesem Zusammenhang danken die Projektbeteiligten auch besonders der Sparkasse Siegen, die mit dem Engagement ihrer Sparkassenstiftung Zukunft einen wesentlichen Beitrag zum Zustandekommen des Vorhabens \u201eCampus Siegen Altstadt\u201c leistet und damit ein au\u00dfergew\u00f6hnliches Signal regionaler Verbundenheit setzt.<\/p>\n<p>&nbsp;<\/p>\n","protected":false},"excerpt":{"rendered":"<p>Siegen, 3. Februar 2012. Die Errichtung des \u201eCampus Siegen Altstadt\u201c setze Entwicklungsimpulse, die Siegen mittelfristig stark ver\u00e4ndern werden, unterstreichen Breuer und Mues. \u201eIn der Altstadt&#8230;<\/p>\n","protected":false},"author":2,"featured_media":0,"comment_status":"open","ping_status":"open","sticky":false,"template":"","format":"standard","meta":{"_jetpack_memberships_contains_paid_content":false,"footnotes":""},"categories":[11],"tags":[],"class_list":["post-392","post","type-post","status-publish","format-standard","hentry","category-regionale-wirtschaft"],"jetpack_featured_media_url":"","jetpack_sharing_enabled":true,"_links":{"self":[{"href":"https:\/\/www.vdsm.net\/wronline\/wp-json\/wp\/v2\/posts\/392","targetHints":{"allow":["GET"]}}],"collection":[{"href":"https:\/\/www.vdsm.net\/wronline\/wp-json\/wp\/v2\/posts"}],"about":[{"href":"https:\/\/www.vdsm.net\/wronline\/wp-json\/wp\/v2\/types\/post"}],"author":[{"embeddable":true,"href":"https:\/\/www.vdsm.net\/wronline\/wp-json\/wp\/v2\/users\/2"}],"replies":[{"embeddable":true,"href":"https:\/\/www.vdsm.net\/wronline\/wp-json\/wp\/v2\/comments?post=392"}],"version-history":[{"count":3,"href":"https:\/\/www.vdsm.net\/wronline\/wp-json\/wp\/v2\/posts\/392\/revisions"}],"predecessor-version":[{"id":395,"href":"https:\/\/www.vdsm.net\/wronline\/wp-json\/wp\/v2\/posts\/392\/revisions\/395"}],"wp:attachment":[{"href":"https:\/\/www.vdsm.net\/wronline\/wp-json\/wp\/v2\/media?parent=392"}],"wp:term":[{"taxonomy":"category","embeddable":true,"href":"https:\/\/www.vdsm.net\/wronline\/wp-json\/wp\/v2\/categories?post=392"},{"taxonomy":"post_tag","embeddable":true,"href":"https:\/\/www.vdsm.net\/wronline\/wp-json\/wp\/v2\/tags?post=392"}],"curies":[{"name":"wp","href":"https:\/\/api.w.org\/{rel}","templated":true}]}}