{"id":3781,"date":"2016-05-04T15:11:33","date_gmt":"2016-05-04T13:11:33","guid":{"rendered":"http:\/\/www.vdsm.net\/wronline\/?p=3781"},"modified":"2016-05-04T15:11:33","modified_gmt":"2016-05-04T13:11:33","slug":"am-31-mai-ist-welt-nichtrauchertag-unternehmen-koennen-diesen-tag-nutzen","status":"publish","type":"post","link":"https:\/\/www.vdsm.net\/wronline\/am-31-mai-ist-welt-nichtrauchertag-unternehmen-koennen-diesen-tag-nutzen\/","title":{"rendered":"Am 31. Mai ist Welt-Nichtrauchertag \u2013 Unternehmen k\u00f6nnen diesen Tag nutzen"},"content":{"rendered":"<p>Am 31. Mai 1987 hat die Weltgesundheitsorganisation (WHO) den Welt-Nichtrauchertag ins Leben gerufen. Seitdem findet er allj\u00e4hrlich statt. Rauchen ist eines der gr\u00f6\u00dften vermeidbaren Gesundheitsrisiken. Zu den Folgesch\u00e4den des Rauchens z\u00e4hlen unter anderem Krebserkrankungen, Herz-Kreislaufversagen, erh\u00f6hte Infektionsanf\u00e4lligkeit, aber auch Sch\u00e4digung der Augen und Z\u00e4hne und vorzeitige Hautalterung. \u201eUnternehmen k\u00f6nnen ihre Mitarbeiter auf dem Weg zum Nichtraucher aktiv unterst\u00fctzen. Es gibt zahlreiche M\u00f6glichkeiten.\u201c so Sibylle Adenauer, wissenschaftliche Expertin des <a href=\"http:\/\/www.arbeitswissenschaft.net\" target=\"_blank\">Instituts f\u00fcr angewandte Arbeitswissenschaft e. V. (ifaa)<\/a>.<\/p>\n<p><strong>Nichtraucherschutz per Gesetz<\/strong><\/p>\n<p>Rauchen ist nicht nur f\u00fcr Raucher sondern auch f\u00fcr Nichtraucher gef\u00e4hrlich; es ist erwiesen, dass auch Passivrauchen die Gesundheit massiv gef\u00e4hrdet.<\/p>\n<p>Der Nichtraucherschutz ist gesetzlich geregelt. Nach \u00a7 5 Abs. 1 der Arbeitsst\u00e4ttenverordnung (ArbSt\u00e4ttVO) \u201eNichtraucherschutz\u201c hat der Arbeitgeber die erforderlichen Ma\u00dfnahmen zu treffen, damit die nichtrauchenden Besch\u00e4ftigten in Arbeitsst\u00e4tten wirksam vor den Gesundheitsgefahren durch Tabakrauch gesch\u00fctzt sind. Somit ist der Nichtraucherschutz ist Teil des betrieblichen Arbeits- und Gesundheitsschutzes.<\/p>\n<p>Viele Unternehmen gehen im Rahmen des freiwillig betrieblichen Gesundheitsschutzes \u00fcber die gesetzlich vorgeschriebenen Ma\u00dfnahmen hinaus und helfen ihren Mitarbeitern den gesundheitssch\u00e4dlichen \u201eGlimmst\u00e4ngel\u201c loszuwerden.<\/p>\n<p><strong>Was k\u00f6nnen Unternehmen tun?<\/strong><\/p>\n<p>Ein allgemeines Rauchverbot ist der wirksamste Nichtraucherschutz und ist kosteng\u00fcnstig realisierbar. Meist gibt es \u00a0au\u00dferhalb des Geb\u00e4udes speziell ausgewiesene Raucherbereiche. Eine Aufteilung innerhalb des Arbeitsraums, etwa durch Aufstellen von Trennw\u00e4nden, oder eine Aufteilung des Raumes in einen Raucher- und Nichtraucherbereich reicht nicht aus.<\/p>\n<p>Dar\u00fcber hinaus nutzen Unternehmen beispielsweise folgende Ma\u00dfnahmen:<\/p>\n<ul>\n<li>Raucherentw\u00f6hnungskurse, (z. B. \u201eRauchfrei in zehn Schritten\u201c; Bundeszentrale f\u00fcr gesundheitliche Aufkl\u00e4rung) oft in Zusammenarbeit mit Krankenkassen<\/li>\n<li>Informationskampagnen \u00fcber die Gefahren des Rauchens<\/li>\n<li>Einsatz von Ex-Rauchern, die aus eigener Erfahrung berichten, wie sie es geschafft haben<\/li>\n<\/ul>\n<p>Besonders wirksam ist es, wenn Raucherentw\u00f6hnungsprogramme mit Angeboten zum Stressmanagement, gesunder Ern\u00e4hrung (Raucherentw\u00f6hnung wird h\u00e4ufig durch zus\u00e4tzliches Essen, was oft zur Gewichtszunahme f\u00fchrt kompensiert) sowie Bewegung und Sport erg\u00e4nzt werden.<\/p>\n<p><strong>Weiterf\u00fchrende Links: <\/strong><\/p>\n<p>Aktionsb\u00fcndnis Nichtrauchen e. V.: <a href=\"http:\/\/www.abnr.de\/index.php?article_id=215\" target=\"_blank\">http:\/\/www.abnr.de\/index.php?article_id=215<\/a> Tabakpr\u00e4vention\/ Daten und Fakten<\/p>\n<p>Mehr zum diesj\u00e4hrigen Motto des Welt-Nichtrauchertags: <a href=\"http:\/\/www.abnr.de\/index.php?article_id=222\" target=\"_blank\">http:\/\/www.abnr.de\/index.php?article_id=222<\/a><\/p>\n","protected":false},"excerpt":{"rendered":"<p>Am 31. Mai 1987 hat die Weltgesundheitsorganisation (WHO) den Welt-Nichtrauchertag ins Leben gerufen. Seitdem findet er allj\u00e4hrlich statt. Rauchen ist eines der gr\u00f6\u00dften vermeidbaren Gesundheitsrisiken&#8230;.<\/p>\n","protected":false},"author":2,"featured_media":3782,"comment_status":"open","ping_status":"open","sticky":false,"template":"","format":"standard","meta":{"_jetpack_memberships_contains_paid_content":false,"footnotes":""},"categories":[32],"tags":[],"class_list":["post-3781","post","type-post","status-publish","format-standard","has-post-thumbnail","hentry","category-infos"],"jetpack_featured_media_url":"https:\/\/www.vdsm.net\/wronline\/wp-content\/uploads\/2016\/05\/Fotolia_59165162_X.jpg","jetpack_sharing_enabled":true,"_links":{"self":[{"href":"https:\/\/www.vdsm.net\/wronline\/wp-json\/wp\/v2\/posts\/3781","targetHints":{"allow":["GET"]}}],"collection":[{"href":"https:\/\/www.vdsm.net\/wronline\/wp-json\/wp\/v2\/posts"}],"about":[{"href":"https:\/\/www.vdsm.net\/wronline\/wp-json\/wp\/v2\/types\/post"}],"author":[{"embeddable":true,"href":"https:\/\/www.vdsm.net\/wronline\/wp-json\/wp\/v2\/users\/2"}],"replies":[{"embeddable":true,"href":"https:\/\/www.vdsm.net\/wronline\/wp-json\/wp\/v2\/comments?post=3781"}],"version-history":[{"count":1,"href":"https:\/\/www.vdsm.net\/wronline\/wp-json\/wp\/v2\/posts\/3781\/revisions"}],"predecessor-version":[{"id":3783,"href":"https:\/\/www.vdsm.net\/wronline\/wp-json\/wp\/v2\/posts\/3781\/revisions\/3783"}],"wp:featuredmedia":[{"embeddable":true,"href":"https:\/\/www.vdsm.net\/wronline\/wp-json\/wp\/v2\/media\/3782"}],"wp:attachment":[{"href":"https:\/\/www.vdsm.net\/wronline\/wp-json\/wp\/v2\/media?parent=3781"}],"wp:term":[{"taxonomy":"category","embeddable":true,"href":"https:\/\/www.vdsm.net\/wronline\/wp-json\/wp\/v2\/categories?post=3781"},{"taxonomy":"post_tag","embeddable":true,"href":"https:\/\/www.vdsm.net\/wronline\/wp-json\/wp\/v2\/tags?post=3781"}],"curies":[{"name":"wp","href":"https:\/\/api.w.org\/{rel}","templated":true}]}}