{"id":366,"date":"2012-01-31T10:23:21","date_gmt":"2012-01-31T09:23:21","guid":{"rendered":"http:\/\/www.vdsm.net\/wronline\/?p=366"},"modified":"2012-01-31T10:23:21","modified_gmt":"2012-01-31T09:23:21","slug":"zahl-der-arbeitslosen-saisontypisch-gestiegen","status":"publish","type":"post","link":"https:\/\/www.vdsm.net\/wronline\/zahl-der-arbeitslosen-saisontypisch-gestiegen\/","title":{"rendered":"Zahl der Arbeitslosen saisontypisch gestiegen"},"content":{"rendered":"<p><a href=\"http:\/\/www.vdsm.net\/wronline\/wp-content\/uploads\/2011\/12\/AASiegen.jpg\"><img loading=\"lazy\" decoding=\"async\" class=\"alignleft size-full wp-image-104\" title=\"Arbeitsagentur Siegen\" src=\"http:\/\/www.vdsm.net\/wronline\/wp-content\/uploads\/2011\/12\/AASiegen.jpg\" alt=\"\" width=\"250\" height=\"188\" \/><\/a>Siegen, 31. Januar 2012. \u201eIm Januar steigt die Arbeitslosenzahl saisontypisch an. Leider sind in diesem Monat 2.749 Personen neu arbeitslos geworden. Diese Frauen und M\u00e4nner werden am Arbeitsmarkt gebraucht. Insgesamt ist die Zahl der Arbeitslosen zum Stichtag nur um 880 Personen angestiegen. Es ist sehr viel Dynamik am Arbeitsmarkt. Viele Menschen in unserer Region konnten wieder eine Arbeitsstelle aufnehmen, Unternehmen suchen weiterhin nach geeigneten Mitarbeiterinnen und Mitarbeitern. Wir arbeiten t\u00e4glich daran, diese Bewerberinnen und Bewerber so schnell wie m\u00f6glich mit den suchenden Betrieben in Kontakt zu bringen\u201c, so Dr. Bettina Wolf, Vorsitzende der Gesch\u00e4ftsf\u00fchrung der Agentur f\u00fcr Arbeit Siegen. Die Arbeitslosenquote wird als ein bundesweit einheitlicher Indikator f\u00fcr die Entwicklung am Arbeitsmarkt herangezogen. Sie wird errechnet auf der Basis aller zivilen Erwerbspersonen. Im Bezirk der Agentur f\u00fcr Arbeit Siegen betr\u00e4gt diese Quote 5,4 Prozent, was einen Anstieg um 0,4 Prozentpunkte im Vormonatsvergleich und einen R\u00fcckgang um 0,7 Prozentpunkte im Vergleich zum Januar 2011 bedeutet.<\/p>\n<p>Bei allen Personengruppen gab es einen Anstieg der Arbeitslosenzahl im Vormonatsvergleich. Einen besonders hohen Anstieg gab es bei den jungen M\u00e4nnern und Frauen unter 25 Jahren: Ein Zuwachs von 13 Prozent (154 Personen) im Vergleich zum Vormonat, welches allerdings einen R\u00fcckgang um 11,2 Prozent (169 Personen) im Vorjahresvergleich bedeutet. Weiterhin erh\u00f6hte sich die Arbeitslosenzahl der Menschen aus dem Ausland um 9,5 Prozent (170 Personen). Auch hier zeigt der Vorjahresvergleich eine positive Entwicklung \u2013 einen R\u00fcckgang der Zahl der arbeitslos gemeldeten Ausl\u00e4nder um 6,5 Prozent (135 Personen). \u201eDer Anstieg der Arbeitslosenzahl in den Wintermonaten ist langj\u00e4hrig zu beobachten und betrifft vielfach Besch\u00e4ftigte in den sogenannten Au\u00dfenberufen, wobei der Vergleich zum Januar 2011 einen erfreulichen Trend widerspiegelt. Die Zunahme der Arbeitslosen jungen Menschen resultiert in hohem Ma\u00dfe aus dem Ende des ersten befristeten Arbeitsverh\u00e4ltnisses nach der Ausbildung. Hier gibt es gro\u00dfe Chancen, direkt wieder eine neue Position am prosperierenden Arbeitsmarkt der Region zu finden\u201c, ermutigt Dr. Bettina Wolf.<\/p>\n<p>Derzeit sind im Agenturbezirk Siegen noch 12.031 Menschen ohne Besch\u00e4ftigung, im letzten Monat waren es 11.515 (-880 Personen). Das bedeutet einen Zuwachs um 7,9 Prozent im Vormonatsvergleich. Im Januar letzten Jahres waren noch 13.643 (+1.612 Personen) auf der Suche nach einem Arbeitsplatz. Daraus resultiert ein R\u00fcckgang von 11,8 Prozent im Vorjahresvergleich. Um die notwendige Transparenz auf dem Arbeitsmarkt zu gew\u00e4hrleisten, legt die Bundesagentur f\u00fcr Arbeit die Auswertung der Unterbesch\u00e4ftigung vor, um eine von statistischen Darstellungen unbeeintr\u00e4chtigte Beobachtung des Arbeitsmarktes zu erm\u00f6glichen. Insbesondere werden Angaben zur Unterbesch\u00e4ftigung in verschiedenen Abgrenzungen in die Arbeitsmarktberichterstattung aufgenommen. \u201eF\u00fcr eine realistische Einsch\u00e4tzung des Arbeitsmarktes und der Entwicklung der Arbeitslosigkeit werden speziell auch die Personen aufgef\u00fchrt, die sich derzeit in einer Weiterbildung, Qualifizierung und F\u00f6rderung befinden. Die Potenziale dieser Menschen sollen f\u00fcr den Arbeitsmarkt besser erschlossen werden. Viele dieser Teilnehmerinnen und Teilnehmer sind unsere Fachkr\u00e4fte von morgen! Wir qualifizieren sie f\u00fcr die T\u00e4tigkeit in den Betrieben der Region\u201c, erl\u00e4utert Dr. Bettina Wolf. Bezieht man die Personen mit ein, die sich tendenziell nah am Arbeitslosenstatus befinden (Unterbesch\u00e4ftigung im engeren Sinne), ergibt sich eine Zahl von insgesamt 14.664 Personen. Vergleicht man diese Zahl mit dem Vorjahr, erkennt man hier einen starken R\u00fcckgang um 14,3 Prozent (2.446 Personen). Z\u00e4hlt man diejenigen dazu, die aufgrund einer Existenzgr\u00fcndung eine F\u00f6rderung erhalten oder sich f\u00fcr Altersteilzeit entschieden haben, sind insgesamt 15.468 Personen im Agenturbezirk Siegen in der sogenannten Unterbesch\u00e4ftigung erfasst. Dies bedeutet im Jahresvergleich ebenfalls einen erfreulichen R\u00fcckgang um 13,8 Prozent (2.484 Personen).<\/p>\n<p>Die Arbeitslosenquote (AQ), errechnet auf der Basis aller zivilen Erwerbspersonen, betr\u00e4gt im Agenturbezirk Siegen aktuell 5,4 Prozent. Damit steigt sie um 0,4 Prozentpunkte zur Quote vom Dezember 2011 und liegt 0,7 Prozentpunkte unter der des Vorjahresmonats (5,6 Prozent). Be-trachtet man die letzte Dekade, weist selbst das wirtschaftliche Erfolgs-Jahr 2008 eine um 0,5 Prozentpunkte h\u00f6here Januar-Quote (5,9 Prozent) auf. Im Vergleich zum Vorjahr hat die Arbeitslosigkeit in allen Regionen des Bezirkes der Agentur f\u00fcr Arbeit Siegen stark abgenommen. Im Gebiet der Gesch\u00e4ftsstelle Burbach ergab sich der st\u00e4rkste R\u00fcckgang um 19,5 Prozent.<\/p>\n<p>Im Kreis Siegen-Wittgenstein verringerte sich die Arbeitslosenzahl im Jahresvergleich um 12,2 Prozent (1.193 Personen). Derzeit sind 8.574 Menschen ohne Besch\u00e4ftigung registriert, das bedeutet einen Anstieg um 6,5 Prozent (526 Personen) zum Vormonat. Die Arbeitslosenquote steigt von 5,4 Prozent im Dezember 2011 auf 5,8 Prozent in diesem Monat.<\/p>\n<p>Im Kreis Olpe sind derzeit 3.457 Menschen arbeitslos. Mit einer Januar-Quote von 4,6 Prozent ergibt sich eine Zunahme um 0,5 Prozentpunkte im Vormonatsvergleich. Im Vergleich zum Januar 2011 waren diesen Monat 10,8 Prozent (419 Personen) weniger arbeitslos gemeldet.<\/p>\n<p>Der Arbeitgeber-Service konnte seit Jahresbeginn 671 Stellen aufnehmen \u2013 640 davon als sozialversicherungspflichtige Arbeitspl\u00e4tze. 535 der neuen Stellen (79,7 Prozent) sind als unbefristete Positionen gemeldet. Besonders das verarbeitende Gewerbe, der Handel und das Gesundheits- und Sozialwesen haben weiterhin einen gro\u00dfen Bedarf an qualifizierten Arbeitnehmerinnen und Arbeitnehmern. Au\u00dferdem gibt es eine Vielzahl an Meldungen von Personaldienstleistern. \u201eDerzeit haben wir noch 1.797 zu besetzende Stellen im Bestand. Das sind 22 Prozent mehr als im Vorjahresvergleich. Die Unternehmen sollten unbedingt auch Kandidatinnen und Kandidaten \u201eauf den zweiten Blick\u201c eine Chance geben, sich als motivierte Fachkraft zu beweisen. Vor dem Hintergrund der demografischen Entwicklung k\u00f6nnen sich die Region und die Betriebe es nicht leisten, Potenziale ungenutzt zu lassen\u201c, erg\u00e4nzt Dr. Bettina Wolf.<\/p>\n<p>Die Zahl der Arbeitslosen summiert sich in Siegen aus Kunden der Arbeitslosenversicherung (Agentur f\u00fcr Arbeit Siegen) und aus den Kunden der Grundsicherung (Jobcenter Kreis Siegen-Wittgenstein und Jobcenter Kreis Olpe). Im Rechtskreis der Agentur f\u00fcr Arbeit Siegen stieg die Zahl der Besch\u00e4ftigungssuchenden im Vergleich zum Vormonat um 16,1 Prozent (603 Personen), im Rechtskreis der Jobcenter ist auch ein Anstieg um 3,7 Prozent (277 Personen) im Vergleich zum Dezember 2011 zu verzeichnen. Im Bereich der Arbeitslosenversicherung ergibt sich im Vorjahresvergleich eine Abnahme der Zahl der arbeitslos gemeldeten Menschen um 19,7 Prozent (1.063 Personen). Im Vergleich zum Vorjahr bedeutet das bei der Grundsicherung einen R\u00fcckgang von 6,7 Prozent (549 Personen).<\/p>\n<p>Bei den beiden Grundsicherungstr\u00e4gern der Region Siegen, Jobcenter Kreis Siegen-Wittgenstein und Jobcenter Kreis Olpe, sind aktuell 7.402 Menschen arbeitslos gemeldet. Vor einem Jahr waren es noch 7.690 Personen, 549 Personen mehr. Das Jobcenter Kreis Siegen-Wittgenstein ist aktuell f\u00fcr 5.591 Besch\u00e4ftigungssuchende zust\u00e4ndig. Im Vergleich zum Januar des Vorjahres ergibt sich ein R\u00fcckgang der Arbeitslosigkeit um 7,9 Prozent (478 Personen). \u201eJe l\u00e4nger die Unterbrechung aus dem Arbeitsleben f\u00fcr einen Menschen und die Suche nach einer neuen Anstellung desto schwieriger wird der Wiedereinstieg in den Beruf. Nicht nur fachliche und technische Aktualit\u00e4t lei-den &#8211; auch der mit einer festen Arbeit verbundene Rhythmus, das Sicherheitsgef\u00fchl und Motivation k\u00f6nnen stark abnehmen. Deshalb freue ich mich sehr, dass im Vergleich zum letzten Jahr viele Menschen, die bereits l\u00e4nger als 12 Monate auf der Suche nach Arbeit waren, wieder eine Chance in der Arbeitswelt ergreifen konnten\u201c, so Dr. Bettina Wolf. Beim Jobcenter Kreis Olpe konnte im Vorjahresvergleich auch ein R\u00fcckgang bei der Arbeitslosigkeit verzeichnet werden. Aktuell betr\u00e4gt die Zahl der gemeldeten Arbeitslosen 2.099 Personen. Im Vormonatsvergleich stieg die Zahl der Arbeitslosen um 4,8 Prozent (96 Personen), der Vergleich zum Januar des Vorjahres ergibt eine Verringerung um 3,3 Prozent (71 Personen).<\/p>\n","protected":false},"excerpt":{"rendered":"<p>Siegen, 31. Januar 2012. \u201eIm Januar steigt die Arbeitslosenzahl saisontypisch an. Leider sind in diesem Monat 2.749 Personen neu arbeitslos geworden. Diese Frauen und M\u00e4nner&#8230;<\/p>\n","protected":false},"author":2,"featured_media":0,"comment_status":"open","ping_status":"open","sticky":false,"template":"","format":"standard","meta":{"_jetpack_memberships_contains_paid_content":false,"footnotes":""},"categories":[16],"tags":[],"class_list":["post-366","post","type-post","status-publish","format-standard","hentry","category-arbeitsmarkt"],"jetpack_featured_media_url":"","jetpack_sharing_enabled":true,"_links":{"self":[{"href":"https:\/\/www.vdsm.net\/wronline\/wp-json\/wp\/v2\/posts\/366","targetHints":{"allow":["GET"]}}],"collection":[{"href":"https:\/\/www.vdsm.net\/wronline\/wp-json\/wp\/v2\/posts"}],"about":[{"href":"https:\/\/www.vdsm.net\/wronline\/wp-json\/wp\/v2\/types\/post"}],"author":[{"embeddable":true,"href":"https:\/\/www.vdsm.net\/wronline\/wp-json\/wp\/v2\/users\/2"}],"replies":[{"embeddable":true,"href":"https:\/\/www.vdsm.net\/wronline\/wp-json\/wp\/v2\/comments?post=366"}],"version-history":[{"count":2,"href":"https:\/\/www.vdsm.net\/wronline\/wp-json\/wp\/v2\/posts\/366\/revisions"}],"predecessor-version":[{"id":368,"href":"https:\/\/www.vdsm.net\/wronline\/wp-json\/wp\/v2\/posts\/366\/revisions\/368"}],"wp:attachment":[{"href":"https:\/\/www.vdsm.net\/wronline\/wp-json\/wp\/v2\/media?parent=366"}],"wp:term":[{"taxonomy":"category","embeddable":true,"href":"https:\/\/www.vdsm.net\/wronline\/wp-json\/wp\/v2\/categories?post=366"},{"taxonomy":"post_tag","embeddable":true,"href":"https:\/\/www.vdsm.net\/wronline\/wp-json\/wp\/v2\/tags?post=366"}],"curies":[{"name":"wp","href":"https:\/\/api.w.org\/{rel}","templated":true}]}}