{"id":3652,"date":"2016-04-25T12:08:40","date_gmt":"2016-04-25T10:08:40","guid":{"rendered":"http:\/\/www.vdsm.net\/wronline\/?p=3652"},"modified":"2016-04-25T12:08:40","modified_gmt":"2016-04-25T10:08:40","slug":"fachkolloquium-digitalisierung-und-industrie-4-0","status":"publish","type":"post","link":"https:\/\/www.vdsm.net\/wronline\/fachkolloquium-digitalisierung-und-industrie-4-0\/","title":{"rendered":"Fachkolloquium Digitalisierung und Industrie 4.0"},"content":{"rendered":"<p>Das \u00a0<a href=\"http:\/\/www.arbeitswissenschaft.net\/\" target=\"_blank\">Institut f\u00fcr angewandte Arbeitswissenschaft e. V.<\/a> (ifaa) l\u00e4dt ein zu einem &#8222;Fachkolloquium Digitalisierung und Industrie 4.0&#8220; am 21. und 22. Juni 2016 in D\u00fcsseldorf. Weitere Informationen zum Programm und die M\u00f6glichkeit zur Anmeldung finden Sie in dem beigef\u00fcgten <a href=\"http:\/\/www.vdsm.net\/wronline\/wp-content\/uploads\/2016\/04\/Fachkolloquium_2016_web.pdf\" target=\"_blank\">Veranstaltungsflyer<\/a>.<\/p>\n<p>Industrie 4.0 bzw. eine starke Digitalisierung der Wirtschaft\u00a0werden die Arbeitswelt der Zukunft pr\u00e4gen. Der Weg dorthin\u00a0erfordert ein Umdenken und die Umsetzung zahlreicher Ver\u00e4nderungen\u00a0kleineren und gr\u00f6\u00dferen Ausma\u00dfes. Derzeit bestehen in\u00a0den Unternehmen aber h\u00e4ufig eine gro\u00dfe Verunsicherung und\u00a0ein hoher Informationsbedarf \u2014 dies betrifft insbesondere KMU.\u00a0Beim diesj\u00e4hrigen Fachkolloquium erl\u00e4utern deshalb Experten\u00a0aus der Praxis, wie sie die Chancen von Industrie 4.0 nutzen.<\/p>\n<p>Erfahren Sie im fachlichen Austausch die M\u00f6glichkeiten der\u00a0Industrie 4.0 und wie Sie diese nutzen k\u00f6nnen. Freuen Sie sich\u00a0darauf, die Digitalisierung anhand verschiedener Exponate selbst\u00a0zu erleben \u2014 lassen Sie sich \u00fcberraschen.\u00a0Neben Fachvortr\u00e4gen erwarten Sie praxisnahe Workshops zu\u00a0den Themen \u00bbkognitive Assistenz\u00ab, \u00bbphysische Assistenz\u00ab und &#8222;F\u00fchrung in der digitalisierten Arbeitswelt&#8220;.<\/p>\n","protected":false},"excerpt":{"rendered":"<p>Das \u00a0Institut f\u00fcr angewandte Arbeitswissenschaft e. V. (ifaa) l\u00e4dt ein zu einem &#8222;Fachkolloquium Digitalisierung und Industrie 4.0&#8220; am 21. und 22. Juni 2016 in D\u00fcsseldorf&#8230;.<\/p>\n","protected":false},"author":2,"featured_media":3656,"comment_status":"open","ping_status":"open","sticky":false,"template":"","format":"standard","meta":{"_jetpack_memberships_contains_paid_content":false,"footnotes":""},"categories":[34],"tags":[],"class_list":["post-3652","post","type-post","status-publish","format-standard","has-post-thumbnail","hentry","category-termine"],"jetpack_featured_media_url":"https:\/\/www.vdsm.net\/wronline\/wp-content\/uploads\/2016\/04\/ifaa-kolloquium.jpg","jetpack_sharing_enabled":true,"_links":{"self":[{"href":"https:\/\/www.vdsm.net\/wronline\/wp-json\/wp\/v2\/posts\/3652","targetHints":{"allow":["GET"]}}],"collection":[{"href":"https:\/\/www.vdsm.net\/wronline\/wp-json\/wp\/v2\/posts"}],"about":[{"href":"https:\/\/www.vdsm.net\/wronline\/wp-json\/wp\/v2\/types\/post"}],"author":[{"embeddable":true,"href":"https:\/\/www.vdsm.net\/wronline\/wp-json\/wp\/v2\/users\/2"}],"replies":[{"embeddable":true,"href":"https:\/\/www.vdsm.net\/wronline\/wp-json\/wp\/v2\/comments?post=3652"}],"version-history":[{"count":2,"href":"https:\/\/www.vdsm.net\/wronline\/wp-json\/wp\/v2\/posts\/3652\/revisions"}],"predecessor-version":[{"id":3655,"href":"https:\/\/www.vdsm.net\/wronline\/wp-json\/wp\/v2\/posts\/3652\/revisions\/3655"}],"wp:featuredmedia":[{"embeddable":true,"href":"https:\/\/www.vdsm.net\/wronline\/wp-json\/wp\/v2\/media\/3656"}],"wp:attachment":[{"href":"https:\/\/www.vdsm.net\/wronline\/wp-json\/wp\/v2\/media?parent=3652"}],"wp:term":[{"taxonomy":"category","embeddable":true,"href":"https:\/\/www.vdsm.net\/wronline\/wp-json\/wp\/v2\/categories?post=3652"},{"taxonomy":"post_tag","embeddable":true,"href":"https:\/\/www.vdsm.net\/wronline\/wp-json\/wp\/v2\/tags?post=3652"}],"curies":[{"name":"wp","href":"https:\/\/api.w.org\/{rel}","templated":true}]}}