{"id":3647,"date":"2016-04-25T11:17:56","date_gmt":"2016-04-25T09:17:56","guid":{"rendered":"http:\/\/www.vdsm.net\/wronline\/?p=3647"},"modified":"2016-04-25T11:17:56","modified_gmt":"2016-04-25T09:17:56","slug":"mennekes-stellt-auf-hannover-messe-intelligente-ladesysteme-vor","status":"publish","type":"post","link":"https:\/\/www.vdsm.net\/wronline\/mennekes-stellt-auf-hannover-messe-intelligente-ladesysteme-vor\/","title":{"rendered":"MENNEKES stellt auf Hannover Messe intelligente Ladesysteme vor"},"content":{"rendered":"<p>Die <a href=\"http:\/\/www.mennekes.de\/\" target=\"_blank\">MENNEKES Elektrotechnik GmbH &amp; Co. KG<\/a> stellt auch in diesem Jahr auf der weltgr\u00f6\u00dften Industriemesse in Hannover aus. Im Bereich \u201eEnergy\u201c pr\u00e4sentieren die Sauerl\u00e4nder intelligente Ladesysteme f\u00fcr die Elektromobilit\u00e4t.<\/p>\n<p>Viele tausend Ladepunkte von MENNEKES sind heute in Europa im t\u00e4glichen Einsatz. Im privaten wie im \u00f6ffentlichen Bereich bietet der Innovationsf\u00fchrer ein breites Portfolio. Von der Elektrotechnik bis hin zur intelligenten Lade-Kommunikation inklusive Beratung und Service auf h\u00f6chstem Niveau. Mit dieser Kompetenz stellt sich MENNEKES an die Spitze einer Bewegung, die technisch m\u00f6glich macht, was sich viele w\u00fcnschen: nachhaltige Mobilit\u00e4t.<\/p>\n<p>\u201eElektromobilit\u00e4t muss alltagstauglich sein, sonst findet sie keine Akzeptanz. Wir haben uns intensiv Gedanken gemacht, wie wir unsere bew\u00e4hrte Hardware mit Dienstleistungen anreichern k\u00f6nnen, um es den unterschiedlichsten Kunden so einfach wie m\u00f6glich zu machen.\u201c, so der Gesch\u00e4ftsf\u00fchrende Gesellschafter Christopher Mennekes. Und er erg\u00e4nzt: \u201eDie Hannover Messe ist eine gute Plattform, um unsere Ladel\u00f6sungen einem breiten Fachpublikum aus verschiedenen Bereichen und M\u00e4rkten zu pr\u00e4sentieren.\u201c<\/p>\n","protected":false},"excerpt":{"rendered":"<p>Die MENNEKES Elektrotechnik GmbH &amp; Co. KG stellt auch in diesem Jahr auf der weltgr\u00f6\u00dften Industriemesse in Hannover aus. Im Bereich \u201eEnergy\u201c pr\u00e4sentieren die Sauerl\u00e4nder&#8230;<\/p>\n","protected":false},"author":2,"featured_media":3651,"comment_status":"open","ping_status":"open","sticky":false,"template":"","format":"standard","meta":{"_jetpack_memberships_contains_paid_content":false,"footnotes":""},"categories":[10],"tags":[],"class_list":["post-3647","post","type-post","status-publish","format-standard","has-post-thumbnail","hentry","category-unternehmen"],"jetpack_featured_media_url":"https:\/\/www.vdsm.net\/wronline\/wp-content\/uploads\/2016\/04\/MENNEKES-Hannover-Messe-201-1.jpg","jetpack_sharing_enabled":true,"_links":{"self":[{"href":"https:\/\/www.vdsm.net\/wronline\/wp-json\/wp\/v2\/posts\/3647","targetHints":{"allow":["GET"]}}],"collection":[{"href":"https:\/\/www.vdsm.net\/wronline\/wp-json\/wp\/v2\/posts"}],"about":[{"href":"https:\/\/www.vdsm.net\/wronline\/wp-json\/wp\/v2\/types\/post"}],"author":[{"embeddable":true,"href":"https:\/\/www.vdsm.net\/wronline\/wp-json\/wp\/v2\/users\/2"}],"replies":[{"embeddable":true,"href":"https:\/\/www.vdsm.net\/wronline\/wp-json\/wp\/v2\/comments?post=3647"}],"version-history":[{"count":2,"href":"https:\/\/www.vdsm.net\/wronline\/wp-json\/wp\/v2\/posts\/3647\/revisions"}],"predecessor-version":[{"id":3650,"href":"https:\/\/www.vdsm.net\/wronline\/wp-json\/wp\/v2\/posts\/3647\/revisions\/3650"}],"wp:featuredmedia":[{"embeddable":true,"href":"https:\/\/www.vdsm.net\/wronline\/wp-json\/wp\/v2\/media\/3651"}],"wp:attachment":[{"href":"https:\/\/www.vdsm.net\/wronline\/wp-json\/wp\/v2\/media?parent=3647"}],"wp:term":[{"taxonomy":"category","embeddable":true,"href":"https:\/\/www.vdsm.net\/wronline\/wp-json\/wp\/v2\/categories?post=3647"},{"taxonomy":"post_tag","embeddable":true,"href":"https:\/\/www.vdsm.net\/wronline\/wp-json\/wp\/v2\/tags?post=3647"}],"curies":[{"name":"wp","href":"https:\/\/api.w.org\/{rel}","templated":true}]}}