{"id":3640,"date":"2016-04-25T10:16:26","date_gmt":"2016-04-25T08:16:26","guid":{"rendered":"http:\/\/www.vdsm.net\/wronline\/?p=3640"},"modified":"2016-04-25T10:16:26","modified_gmt":"2016-04-25T08:16:26","slug":"gruenes-licht-fuer-breitbandausbau-im-kreis-olpe","status":"publish","type":"post","link":"https:\/\/www.vdsm.net\/wronline\/gruenes-licht-fuer-breitbandausbau-im-kreis-olpe\/","title":{"rendered":"Gr\u00fcnes Licht f\u00fcr Breitbandausbau im Kreis Olpe"},"content":{"rendered":"<div class=\"einleitung\">\n<div>\n<p>Gro\u00dfe Freude herrscht bei Landrat Frank Beckehoff und seinen Mitstreitern im Kreishaus \u00fcber die Nachricht aus Berlin, dass der Kreis Olpe als einer der ersten Kreise aus Nordrhein-Westfalen einen F\u00f6rderbescheid \u00fcber rd.\u00a0sechs Mio. Euro f\u00fcr den Breitbandausbau erhalten soll.\u00a0Den Bescheid wird der Bundesminister f\u00fcr Verkehr und digitale Infrastruktur am 28. April pers\u00f6nlich an Martin Dornseifer, Breitbandkoordinator des Kreises Olpe, aush\u00e4ndigen.<\/p>\n<\/div>\n<\/div>\n<div>\n<p>\u201eWir wollen die Breitbandversorgung in den derzeit noch unterversorgten Gebieten des Kreises Olpe entscheidend voran bringen. Deshalb haben wir alle Hebel in Bewegung gesetzt, um im ersten F\u00f6rderaufruf des Bundes bereits erfolgreich zum Zuge zu kommen\u201c, so der Landrat. Ziel ist eine m\u00f6glichst fl\u00e4chendeckende Breitbandversorgung mit mindestens 50 Mbit\/s bis zum Jahr 2019. Dazu sollen zahlreiche der sogenannten Kabelverzweiger im Kreisgebiet mit Glasfaser angebunden werden. Von dort aus werden die Haushalte zwar weiterhin \u00fcber Kupferkabel versorgt, die \u00dcbertragungsgeschwindigkeit wird im Vergleich zur bisherigen Versorgung aber deutlich verbessert. Die zuk\u00fcnftigen Ausbaugebiete wurden in enger Zusammenarbeit mit den St\u00e4dten und Gemeinden, die bereits in den vergangenen Jahren zahlreiche Aktivit\u00e4ten zur Verbesserung der Breitbandversorgung unternommen haben, ausgew\u00e4hlt.<\/p>\n<p>Neben den unterversorgten Ortschaften stehen vor allem auch die bisher unzureichend angebundenen Gewerbegebiete im Fokus. \u201eUnsere Unternehmen sind dringend auf schnelles Internet angewiesen. Nur so k\u00f6nnen wir unsere wirtschaftliche St\u00e4rke und die damit verbundene Lebensqualit\u00e4t auf Dauer erhalten\u201c, bringt es der Landrat auf den Punkt.<\/p>\n<p>Zus\u00e4tzlich zu den F\u00f6rdergeldern des Bundes erwartet der Kreis Olpe eine Zuwendung des Landes Nordrhein-Westfalen \u00fcber rd. 4,9 Mio. Euro. Eine entsprechende Zusage des Wirtschaftsministeriums liegt bereits vor. Bevor es aber an den Ausbau gehen kann, sind noch die genauen F\u00f6rdermodalit\u00e4ten zu kl\u00e4ren sowie ein transparentes Auswahlverfahren unter den verschiedenen Netzbetreibern durchzuf\u00fchren. \u201eEs wartet also noch viel Arbeit, bevor die B\u00fcrgerinnen und B\u00fcrger endlich schneller im Netz surfen k\u00f6nnen. Ein bisschen Geduld ist also noch vonn\u00f6ten\u201c, so Frank Beckehoff abschlie\u00dfend.<\/p>\n<\/div>\n","protected":false},"excerpt":{"rendered":"<p>Gro\u00dfe Freude herrscht bei Landrat Frank Beckehoff und seinen Mitstreitern im Kreishaus \u00fcber die Nachricht aus Berlin, dass der Kreis Olpe als einer der ersten&#8230;<\/p>\n","protected":false},"author":2,"featured_media":3642,"comment_status":"open","ping_status":"open","sticky":false,"template":"","format":"standard","meta":{"_jetpack_memberships_contains_paid_content":false,"footnotes":""},"categories":[30],"tags":[],"class_list":["post-3640","post","type-post","status-publish","format-standard","has-post-thumbnail","hentry","category-vermischtes"],"jetpack_featured_media_url":"https:\/\/www.vdsm.net\/wronline\/wp-content\/uploads\/2016\/04\/fiber-optic-cable-502894_12.jpg","jetpack_sharing_enabled":true,"_links":{"self":[{"href":"https:\/\/www.vdsm.net\/wronline\/wp-json\/wp\/v2\/posts\/3640","targetHints":{"allow":["GET"]}}],"collection":[{"href":"https:\/\/www.vdsm.net\/wronline\/wp-json\/wp\/v2\/posts"}],"about":[{"href":"https:\/\/www.vdsm.net\/wronline\/wp-json\/wp\/v2\/types\/post"}],"author":[{"embeddable":true,"href":"https:\/\/www.vdsm.net\/wronline\/wp-json\/wp\/v2\/users\/2"}],"replies":[{"embeddable":true,"href":"https:\/\/www.vdsm.net\/wronline\/wp-json\/wp\/v2\/comments?post=3640"}],"version-history":[{"count":2,"href":"https:\/\/www.vdsm.net\/wronline\/wp-json\/wp\/v2\/posts\/3640\/revisions"}],"predecessor-version":[{"id":3643,"href":"https:\/\/www.vdsm.net\/wronline\/wp-json\/wp\/v2\/posts\/3640\/revisions\/3643"}],"wp:featuredmedia":[{"embeddable":true,"href":"https:\/\/www.vdsm.net\/wronline\/wp-json\/wp\/v2\/media\/3642"}],"wp:attachment":[{"href":"https:\/\/www.vdsm.net\/wronline\/wp-json\/wp\/v2\/media?parent=3640"}],"wp:term":[{"taxonomy":"category","embeddable":true,"href":"https:\/\/www.vdsm.net\/wronline\/wp-json\/wp\/v2\/categories?post=3640"},{"taxonomy":"post_tag","embeddable":true,"href":"https:\/\/www.vdsm.net\/wronline\/wp-json\/wp\/v2\/tags?post=3640"}],"curies":[{"name":"wp","href":"https:\/\/api.w.org\/{rel}","templated":true}]}}