{"id":3633,"date":"2016-04-21T15:20:27","date_gmt":"2016-04-21T13:20:27","guid":{"rendered":"http:\/\/www.vdsm.net\/wronline\/?p=3633"},"modified":"2016-04-21T15:20:27","modified_gmt":"2016-04-21T13:20:27","slug":"jeder-hat-das-recht-am-eigenen-bild","status":"publish","type":"post","link":"https:\/\/www.vdsm.net\/wronline\/jeder-hat-das-recht-am-eigenen-bild\/","title":{"rendered":"Jeder hat das Recht am eigenen Bild"},"content":{"rendered":"<p>Darf ich ohne weiteres ein Foto ver\u00f6ffentlichen, auf dem Menschen abgebildet sind? Oder muss ich jede einzelne abgelichtete Person um Erlaubnis fragen? Darf ich fremde Texte oder Fotos f\u00fcr die eigene Nutzung kopieren? Allesamt Fragen, mit denen wir uns t\u00e4glich zum Beispiel im Web und vor allem in sozialen Netzwerken besch\u00e4ftigen sollten. Und Fragen, auf die Rechtsanwalt Michael Rohrlich im Rahmen einer\u00a0Veranstaltung der IHK Siegen zum Thema: \u201eRecht am eigenen Bild, Foto- und Urheberrecht\u201c Antworten gab.<\/p>\n<p>\u201eDas Urheberrecht regelt die Rechte und Pflichten von Urhebern und Rechtinhabern\u201c, legte Rohrlich den Grundstein zur Veranstaltung. \u201eDieses Recht entsteht kraft Gesetzes mit der Vollendung eines Werkes.\u201c Und so ein Werk k\u00f6nne jeder schaffen. Entsprechend seien selbst geschaffene Inhalte zul\u00e4ssige Inhalte f\u00fcr Websites. Einzige Einschr\u00e4nkung: \u201eSie d\u00fcrfen nicht gegen Gesetze versto\u00dfen oder sittenwidrig sein.\u201c Gleichwohl k\u00f6nnten Nutzungsrechte \u00fcbertragen werden, nicht aber das Urheberrecht, erl\u00e4uterte Rohrlich. Die generelle Schutzdauer von \u201epers\u00f6nlichen geistigen Sch\u00f6pfungen\u201c betrage bis zu 70 Jahre nach dem Tod des Urhebers und bei Fotos 50 Jahre nach deren Erscheinen. Demzufolge d\u00fcrfen fremde Inhalte nur im Internet ver\u00f6ffentlicht werden, wenn eine Einwilligung f\u00fcr den konkreten Verwendungszweck vorliegt. Ein Foto, das ein Modelabel seinen H\u00e4ndlern f\u00fcr den Offline- und Onlinehandel zur Verf\u00fcgung stellt, darf noch lange nicht in einem sozialen Netzwerk genutzt werden. \u201eDas m\u00fcssen Sie individuell regeln\u201c, riet Rohrlich den knapp 100 Anwesenden. Andernfalls drohten Abmahnungen, einstweilige Verf\u00fcgungen bis zu Klageverfahren. \u201eAllein eine Ordnungswidrigkeit kann mit einer Geldbu\u00dfe bis zu 50.000 Euro geahndet werden.\u201c Ausgenommen von dem Urheberrecht seien beispielsweise Tweets (\u201eAllein schon wegen der Zeichenbegrenzung.\u201c), so genannte gemeinfreie Inhalte wie beh\u00f6rdliche Dokumente, die nicht dem Geheimnisschutz unterliegen, oder Zitate \u2013 \u201ewenn sie denn als solche gekennzeichnet und mit dem entsprechenden Quellennachweis hinterlegt sind\u201c.<\/p>\n<p>Die h\u00e4ufig zu h\u00f6rende Faustformel, dass die abgelichteten Menschen auf Fotos ab einer gewissen Anzahl nicht mehr um eine Einwilligung zur Ver\u00f6ffentlichung befragt werden m\u00fcssen, verwies Rohrlich ins Reich der Fabeln. \u201eJeder Mensch hat durch die Verfassung das Recht am eigenen Bild. Das hei\u00dft, er muss vorab seine Zustimmung daf\u00fcr geben, ob und wof\u00fcr er abgebildet wird \u2013 wie immer am besten schriftlich.\u201c Ausnahmen seien Bildnisse der Zeitgeschichte, Bilder von \u00f6ffentlichen Versammlungen oder wenn Personen nur als Beiwerk auf Fotos erschienen. Fotografiere man zum Beispiel den K\u00f6lner Dom, und eine Gruppe Touristen befinde sich davor, die man zwar mit ablichte, die aber nicht im Fokus des Fotos stehe, sei dies eine Ausnahme. Eine Ausnahme bilden ebenfalls Fotos von Prominenten. Rohrlich: \u201eHier kann man durchaus eine Faustregel anwenden: Je bekannter ein Mensch ist, desto eher darf er ohne seine Zustimmung fotografiert werden.\u201c Jedoch nicht in seiner Privat- oder Intimsph\u00e4re. Noch sch\u00e4rfere Grunds\u00e4tze gelten bei Fotos von Kindern und Jugendlichen. F\u00fcr Kinder unter circa 14 Jahren m\u00fcssten grunds\u00e4tzlich die Erziehungsberechtigten zustimmen. Im Alter von etwa 14 bis 18 Jahren h\u00e4nge die pers\u00f6nliche Zustimmung der jeweiligen Jugendlichen von ihrer Einsichtsf\u00e4higkeit ab. Erst ab 18 Jahren d\u00fcrfe jeder Mensch selbst entscheiden. \u201eEs kommt halt immer drauf an\u201c, schloss Rohrlich mit einer Juristen-Weisheit. \u201eAuf den jeweiligen Fall.\u201c Im Zweifel komme man bei einem derartig komplexen Thema nicht umhin, einen Rechtsanwalt zu Rate zu ziehen.<\/p>\n","protected":false},"excerpt":{"rendered":"<p>Darf ich ohne weiteres ein Foto ver\u00f6ffentlichen, auf dem Menschen abgebildet sind? Oder muss ich jede einzelne abgelichtete Person um Erlaubnis fragen? Darf ich fremde&#8230;<\/p>\n","protected":false},"author":2,"featured_media":3634,"comment_status":"open","ping_status":"open","sticky":false,"template":"","format":"standard","meta":{"_jetpack_memberships_contains_paid_content":false,"footnotes":""},"categories":[32],"tags":[],"class_list":["post-3633","post","type-post","status-publish","format-standard","has-post-thumbnail","hentry","category-infos"],"jetpack_featured_media_url":"https:\/\/www.vdsm.net\/wronline\/wp-content\/uploads\/2016\/04\/034-16-Recht-am-Bild.jpg","jetpack_sharing_enabled":true,"_links":{"self":[{"href":"https:\/\/www.vdsm.net\/wronline\/wp-json\/wp\/v2\/posts\/3633","targetHints":{"allow":["GET"]}}],"collection":[{"href":"https:\/\/www.vdsm.net\/wronline\/wp-json\/wp\/v2\/posts"}],"about":[{"href":"https:\/\/www.vdsm.net\/wronline\/wp-json\/wp\/v2\/types\/post"}],"author":[{"embeddable":true,"href":"https:\/\/www.vdsm.net\/wronline\/wp-json\/wp\/v2\/users\/2"}],"replies":[{"embeddable":true,"href":"https:\/\/www.vdsm.net\/wronline\/wp-json\/wp\/v2\/comments?post=3633"}],"version-history":[{"count":2,"href":"https:\/\/www.vdsm.net\/wronline\/wp-json\/wp\/v2\/posts\/3633\/revisions"}],"predecessor-version":[{"id":3636,"href":"https:\/\/www.vdsm.net\/wronline\/wp-json\/wp\/v2\/posts\/3633\/revisions\/3636"}],"wp:featuredmedia":[{"embeddable":true,"href":"https:\/\/www.vdsm.net\/wronline\/wp-json\/wp\/v2\/media\/3634"}],"wp:attachment":[{"href":"https:\/\/www.vdsm.net\/wronline\/wp-json\/wp\/v2\/media?parent=3633"}],"wp:term":[{"taxonomy":"category","embeddable":true,"href":"https:\/\/www.vdsm.net\/wronline\/wp-json\/wp\/v2\/categories?post=3633"},{"taxonomy":"post_tag","embeddable":true,"href":"https:\/\/www.vdsm.net\/wronline\/wp-json\/wp\/v2\/tags?post=3633"}],"curies":[{"name":"wp","href":"https:\/\/api.w.org\/{rel}","templated":true}]}}