{"id":362,"date":"2012-01-30T15:50:22","date_gmt":"2012-01-30T14:50:22","guid":{"rendered":"http:\/\/www.vdsm.net\/wronline\/?p=362"},"modified":"2012-01-30T15:50:22","modified_gmt":"2012-01-30T14:50:22","slug":"berufliche-ausbildung-hat-eine-hohe-qualitaet","status":"publish","type":"post","link":"https:\/\/www.vdsm.net\/wronline\/berufliche-ausbildung-hat-eine-hohe-qualitaet\/","title":{"rendered":"Berufliche Ausbildung hat eine hohe Qualit\u00e4t"},"content":{"rendered":"<div id=\"attachment_363\" style=\"width: 310px\" class=\"wp-caption alignleft\"><a href=\"http:\/\/www.vdsm.net\/wronline\/wp-content\/uploads\/2012\/01\/013-12-Ausbildung.jpg\"><img loading=\"lazy\" decoding=\"async\" aria-describedby=\"caption-attachment-363\" class=\"size-full wp-image-363\" title=\"Ausbildung hat hohe Qualit\u00e4t\" src=\"http:\/\/www.vdsm.net\/wronline\/wp-content\/uploads\/2012\/01\/013-12-Ausbildung.jpg\" alt=\"\" width=\"300\" height=\"194\" \/><\/a><p id=\"caption-attachment-363\" class=\"wp-caption-text\">Sie hatten bei der Ausbildung die Nase vorn (v.re.): Tobias Rei\u00dfenweber, Nicolas Greis, Olga Ulrich, Julia Arns. EU-Kommissar G\u00fcnther Oettinger (li.) und IHK-Pr\u00e4sident Klaus Th. Vetter gratulierten ihnen recht herzlich.<\/p><\/div>\n<p>Siegen, 30. Januar 2012. \u201eFachkr\u00e4fte- und Arbeitskr\u00e4fteknappheit wird das wichtigste Thema der n\u00e4chsten Jahre sein\u201c, betonte Klaus Th. Vetter, Pr\u00e4sident der Industrie- und Handelskammer Siegen (IHK), beim IHK-Jahresempfang. \u201eUmso wichtiger ist es, Mitarbeiter und insbesondere junge Mitarbeiter gut auszubilden.\u201c Um zu unterstreichen, welche Bedeutung die Ausbildung junger Menschen f\u00fcr die Zukunftssicherung der Region hat, wurden auch diesmal wieder die vier Jugendlichen ausgezeichnet, die im vergangenen Jahr ihre duale Ausbildung als Beste abgeschlossen haben.<\/p>\n<p>Gemeinsam mit Festredner und EU-Kommissar G\u00fcnther Oettinger ehrte Vetter jeweils die besten gewerblichen und kaufm\u00e4nnischen Auszubildenden aus dem Kreis Siegen-Wittgenstein und aus dem Kreis Olpe. \u201eDie jungen Menschen stehen hier stellvertretend f\u00fcr die hohe Qualit\u00e4t der dualen Ausbildung in unserer Region\u201c, erl\u00e4uterte der IHK-Pr\u00e4sident. \u201eDie jungen Menschen, die eine Lehre in unseren Betrieben absolvieren und an unseren Berufskollegs ausgebildet werden, sind ein wesentlicher Pfeiler, auf dem der wirtschaftliche Erfolg unserer Region basiert.\u201c Urkunden, 500-Euro-Weiterbildungs-Gutscheine sowie Pokale gingen im kaufm\u00e4nnischen Bereich an Julia Arns aus Wenden (Bankkauffrau, Volksbank Olpe-Wenden-Drolshagen eG, Olpe) und Olga Ulrich aus Burbach (Verk\u00e4uferin, Petz Rewe GmbH, Burbach). Im gewerblich-technischen Bereich hatten Nicolas Greis aus Wenden (Verfahrensmechaniker f\u00fcr Beschichtungstechnik, Schneider + Co. GmbH, Kreuztal) und Tobias Rei\u00dfenweber aus Wenden (Destillateur, Kornbrennerei J. J. Kemper, Inh. Arens e.K, Olpe) die Nase vorn.<\/p>\n","protected":false},"excerpt":{"rendered":"<p>Siegen, 30. Januar 2012. \u201eFachkr\u00e4fte- und Arbeitskr\u00e4fteknappheit wird das wichtigste Thema der n\u00e4chsten Jahre sein\u201c, betonte Klaus Th. Vetter, Pr\u00e4sident der Industrie- und Handelskammer Siegen&#8230;<\/p>\n","protected":false},"author":2,"featured_media":363,"comment_status":"open","ping_status":"open","sticky":false,"template":"","format":"standard","meta":{"_jetpack_memberships_contains_paid_content":false,"footnotes":""},"categories":[8],"tags":[],"class_list":["post-362","post","type-post","status-publish","format-standard","has-post-thumbnail","hentry","category-ausbildung"],"jetpack_featured_media_url":"https:\/\/www.vdsm.net\/wronline\/wp-content\/uploads\/2012\/01\/013-12-Ausbildung.jpg","jetpack_sharing_enabled":true,"_links":{"self":[{"href":"https:\/\/www.vdsm.net\/wronline\/wp-json\/wp\/v2\/posts\/362","targetHints":{"allow":["GET"]}}],"collection":[{"href":"https:\/\/www.vdsm.net\/wronline\/wp-json\/wp\/v2\/posts"}],"about":[{"href":"https:\/\/www.vdsm.net\/wronline\/wp-json\/wp\/v2\/types\/post"}],"author":[{"embeddable":true,"href":"https:\/\/www.vdsm.net\/wronline\/wp-json\/wp\/v2\/users\/2"}],"replies":[{"embeddable":true,"href":"https:\/\/www.vdsm.net\/wronline\/wp-json\/wp\/v2\/comments?post=362"}],"version-history":[{"count":3,"href":"https:\/\/www.vdsm.net\/wronline\/wp-json\/wp\/v2\/posts\/362\/revisions"}],"predecessor-version":[{"id":375,"href":"https:\/\/www.vdsm.net\/wronline\/wp-json\/wp\/v2\/posts\/362\/revisions\/375"}],"wp:featuredmedia":[{"embeddable":true,"href":"https:\/\/www.vdsm.net\/wronline\/wp-json\/wp\/v2\/media\/363"}],"wp:attachment":[{"href":"https:\/\/www.vdsm.net\/wronline\/wp-json\/wp\/v2\/media?parent=362"}],"wp:term":[{"taxonomy":"category","embeddable":true,"href":"https:\/\/www.vdsm.net\/wronline\/wp-json\/wp\/v2\/categories?post=362"},{"taxonomy":"post_tag","embeddable":true,"href":"https:\/\/www.vdsm.net\/wronline\/wp-json\/wp\/v2\/tags?post=362"}],"curies":[{"name":"wp","href":"https:\/\/api.w.org\/{rel}","templated":true}]}}