{"id":358,"date":"2012-01-30T15:45:25","date_gmt":"2012-01-30T14:45:25","guid":{"rendered":"http:\/\/www.vdsm.net\/wronline\/?p=358"},"modified":"2012-01-30T15:45:25","modified_gmt":"2012-01-30T14:45:25","slug":"mennekes-feiert-richtfest-fuer-neues-buerogebaeude","status":"publish","type":"post","link":"https:\/\/www.vdsm.net\/wronline\/mennekes-feiert-richtfest-fuer-neues-buerogebaeude\/","title":{"rendered":"Mennekes feiert Richtfest f\u00fcr neues B\u00fcrogeb\u00e4ude"},"content":{"rendered":"<p>Kirchhundem, 30. Januar 2012. Zum Start ins neue Jahr gab es bei Mennekes in Kirchhundem gleich etwas zu feiern: Nur drei Monate nach dem ersten Spatenstich weht \u00fcber der Baustelle f\u00fcr den B\u00fcroneubau an der Aloys-Mennekes-Stra\u00dfe bereits der Richtkranz. Mit einem Investitionsvolumen von \u00fcber einer Million Euro l\u00e4sst der f\u00fchrende Hersteller von Industriesteckvorrichtungen und Ladesystemen f\u00fcr Elektrofahrzeuge eine komplett neue B\u00fcroetage errichten, die auf rund 650 Quadratmetern dringend ben\u00f6tigte Fl\u00e4chen f\u00fcr die Bereiche Konstruktion, Entwicklung und Normung schafft. Rund 30 Mitarbeiter werden hier k\u00fcnftig ihren Arbeitsplatz haben.<\/p>\n<p>Mit der neuen Etage setzt Mennekes am Traditionsstandort Kirchhundem eine Reihe von Neubau- und Erweiterungsprojekten fort, die eindrucksvoller Beleg sind f\u00fcr die positive Entwicklung des Unternehmens. Die steigende Zahl von Mitarbeitern machte die Erweiterung der B\u00fcrofl\u00e4chen dringend erforderlich. Firmenchef Walter Mennekes: \u201eUnser Neubau ist eine wichtige Investition in die Zukunft und ein weiteres Bekenntnis zum Wirtschaftsstandort Deutschland.&#8220;<\/p>\n<p>F\u00fcr die Realisierung des aktuellen Neubauprojektes der Mennekes Elektrotechnik GmbH &amp; Co. KG ist insgesamt eine Bauzeit von rund neun Monaten angesetzt. Mennekes: \u201eEin straffer Zeitplan, aber bislang sieht es ganz so aus, dass wir ihn einhalten k\u00f6nnen.&#8220; Die am Bau beteiligten Unternehmen stammen ausnahmslos aus der Region S\u00fcdwestfalen.<\/p>\n","protected":false},"excerpt":{"rendered":"<p>Kirchhundem, 30. Januar 2012. Zum Start ins neue Jahr gab es bei Mennekes in Kirchhundem gleich etwas zu feiern: Nur drei Monate nach dem ersten&#8230;<\/p>\n","protected":false},"author":2,"featured_media":0,"comment_status":"open","ping_status":"open","sticky":false,"template":"","format":"standard","meta":{"_jetpack_memberships_contains_paid_content":false,"footnotes":""},"categories":[10],"tags":[],"class_list":["post-358","post","type-post","status-publish","format-standard","hentry","category-unternehmen"],"jetpack_featured_media_url":"","jetpack_sharing_enabled":true,"_links":{"self":[{"href":"https:\/\/www.vdsm.net\/wronline\/wp-json\/wp\/v2\/posts\/358","targetHints":{"allow":["GET"]}}],"collection":[{"href":"https:\/\/www.vdsm.net\/wronline\/wp-json\/wp\/v2\/posts"}],"about":[{"href":"https:\/\/www.vdsm.net\/wronline\/wp-json\/wp\/v2\/types\/post"}],"author":[{"embeddable":true,"href":"https:\/\/www.vdsm.net\/wronline\/wp-json\/wp\/v2\/users\/2"}],"replies":[{"embeddable":true,"href":"https:\/\/www.vdsm.net\/wronline\/wp-json\/wp\/v2\/comments?post=358"}],"version-history":[{"count":3,"href":"https:\/\/www.vdsm.net\/wronline\/wp-json\/wp\/v2\/posts\/358\/revisions"}],"predecessor-version":[{"id":361,"href":"https:\/\/www.vdsm.net\/wronline\/wp-json\/wp\/v2\/posts\/358\/revisions\/361"}],"wp:attachment":[{"href":"https:\/\/www.vdsm.net\/wronline\/wp-json\/wp\/v2\/media?parent=358"}],"wp:term":[{"taxonomy":"category","embeddable":true,"href":"https:\/\/www.vdsm.net\/wronline\/wp-json\/wp\/v2\/categories?post=358"},{"taxonomy":"post_tag","embeddable":true,"href":"https:\/\/www.vdsm.net\/wronline\/wp-json\/wp\/v2\/tags?post=358"}],"curies":[{"name":"wp","href":"https:\/\/api.w.org\/{rel}","templated":true}]}}