{"id":3493,"date":"2016-04-05T10:30:45","date_gmt":"2016-04-05T08:30:45","guid":{"rendered":"http:\/\/www.vdsm.net\/wronline\/?p=3493"},"modified":"2016-04-05T10:30:45","modified_gmt":"2016-04-05T08:30:45","slug":"industriemesse-suedwestfalen-am-14-und-15-juni-in-siegen","status":"publish","type":"post","link":"https:\/\/www.vdsm.net\/wronline\/industriemesse-suedwestfalen-am-14-und-15-juni-in-siegen\/","title":{"rendered":"IndustrieMesse S\u00fcdwestfalen am 14. und 15. Juni in Siegen"},"content":{"rendered":"<div class=\"teaser-text\">\n<p class=\"bodytext\">Die IndustrieMesse S\u00fcdwestfalen (ehemals Zulieferer-Messe \u00bbMaschinenbau\u00ab S\u00fcdwestfalen) ist am 14. und 15. Juni 2016 in der Siegerlandhalle in Siegen zum f\u00fcnften Mal seit 2008 das Schaufenster f\u00fcr die wirtschaftliche Kraft und Vielfalt S\u00fcdwestfalens sowie angrenzender Regionen.<\/p>\n<\/div>\n<div class=\"news-text-wrap\">\n<p class=\"bodytext\">Die Veranstaltung ist die einzige Industrie-Fachmesse ihrer Art in der Region und wird von Ausstellern und Fachbesuchern als wichtiges und h\u00f6chst effizientes Vertriebsinstrument f\u00fcr das regionale Kerngesch\u00e4ft gesch\u00e4tzt. Der Einzugsbereich der Veranstaltung reicht daher inzwischen weit \u00fcber S\u00fcdwestfalen hinaus und umschlie\u00dft den M\u00e4rkischen Kreis und das M\u00fcnsterland ebenso, wie Rhein-Ruhr, Nord- und S\u00fcdhessen, das Rhein-Main-Gebiet bis hinein ins s\u00fcdliche Baden-W\u00fcrttemberg.<\/p>\n<p>Die Region S\u00fcdwestfalen verf\u00fcgt \u00fcber zahlreiche und zum Teil hoch spezialisierte Unternehmen der Metallverarbeitung, die alle wichtigen Industriezweige der deutschen Wirtschaft beliefert. Deutlich kennzeichnendes Merkmal der dort ans\u00e4ssigen Wirtschaft ist eine mittelst\u00e4ndisch gepr\u00e4gte Unternehmensstruktur mit Schwerpunkt in der produzierenden Industrie: S\u00fcdwestfalen ist insbesondere in den deutschen Leit- und Wachstumsbranchen stark und die Besch\u00e4ftigungsschwerpunkte liegen dabei in der Metall- und Kunststoffindustrie, in den Bereichen Automotive, Werkstofftechnologie \u2013 sowie in der Elektrotechnik und dem Maschinenbau.<\/p>\n<p>Die Unternehmen nutzen die kompakte und konzentrierte IndustrieMesse zur Pr\u00e4sentation von Produkten, Leistungen und Projekte. Zudem ist das Messekonzept bekannt f\u00fcr eine ganz besondere \u00bbpers\u00f6nliche\u00ab Atmosph\u00e4re, in der man sich gern trifft und Gesch\u00e4fte macht, denn f\u00fcr die Besucher regional-orientierten Industriemessen steht der Aspekt des lokalen Handelns bzw. das Gesch\u00e4ft vor-Ort im Vordergrund \u2013 gerade wenn es um konzentrierte, enge Zusammenarbeit, Qualit\u00e4t, Zuverl\u00e4ssigkeit und Liefertreue geht. Dazu ben\u00f6tigen Unternehmer, Disponenten und Eink\u00e4ufer den \u00dcberblick \u00fcber die ortsans\u00e4ssigen Unternehmen, deren Leistungs- und Angebotsvielfalt. Und genau hier greift das Konzept der IndustrieMesse S\u00fcdwestfalen und macht diese erfolgreich.<\/p>\n<p>Im Durchschnitt wird die Veranstaltung von etwa 2.400 Fachleuten besucht. Die Fachbesucher sind Entscheidungstr\u00e4ger, Spezialisten und Techniker aus unterschiedlichen Unternehmensbereichen und Branchen, die neue Kontakte bzw. neue Lieferanten suchen, alte Kontakte pflegen und sich \u00fcber die Leistungsvielfalt und Leistungskraft der Industrie in der Region informieren m\u00f6chten. Interessierte Aussteller k\u00f6nnen sich noch bis zum 15.04.2016 unter <a class=\"_blank\" title=\"external-link-new-window\" href=\"http:\/\/www.sued-westfalen-messe.de\/\" target=\"_blank\">http:\/\/www.sued-westfalen-messe.de <\/a>anmelden und erhalten dort alle notwendigen Informationen.<\/p>\n<\/div>\n","protected":false},"excerpt":{"rendered":"<p>Die IndustrieMesse S\u00fcdwestfalen (ehemals Zulieferer-Messe \u00bbMaschinenbau\u00ab S\u00fcdwestfalen) ist am 14. und 15. Juni 2016 in der Siegerlandhalle in Siegen zum f\u00fcnften Mal seit 2008 das&#8230;<\/p>\n","protected":false},"author":2,"featured_media":3494,"comment_status":"open","ping_status":"open","sticky":false,"template":"","format":"standard","meta":{"_jetpack_memberships_contains_paid_content":false,"footnotes":""},"categories":[11],"tags":[],"class_list":["post-3493","post","type-post","status-publish","format-standard","has-post-thumbnail","hentry","category-regionale-wirtschaft"],"jetpack_featured_media_url":"https:\/\/www.vdsm.net\/wronline\/wp-content\/uploads\/2016\/04\/zuli_2014_tag1_2n.jpg","jetpack_sharing_enabled":true,"_links":{"self":[{"href":"https:\/\/www.vdsm.net\/wronline\/wp-json\/wp\/v2\/posts\/3493","targetHints":{"allow":["GET"]}}],"collection":[{"href":"https:\/\/www.vdsm.net\/wronline\/wp-json\/wp\/v2\/posts"}],"about":[{"href":"https:\/\/www.vdsm.net\/wronline\/wp-json\/wp\/v2\/types\/post"}],"author":[{"embeddable":true,"href":"https:\/\/www.vdsm.net\/wronline\/wp-json\/wp\/v2\/users\/2"}],"replies":[{"embeddable":true,"href":"https:\/\/www.vdsm.net\/wronline\/wp-json\/wp\/v2\/comments?post=3493"}],"version-history":[{"count":1,"href":"https:\/\/www.vdsm.net\/wronline\/wp-json\/wp\/v2\/posts\/3493\/revisions"}],"predecessor-version":[{"id":3495,"href":"https:\/\/www.vdsm.net\/wronline\/wp-json\/wp\/v2\/posts\/3493\/revisions\/3495"}],"wp:featuredmedia":[{"embeddable":true,"href":"https:\/\/www.vdsm.net\/wronline\/wp-json\/wp\/v2\/media\/3494"}],"wp:attachment":[{"href":"https:\/\/www.vdsm.net\/wronline\/wp-json\/wp\/v2\/media?parent=3493"}],"wp:term":[{"taxonomy":"category","embeddable":true,"href":"https:\/\/www.vdsm.net\/wronline\/wp-json\/wp\/v2\/categories?post=3493"},{"taxonomy":"post_tag","embeddable":true,"href":"https:\/\/www.vdsm.net\/wronline\/wp-json\/wp\/v2\/tags?post=3493"}],"curies":[{"name":"wp","href":"https:\/\/api.w.org\/{rel}","templated":true}]}}