{"id":33604,"date":"2026-03-13T09:08:58","date_gmt":"2026-03-13T08:08:58","guid":{"rendered":"https:\/\/www.vdsm.net\/wronline\/?p=33604"},"modified":"2026-03-13T09:09:29","modified_gmt":"2026-03-13T08:09:29","slug":"siegenia-wuerdigt-hervorragende-abschluesse-nachwuchskraefte-fuer-ihre-exzellenten-leistungen-ausgezeichnet","status":"publish","type":"post","link":"https:\/\/www.vdsm.net\/wronline\/siegenia-wuerdigt-hervorragende-abschluesse-nachwuchskraefte-fuer-ihre-exzellenten-leistungen-ausgezeichnet\/","title":{"rendered":"SIEGENIA w\u00fcrdigt hervorragende Abschl\u00fcsse &#8211; Nachwuchskr\u00e4fte f\u00fcr ihre exzellenten Leistungen ausgezeichnet"},"content":{"rendered":"<p>Die <a href=\"https:\/\/www.siegenia.com\/de\">SIEGENIA GRUPPE<\/a> freut sich erneut \u00fcber zwei starke Abschlussjahrg\u00e4nge: Insgesamt 26 Auszubildende haben im Sommer 2025 sowie Winter 2026 ihre Pr\u00fcfungen bestanden. Dar\u00fcber hinaus konnten 13 Mitarbeitende eine berufliche Weiterbildung oder ein berufsbegleitendes Studium erfolgreich beenden \u2013 sei es als Technischer Fachwirt, staatlich gepr\u00fcfter Techniker oder mit einem akademischen Abschluss. Im Rahmen zweier Veranstaltungen w\u00fcrdigte das Unternehmen jetzt die Leistungen seiner Nachwuchskr\u00e4fte: Die Gratulationsveranstaltung f\u00fcr die ehemaligen Auszubildenden fand am 26. Februar statt; die Ehrung der Absolventinnen und Absolventen folgte am 11. M\u00e4rz. Besonderer H\u00f6hepunkt war die pers\u00f6nliche Gratulation durch Wieland Frank, Gesch\u00e4ftsf\u00fchrender Gesellschafter, der alle Nachwuchskr\u00e4fte pers\u00f6nlich zu ihrem Erfolg begl\u00fcckw\u00fcnschte. Die gro\u00dfe Bedeutung dieses Meilensteins unterstrich auch die Anwesenheit der f\u00fcr die jeweiligen Fachbereiche zust\u00e4ndigen Mitglieder der Gesch\u00e4ftsf\u00fchrung von SIEGENIA.<\/p>\n<h4>Als Fachkraft bei SIEGENIA durchstarten<\/h4>\n<div id=\"attachment_33606\" style=\"width: 310px\" class=\"wp-caption alignright\"><img loading=\"lazy\" decoding=\"async\" aria-describedby=\"caption-attachment-33606\" class=\"size-medium wp-image-33606\" src=\"https:\/\/www.vdsm.net\/wronline\/wp-content\/uploads\/2026\/03\/SIE_Gratulationsfeier-2026_Weiterbildung_Studium_1-300x217.jpg\" alt=\"\" width=\"300\" height=\"217\" srcset=\"https:\/\/www.vdsm.net\/wronline\/wp-content\/uploads\/2026\/03\/SIE_Gratulationsfeier-2026_Weiterbildung_Studium_1-300x217.jpg 300w, https:\/\/www.vdsm.net\/wronline\/wp-content\/uploads\/2026\/03\/SIE_Gratulationsfeier-2026_Weiterbildung_Studium_1-1024x740.jpg 1024w, https:\/\/www.vdsm.net\/wronline\/wp-content\/uploads\/2026\/03\/SIE_Gratulationsfeier-2026_Weiterbildung_Studium_1-768x555.jpg 768w, https:\/\/www.vdsm.net\/wronline\/wp-content\/uploads\/2026\/03\/SIE_Gratulationsfeier-2026_Weiterbildung_Studium_1-1536x1110.jpg 1536w, https:\/\/www.vdsm.net\/wronline\/wp-content\/uploads\/2026\/03\/SIE_Gratulationsfeier-2026_Weiterbildung_Studium_1-2048x1479.jpg 2048w\" sizes=\"auto, (max-width: 300px) 100vw, 300px\" \/><p id=\"caption-attachment-33606\" class=\"wp-caption-text\">Im Rahmen einer Feier zeichnete die SIEGENIA GRUPPE ihre Nachwuchskr\u00e4fte f\u00fcr ihre exzellenten Leistungen aus: 13 Mitarbeitende konnten eine berufliche Weiterbildung oder ein berufsbegleitendes Studium erfolgreich beenden.<\/p><\/div>\n<p>Erfreulich aus Sicht von SIEGENIA ist auch die Tatsache, dass die 26 Auszubildenden ihren beruflichen Weg im Unternehmen fortsetzen. Die Mehrheit von ihnen startet unmittelbar als Fachkraft in den ihrem Ausbildungsweg entsprechenden Fachabteilungen. Sieben der ehemaligen Azubis haben sich entschieden, praktische Erfahrung im Unternehmen mit akademischer Weiterqualifizierung zu verbinden, und nehmen zus\u00e4tzlich ein berufsbegleitendes Studium auf. Akzente setzte der Jahrgang zudem bei den Industrie- und Handelskammern: Gleich f\u00fcnf ehemalige Auszubildende wurden zur IHK-Bestenehrung eingeladen. In den IHK-Regionen der Standorte Wilnsdorf, Velbert und Hermeskeil z\u00e4hlen sie damit zu den leistungsst\u00e4rksten Absolventinnen und Absolventen ihrer Ausbildungsberufe.<\/p>\n<h4>Nachwuchsf\u00f6rderung auf pers\u00f6nlicher wie auch fachlicher Ebene<\/h4>\n<div id=\"attachment_33607\" style=\"width: 160px\" class=\"wp-caption alignright\"><img loading=\"lazy\" decoding=\"async\" aria-describedby=\"caption-attachment-33607\" class=\"size-thumbnail wp-image-33607\" src=\"https:\/\/www.vdsm.net\/wronline\/wp-content\/uploads\/2026\/03\/SIE_Gratulationsfeier-2026_Weiterbildung_Studium_3-150x150.jpg\" alt=\"\" width=\"150\" height=\"150\" \/><p id=\"caption-attachment-33607\" class=\"wp-caption-text\">Besonderer H\u00f6hepunkt war die pers\u00f6nliche Gratulation durch Wieland Frank, Gesch\u00e4ftsf\u00fchrender Gesellschafter, der alle Nachwuchskr\u00e4fte pers\u00f6nlich zu ihrem Erfolg begl\u00fcckw\u00fcnschte.<\/p><\/div>\n<p>Die erfolgreichen Aus- und Weiterbildungsabschl\u00fcsse belegen einmal mehr den hohen Stellenwert, den SIEGENIA der Ausbildung, Qualifizierung und internen Talentf\u00f6rderung f\u00fcr die nachhaltige Sicherung von Fachkompetenz im Unternehmen beimisst. Auch die 13 Absolventinnen und Absolventen aus den Bereichen Weiterbildung und Studium stehen f\u00fcr die kontinuierliche Qualifizierung innerhalb der Unternehmensgruppe. \u201eBei SIEGENIA ist es uns ein Anliegen, mit unterschiedlichen Abschl\u00fcssen sowie berufsbegleitenden Studieng\u00e4ngen die fachliche und pers\u00f6nliche Entwicklung unserer Mitarbeitenden gezielt zu f\u00f6rdern. Die hervorragenden Abschl\u00fcsse stehen sinnbildlich f\u00fcr das Engagement, die Zielstrebigkeit und den hohen Anspruch von SIEGENIA an die Entwicklung seiner Mitarbeitenden\u201c, betont Nina Herter, Leiterin Personalentwicklung bei SIEGENIA. \u201eUnser Ziel ist es, Mitarbeitende langfristig zu begleiten \u2013 von der Ausbildung \u00fcber die erste Fachposition bis zu weiterf\u00fchrenden Qualifikationen.\u201c<\/p>\n<p>Text:\/Foto: Unternehmen<\/p>\n","protected":false},"excerpt":{"rendered":"<p>Die SIEGENIA GRUPPE freut sich erneut \u00fcber zwei starke Abschlussjahrg\u00e4nge: Insgesamt 26 Auszubildende haben im Sommer 2025 sowie Winter 2026 ihre Pr\u00fcfungen bestanden. Dar\u00fcber hinaus&#8230;<\/p>\n","protected":false},"author":11,"featured_media":33605,"comment_status":"open","ping_status":"open","sticky":false,"template":"","format":"standard","meta":{"_jetpack_memberships_contains_paid_content":false,"footnotes":""},"categories":[1,8,30,10],"tags":[],"class_list":["post-33604","post","type-post","status-publish","format-standard","has-post-thumbnail","hentry","category-aktuell","category-ausbildung","category-vermischtes","category-unternehmen"],"jetpack_featured_media_url":"https:\/\/www.vdsm.net\/wronline\/wp-content\/uploads\/2026\/03\/SIE_Gratulationsfeier-2026_Ausbildung-scaled.jpg","jetpack_sharing_enabled":true,"_links":{"self":[{"href":"https:\/\/www.vdsm.net\/wronline\/wp-json\/wp\/v2\/posts\/33604","targetHints":{"allow":["GET"]}}],"collection":[{"href":"https:\/\/www.vdsm.net\/wronline\/wp-json\/wp\/v2\/posts"}],"about":[{"href":"https:\/\/www.vdsm.net\/wronline\/wp-json\/wp\/v2\/types\/post"}],"author":[{"embeddable":true,"href":"https:\/\/www.vdsm.net\/wronline\/wp-json\/wp\/v2\/users\/11"}],"replies":[{"embeddable":true,"href":"https:\/\/www.vdsm.net\/wronline\/wp-json\/wp\/v2\/comments?post=33604"}],"version-history":[{"count":4,"href":"https:\/\/www.vdsm.net\/wronline\/wp-json\/wp\/v2\/posts\/33604\/revisions"}],"predecessor-version":[{"id":33611,"href":"https:\/\/www.vdsm.net\/wronline\/wp-json\/wp\/v2\/posts\/33604\/revisions\/33611"}],"wp:featuredmedia":[{"embeddable":true,"href":"https:\/\/www.vdsm.net\/wronline\/wp-json\/wp\/v2\/media\/33605"}],"wp:attachment":[{"href":"https:\/\/www.vdsm.net\/wronline\/wp-json\/wp\/v2\/media?parent=33604"}],"wp:term":[{"taxonomy":"category","embeddable":true,"href":"https:\/\/www.vdsm.net\/wronline\/wp-json\/wp\/v2\/categories?post=33604"},{"taxonomy":"post_tag","embeddable":true,"href":"https:\/\/www.vdsm.net\/wronline\/wp-json\/wp\/v2\/tags?post=33604"}],"curies":[{"name":"wp","href":"https:\/\/api.w.org\/{rel}","templated":true}]}}