{"id":33510,"date":"2026-01-28T14:43:49","date_gmt":"2026-01-28T13:43:49","guid":{"rendered":"https:\/\/www.vdsm.net\/wronline\/?p=33510"},"modified":"2026-01-28T15:01:01","modified_gmt":"2026-01-28T14:01:01","slug":"konjunkturumfrage-schlechte-lage-schlaegt-sich-auf-beschaeftigung-nieder","status":"publish","type":"post","link":"https:\/\/www.vdsm.net\/wronline\/konjunkturumfrage-schlechte-lage-schlaegt-sich-auf-beschaeftigung-nieder\/","title":{"rendered":"Konjunkturumfrage: Schlechte Lage schl\u00e4gt sich auf Besch\u00e4ftigung nieder"},"content":{"rendered":"<p>Die Lage der heimischen Industrie ist und bleibt besorgniserregend. Im Rahmen der NRW-weiten Konjunkturumfrage beteiligten sich auch wieder zahlreiche Unternehmen der Metall- und Elektrobranche und zeichneten ein insgesamt d\u00fcsteres Bild. Im Vorjahreszeitraum hatten bereits fast die H\u00e4lfte der befragten Unternehmen konstatiert, dass die aktuelle Gesch\u00e4ftslage schlecht sei (47 Prozent), nun sagen dies sogar 59 Prozent. \u201e57 Prozent der Unternehmen haben zudem f\u00fcr die kommenden sechs Monate gleichbleibende \u2013 also vornehmlich schlechte \u2013Gesch\u00e4ftserwartungen\u201c, zeigt sich Dr. Thorsten Doublet besorgt. Der Gesch\u00e4ftsf\u00fchrer des Verbandes der Siegerl\u00e4nder Metallindustriellen nimmt auch abseits der Konjunkturumfrage eine schlechte Stimmung in der Mitgliedschaft wahr: \u201eDas Empfinden aus dem t\u00e4glichen Austausch mit Personalleitungen und Gesch\u00e4ftsf\u00fchrungen spiegelt sich nun auch in den Einsch\u00e4tzungen bez\u00fcglich der Besch\u00e4ftigung wider.\u201c<\/p>\n<p><strong>Entlassungen teilweise unumg\u00e4nglich<br \/>\n<\/strong>Das besch\u00e4ftigungssichernde Instrument der Kurzarbeit steht bei den Personalverantwortlichen noch h\u00f6her im Kurs als schon vor Jahresfrist. 43 Prozent der Umfrageteilnehmer gab an, in den vergangenen sechs Monaten auf Kurzarbeit gesetzt zu haben, in den n\u00e4chsten sechs Monaten beabsichtigen das 61 Prozent. Auch die Zahl der geplanten Entlassungen gibt Anlass zur Sorge. Nahmen vor einem Jahr noch 33 Prozent der Befragten einen Stellenabbau f\u00fcr die bevorstehenden sechs Monate ins Visier, ist dieser Wert aktuell auf 42 Prozent gestiegen. \u201eDie Industrie in Siegen-Wittgenstein ist famili\u00e4r gepr\u00e4gt. Wir Unternehmer stehen traditionell zu unserer sozialen Verantwortung\u201c, bekr\u00e4ftigt Christian F. Kocherscheidt, VdSM-Vorsitzender und gesch\u00e4ftsf\u00fchrender Direktor in der Holdinggesellschaft der EJOT-Gruppe. Die hohe Bereitschaft, kurzfristig auch Entlassungen anzustreben zeige aber, wie schlimm die wirtschaftliche Lage wirklich sei \u2013 insbesondere auch mit Blick auf den Fachkr\u00e4ftemangel. Denn wer jetzt entlasse, habe es beim n\u00e4chsten Aufschwung umso schwerer, gute Mitarbeiterinnen und Mitarbeiter zu finden. Und so wollen immerhin 56 Prozent der Befragten die Belegschaft in den kommenden sechs Monaten in der selben Gr\u00f6\u00dfe belassen, obwohl die wirtschaftliche Lage schwierig ist. Weiterer Indikator f\u00fcr das zuvor skizzierte Bild: Die Ausbildungsbereitschaft ist in der Tendenz bei 68 Prozent der Umfrageteilnehmer unver\u00e4ndert, dennoch ist sie leicht gesunken (2024: 74 Prozent).<\/p>\n<p>Weiteres Alarmsignal: auch der klassische Siegen-Wittgensteiner Motor ist ins Stocken geraten: \u201eBesonders im Maschinenbau hat es in den vergangenen zwei Jahren noch hervorhebenswerte Ausnahmen gegeben, was die wirtschaftliche Lage angeht. Die Region hat davon profitiert, dass die Unternehmen wenig im Automotive-Sektor unterwegs sind.\u201c Jetzt komme die schlechte konjunkturelle Lage aber auch dort mehr und mehr zum Tragen.<\/p>\n<p><strong>Mangelnde Investitionsbereitschaft ist ein Warnsignal<br \/>\n<\/strong>Die versprochenen Reformen in der Wirtschafts- und Sozialpolitik zeigten noch nicht ihre Wirkung bzw. seien gr\u00f6\u00dftenteils noch nicht umgesetzt worden. Die Folge: Die Investitionsneigung der Industrie geht im Inland noch weiter zur\u00fcck. Hatten zum Jahreswechsel 2024\/25 schon 52 Prozent der befragten Unternehmen eine sinkende Investitionsbereitschaft konstatiert, ist dieser Wert jetzt noch einmal auf 59 Prozent gestiegen. Bemerkbar macht sich indes auch die unsichere weltpolitische Lage. Denn mit Blick auf das Ausland sagen aktuell nur noch 68 Prozent der Befragten, dass sie im Ausland mehr oder gleichbleibend investieren wollen. Im Vorjahreszeitraum waren das noch 82 Prozent.<\/p>\n<p>Einzig die Tendenz bei der Ertragslage sticht in der aktuellen Konjunkturumfrage positiv heraus. Denn w\u00e4hrend 2024\/25 diese noch 61 Prozent als schlecht bewerteten, sind dies jetzt \u201enur\u201c noch 49 Prozent.<\/p>\n<p>\u201eWir hoffen nach wie vor auf eine wirtschaftsfreundlichere Politik der aktuellen Regierung, wohlwissend, dass die internationalen Rahmenbedingungen gerade alles andere als einfach sind\u201c, so Christian F. Kocherscheidt: \u201eGebetsm\u00fchlenartig predigen wir das hohe Lied auf niedrigere Lohnnebenkosten, nur erh\u00f6rt worden sind wir bislang an dieser Stelle nicht.\u201c \u00c4hnliches gelte f\u00fcr den Industriestrompreis, dessen Regelungen nun schon wieder viel zu kompliziert ausgestaltet werden sollten und neue b\u00fcrokratische H\u00fcrden mit sich br\u00e4chten.<\/p>\n<p>Text\/Foto: Jan Krumnow<\/p>\n","protected":false},"excerpt":{"rendered":"<p>Die Lage der heimischen Industrie ist und bleibt besorgniserregend. Im Rahmen der NRW-weiten Konjunkturumfrage beteiligten sich auch wieder zahlreiche Unternehmen der Metall- und Elektrobranche und&#8230;<\/p>\n","protected":false},"author":7,"featured_media":33511,"comment_status":"open","ping_status":"open","sticky":false,"template":"","format":"standard","meta":{"_jetpack_memberships_contains_paid_content":false,"footnotes":""},"categories":[1,30,11],"tags":[],"class_list":["post-33510","post","type-post","status-publish","format-standard","has-post-thumbnail","hentry","category-aktuell","category-vermischtes","category-regionale-wirtschaft"],"jetpack_featured_media_url":"https:\/\/www.vdsm.net\/wronline\/wp-content\/uploads\/2026\/01\/PXL_20260127_103841092-scaled.jpg","jetpack_sharing_enabled":true,"_links":{"self":[{"href":"https:\/\/www.vdsm.net\/wronline\/wp-json\/wp\/v2\/posts\/33510","targetHints":{"allow":["GET"]}}],"collection":[{"href":"https:\/\/www.vdsm.net\/wronline\/wp-json\/wp\/v2\/posts"}],"about":[{"href":"https:\/\/www.vdsm.net\/wronline\/wp-json\/wp\/v2\/types\/post"}],"author":[{"embeddable":true,"href":"https:\/\/www.vdsm.net\/wronline\/wp-json\/wp\/v2\/users\/7"}],"replies":[{"embeddable":true,"href":"https:\/\/www.vdsm.net\/wronline\/wp-json\/wp\/v2\/comments?post=33510"}],"version-history":[{"count":1,"href":"https:\/\/www.vdsm.net\/wronline\/wp-json\/wp\/v2\/posts\/33510\/revisions"}],"predecessor-version":[{"id":33512,"href":"https:\/\/www.vdsm.net\/wronline\/wp-json\/wp\/v2\/posts\/33510\/revisions\/33512"}],"wp:featuredmedia":[{"embeddable":true,"href":"https:\/\/www.vdsm.net\/wronline\/wp-json\/wp\/v2\/media\/33511"}],"wp:attachment":[{"href":"https:\/\/www.vdsm.net\/wronline\/wp-json\/wp\/v2\/media?parent=33510"}],"wp:term":[{"taxonomy":"category","embeddable":true,"href":"https:\/\/www.vdsm.net\/wronline\/wp-json\/wp\/v2\/categories?post=33510"},{"taxonomy":"post_tag","embeddable":true,"href":"https:\/\/www.vdsm.net\/wronline\/wp-json\/wp\/v2\/tags?post=33510"}],"curies":[{"name":"wp","href":"https:\/\/api.w.org\/{rel}","templated":true}]}}