{"id":334,"date":"2012-01-25T11:33:41","date_gmt":"2012-01-25T10:33:41","guid":{"rendered":"http:\/\/www.vdsm.net\/wronline\/?p=334"},"modified":"2012-01-25T11:33:41","modified_gmt":"2012-01-25T10:33:41","slug":"metallarbeitgeber-warnen-vor-einschraenkungen-bei-der-zeitarbeit","status":"publish","type":"post","link":"https:\/\/www.vdsm.net\/wronline\/metallarbeitgeber-warnen-vor-einschraenkungen-bei-der-zeitarbeit\/","title":{"rendered":"Metallarbeitgeber warnen vor Einschr\u00e4nkungen bei der Zeitarbeit"},"content":{"rendered":"<p>D\u00fcsseldorf, 25. Januar 2012. Die nordrhein-westf\u00e4lischen Metallarbeitgeber haben der Forderung der IG Metall nach erweiterten Mitbestimmungsrechten f\u00fcr Betriebsr\u00e4te beim Einsatz von Zeitarbeitern eine Absage erteilt. Der Pr\u00e4sident des Verbandes der Metall- und Elektro-Industrie Nordrhein-Westfalen, Horst-Werner Maier-Hunke, warnte am Dienstag in D\u00fcsseldorf davor, dieses f\u00fcr die betriebliche Personalpolitik so wichtige Flexibilisierungsinstrument durch \u00fcberfl\u00fcssige tarifpolitische Regelungen zu gef\u00e4hrden. \u201eIch kann nicht verstehen, warum die Gewerkschaft die Aufgaben und Tarif- und Betriebsparteien ohne Not vermischen will\u201c, sagte der Arbeitgeberpr\u00e4sident. Die IG Metall wisse auch um die besch\u00e4ftigungssichernde Bedeutung der Zeitarbeit f\u00fcr die Stammbelegschaften in den Betrieben. \u201eDieses hohe Gut sollte die Gewerkschaft nicht gef\u00e4hrden\u201c, erkl\u00e4rte Maier-Hunke.<\/p>\n<p>Auch der IG-Metall-Forderung nach einer unbefristeten \u00dcbernahme der Ausgebildeten fehle nach wie vor eine \u201enachvollziehbare Grundlage\u201c. Der Arbeitgeberpr\u00e4sident verwies auf eine j\u00fcngst ver\u00f6ffentlichte Umfrage seines Verbandes, wonach in diesem Jahr 69 Prozent der Unternehmen die Zahl der Ausbildungspl\u00e4tze konstant halten und 23 Prozent sogar zus\u00e4tzliche Ausbildungspl\u00e4tze bereitstellen wollten. \u201eDies ist ein Beleg f\u00fcr die guten Berufsperspektiven in unserer Industrie \u2013 ungeachtet einer ungewissen wirtschaftlichen Entwicklung vieler Unternehmen\u201c, betonte Maier-Hunke.<\/p>\n<p>Angesichts der zunehmend unberechenbareren Konjunkturentwicklung haben der Verband METALL NRW und die IG Metall Nordrhein-Westfalen vereinbart, die Bundesregierung gemeinsam zu einer Verl\u00e4ngerung der Regelungen zum gesetzlichen Kurzarbeitergeld aufzufordern. Die Tarifparteien warnten die Politik davor, erst in einer Notsituation zu reagieren. Je schneller Betrieben und Besch\u00e4ftigten in einem beginnenden Abschwung geholfen werden k\u00f6nne, desto gr\u00f6\u00dfer seien die Chancen f\u00fcr eine erfolgreiche Bew\u00e4ltigung einer m\u00f6glichen Krise. \u201eWenn die Bundesregierung dieses Thema schon jetzt regelt, sind wir im Falle eines Abschwungs sofort handlungsf\u00e4hig\u201c, erkl\u00e4rte Maier-Hunke.<\/p>\n<p>Die erste Tarifverhandlung f\u00fcr die Besch\u00e4ftigten der nordrhein-westf\u00e4lischen Metall- und Elektroindustrie ist f\u00fcr den 14. M\u00e4rz 2012 vereinbart worden.<\/p>\n","protected":false},"excerpt":{"rendered":"<p>D\u00fcsseldorf, 25. Januar 2012. Die nordrhein-westf\u00e4lischen Metallarbeitgeber haben der Forderung der IG Metall nach erweiterten Mitbestimmungsrechten f\u00fcr Betriebsr\u00e4te beim Einsatz von Zeitarbeitern eine Absage erteilt&#8230;.<\/p>\n","protected":false},"author":2,"featured_media":0,"comment_status":"open","ping_status":"open","sticky":false,"template":"","format":"standard","meta":{"_jetpack_memberships_contains_paid_content":false,"footnotes":""},"categories":[1],"tags":[],"class_list":["post-334","post","type-post","status-publish","format-standard","hentry","category-aktuell"],"jetpack_featured_media_url":"","jetpack_sharing_enabled":true,"_links":{"self":[{"href":"https:\/\/www.vdsm.net\/wronline\/wp-json\/wp\/v2\/posts\/334","targetHints":{"allow":["GET"]}}],"collection":[{"href":"https:\/\/www.vdsm.net\/wronline\/wp-json\/wp\/v2\/posts"}],"about":[{"href":"https:\/\/www.vdsm.net\/wronline\/wp-json\/wp\/v2\/types\/post"}],"author":[{"embeddable":true,"href":"https:\/\/www.vdsm.net\/wronline\/wp-json\/wp\/v2\/users\/2"}],"replies":[{"embeddable":true,"href":"https:\/\/www.vdsm.net\/wronline\/wp-json\/wp\/v2\/comments?post=334"}],"version-history":[{"count":2,"href":"https:\/\/www.vdsm.net\/wronline\/wp-json\/wp\/v2\/posts\/334\/revisions"}],"predecessor-version":[{"id":336,"href":"https:\/\/www.vdsm.net\/wronline\/wp-json\/wp\/v2\/posts\/334\/revisions\/336"}],"wp:attachment":[{"href":"https:\/\/www.vdsm.net\/wronline\/wp-json\/wp\/v2\/media?parent=334"}],"wp:term":[{"taxonomy":"category","embeddable":true,"href":"https:\/\/www.vdsm.net\/wronline\/wp-json\/wp\/v2\/categories?post=334"},{"taxonomy":"post_tag","embeddable":true,"href":"https:\/\/www.vdsm.net\/wronline\/wp-json\/wp\/v2\/tags?post=334"}],"curies":[{"name":"wp","href":"https:\/\/api.w.org\/{rel}","templated":true}]}}