{"id":33238,"date":"2025-07-21T11:16:32","date_gmt":"2025-07-21T09:16:32","guid":{"rendered":"https:\/\/www.vdsm.net\/wronline\/?p=33238"},"modified":"2025-07-21T11:16:32","modified_gmt":"2025-07-21T09:16:32","slug":"75-jahre-krueckemeyer-innovation-in-jeder-verbindung","status":"publish","type":"post","link":"https:\/\/www.vdsm.net\/wronline\/75-jahre-krueckemeyer-innovation-in-jeder-verbindung\/","title":{"rendered":"75 Jahre Kr\u00fcckemeyer \u2013 Innovation in jeder Verbindung"},"content":{"rendered":"<p>Mit einer festlichen Feierstunde am Hauptstandort Dortmunder Stra\u00dfe 4 w\u00fcrdigte die Kr\u00fcckemeyer GmbH k\u00fcrzlich ihre erfolgreiche Unternehmensgeschichte. Unter dem Motto \u201e75 Jahre Kr\u00fcckemeyer \u2013 Innovation in jeder Verbindung\u201c kamen Mitarbeitende, Gesch\u00e4ftspartner und Ehreng\u00e4ste zusammen, um ein au\u00dfergew\u00f6hnliches Familienunternehmen zu feiern, das seit 1950 mit ma\u00dfgeschneiderten Klebe- und Schleifl\u00f6sungen Effizienz f\u00fcr die Industrie schafft.<\/p>\n<p><strong>Lob f\u00fcr Kr\u00fcckemeyer GmbH vom B\u00fcrgermeister<\/strong><br \/>\n\u201eEs ist bemerkenswert, wie sich Kr\u00fcckemeyer \u00fcber Jahrzehnte stetig weiterentwickelt hat. Von den bescheidenen Anf\u00e4ngen \u2013 Waren per Fahrrad ausgeliefert \u2013 bis zur heutigen Position als f\u00fchrender Mittelst\u00e4ndler f\u00fcr modulare Fertigungsl\u00f6sungen\u201c, gratulierte Wilnsdorfs B\u00fcrgermeister Hannes Gieseler. \u201eDie Innovationskraft und das Engagement dieses Unternehmens pr\u00e4gen unsere Region. Kr\u00fcckemeyer ist nicht nur ein Arbeitgeber, sondern auch ein Partner auf Augenh\u00f6he \u2013 f\u00fcr Kunden, Mitarbeitende und die Gemeinde.\u201c<\/p>\n<p><strong>Dr. Thilo Pahl: &#8222;Musterbeispiel f\u00fcr zukunftsorientierte Unternehmensf\u00fchrung&#8220;<\/strong><br \/>\n\u201eDie Kr\u00fcckemeyer GmbH steht exemplarisch f\u00fcr mittelst\u00e4ndische St\u00e4rke und technische Exzellenz\u201c, erkl\u00e4rte Dr. Thilo Pahl. \u201eEin Unternehmen, das sich von klassischen Handelsgesch\u00e4ften zu einem innovativen Dienstleister entwickelt hat \u2013 mit eigener Konfektion, Tochterfirmen im In- und Ausland, und sogar Fertigung unter Reinraum-Bedingungen (ISO 9). Das ist ein Musterbeispiel f\u00fcr zukunftsorientierte Unternehmensf\u00fchrung.\u201c<\/p>\n<p data-start=\"114\" data-end=\"765\">Das Unternehmen wurde im Jahr 1950 in Siegen von Reinhard Kr\u00fcckemeyer senior gegr\u00fcndet. Was einst mit einem pers\u00f6nlichen Lieferservice per Fahrrad begann, entwickelte sich \u00fcber Jahrzehnte zu einem leistungsstarken und international t\u00e4tigen Fachbetrieb. 1974 erfolgte der Umzug in das Industriegebiet \u201eAuf der Lehnscheid\u201c in Wilnsdorf. Dort wurde der Ausbau zum spezialisierten Fachhandel mit eigener Konfektion erfolgreich umgesetzt.<br data-start=\"547\" data-end=\"550\" \/>Mit der \u00dcbernahme von Tochterunternehmen in den Niederlanden und in der Schweiz setzte das Unternehmen seine internationale Expansion fort und etablierte sich als verl\u00e4sslicher Partner \u00fcber die Landesgrenzen hinaus.<\/p>\n<div id=\"attachment_33241\" style=\"width: 310px\" class=\"wp-caption alignright\"><a href=\"https:\/\/www.vdsm.net\/wronline\/wp-content\/uploads\/2025\/07\/Impression-scaled.jpg\"><img loading=\"lazy\" decoding=\"async\" aria-describedby=\"caption-attachment-33241\" class=\"wp-image-33241 size-medium\" src=\"https:\/\/www.vdsm.net\/wronline\/wp-content\/uploads\/2025\/07\/Impression-300x200.jpg\" alt=\"\" width=\"300\" height=\"200\" srcset=\"https:\/\/www.vdsm.net\/wronline\/wp-content\/uploads\/2025\/07\/Impression-300x200.jpg 300w, https:\/\/www.vdsm.net\/wronline\/wp-content\/uploads\/2025\/07\/Impression-1024x683.jpg 1024w, https:\/\/www.vdsm.net\/wronline\/wp-content\/uploads\/2025\/07\/Impression-768x512.jpg 768w, https:\/\/www.vdsm.net\/wronline\/wp-content\/uploads\/2025\/07\/Impression-1536x1024.jpg 1536w, https:\/\/www.vdsm.net\/wronline\/wp-content\/uploads\/2025\/07\/Impression-2048x1365.jpg 2048w\" sizes=\"auto, (max-width: 300px) 100vw, 300px\" \/><\/a><p id=\"caption-attachment-33241\" class=\"wp-caption-text\">Die G\u00e4ste bekamen einen guten Eindruck von den R\u00e4umlichkeiten. Unternehmensf\u00fchrungen rundeten das Programm ab.<\/p><\/div>\n<p data-start=\"791\" data-end=\"1406\" data-is-last-node=\"\" data-is-only-node=\"\">Das Unternehmen bietet ein breites Leistungsspektrum, das individuell auf die Bed\u00fcrfnisse seiner Kunden zugeschnitten ist. Dazu z\u00e4hlen ma\u00dfgefertigte Formstanzteile aus Klebeb\u00e4ndern, Folien, Schaumstoffen, Schleifmitteln, Schutzfolien sowie Antirutschmaterialien. Als technischer Gro\u00dfhandel liefert das Unternehmen dar\u00fcber hinaus hochwertige Schleifmittel, Klebeb\u00e4nder, Klebstoffe und Produkte f\u00fcr den Arbeitsschutz. Ein besonderes Qualit\u00e4tsmerkmal ist die Fertigung unter Reinraumbedingungen gem\u00e4\u00df ISO-Klasse 9, die eine konstant hohe Produktqualit\u00e4t garantiert \u2013 auch f\u00fcr anspruchsvolle industrielle Anwendungen.<\/p>\n<p>Mit Blick auf die kommenden Jahre betonen Jan Kr\u00fcckemeyer, gesch\u00e4ftsf\u00fchrender Gesellschafter, und Gesch\u00e4ftsf\u00fchrer Uwe Kittel: \u201eWir sehen uns auch k\u00fcnftig als verl\u00e4sslicher Partner unserer Kunden. Modular, effizient \u2013 und mit technischem Tiefgang.\u201c Zuk\u00fcnftige Investitionen in Automatisierung, nachhaltige Materialien und intelligente Konfektionsl\u00f6sungen sollen weitere Innovationstreiber am Standort Wilnsdorf sein.<\/p>\n<p>Fotos\/Text: Kr\u00fcckemeyer GmbH<\/p>\n","protected":false},"excerpt":{"rendered":"<p>Mit einer festlichen Feierstunde am Hauptstandort Dortmunder Stra\u00dfe 4 w\u00fcrdigte die Kr\u00fcckemeyer GmbH k\u00fcrzlich ihre erfolgreiche Unternehmensgeschichte. Unter dem Motto \u201e75 Jahre Kr\u00fcckemeyer \u2013 Innovation&#8230;<\/p>\n","protected":false},"author":7,"featured_media":33240,"comment_status":"open","ping_status":"open","sticky":false,"template":"","format":"standard","meta":{"_jetpack_memberships_contains_paid_content":false,"footnotes":""},"categories":[1,10],"tags":[],"class_list":["post-33238","post","type-post","status-publish","format-standard","has-post-thumbnail","hentry","category-aktuell","category-unternehmen"],"jetpack_featured_media_url":"https:\/\/www.vdsm.net\/wronline\/wp-content\/uploads\/2025\/07\/Gratulation.jpg","jetpack_sharing_enabled":true,"_links":{"self":[{"href":"https:\/\/www.vdsm.net\/wronline\/wp-json\/wp\/v2\/posts\/33238","targetHints":{"allow":["GET"]}}],"collection":[{"href":"https:\/\/www.vdsm.net\/wronline\/wp-json\/wp\/v2\/posts"}],"about":[{"href":"https:\/\/www.vdsm.net\/wronline\/wp-json\/wp\/v2\/types\/post"}],"author":[{"embeddable":true,"href":"https:\/\/www.vdsm.net\/wronline\/wp-json\/wp\/v2\/users\/7"}],"replies":[{"embeddable":true,"href":"https:\/\/www.vdsm.net\/wronline\/wp-json\/wp\/v2\/comments?post=33238"}],"version-history":[{"count":1,"href":"https:\/\/www.vdsm.net\/wronline\/wp-json\/wp\/v2\/posts\/33238\/revisions"}],"predecessor-version":[{"id":33242,"href":"https:\/\/www.vdsm.net\/wronline\/wp-json\/wp\/v2\/posts\/33238\/revisions\/33242"}],"wp:featuredmedia":[{"embeddable":true,"href":"https:\/\/www.vdsm.net\/wronline\/wp-json\/wp\/v2\/media\/33240"}],"wp:attachment":[{"href":"https:\/\/www.vdsm.net\/wronline\/wp-json\/wp\/v2\/media?parent=33238"}],"wp:term":[{"taxonomy":"category","embeddable":true,"href":"https:\/\/www.vdsm.net\/wronline\/wp-json\/wp\/v2\/categories?post=33238"},{"taxonomy":"post_tag","embeddable":true,"href":"https:\/\/www.vdsm.net\/wronline\/wp-json\/wp\/v2\/tags?post=33238"}],"curies":[{"name":"wp","href":"https:\/\/api.w.org\/{rel}","templated":true}]}}