{"id":33227,"date":"2025-07-04T14:44:16","date_gmt":"2025-07-04T12:44:16","guid":{"rendered":"https:\/\/www.vdsm.net\/wronline\/?p=33227"},"modified":"2025-07-04T14:44:16","modified_gmt":"2025-07-04T12:44:16","slug":"achenbach-laedt-ein-zum-ersten-tag-der-ausbildung-ein-voller-erfolg-im-campus-buschhuetten","status":"publish","type":"post","link":"https:\/\/www.vdsm.net\/wronline\/achenbach-laedt-ein-zum-ersten-tag-der-ausbildung-ein-voller-erfolg-im-campus-buschhuetten\/","title":{"rendered":"Achenbach l\u00e4dt ein zum ersten \u201eTag der Ausbildung\u201c \u2013 Ein voller Erfolg im Campus Buschh\u00fctten"},"content":{"rendered":"<p>Zum ersten Mal veranstaltete Achenbach im Campus Buschh\u00fctten in diesem Jahr den \u201eTag der Ausbildung\u201c und begr\u00fc\u00dfte am 14. Juni zahlreiche interessierte Jugendliche sowie ihre Eltern. Das Ziel: Bei der Berufsorientierung unterst\u00fctzen und Einblicke in die vielf\u00e4ltigen Ausbildungsberufe des Unternehmens geben sowie praktische Erfahrungen erm\u00f6glichen.<\/p>\n<p>Trotz des sommerlichen Wetters nutzten viele Besucher die Gelegenheit, in abwechslungsreichen Workshops selbst aktiv zu werden. Dabei erhielten sie einen direkten und authentischen Einblick in die Anforderungen und T\u00e4tigkeiten der verschiedenen Berufe \u2013 sowohl im gewerblichen als auch im kaufm\u00e4nnischen Bereich. Mit Workshops zur CNC-Programmierung, \u00fcber Steuerungs- sowie Getriebetechnik, \u00fcber die Projektionsmethode, die Berechnung von Durchbiegung bis hin zu Excel- und Postkorb\u00fcbung wurden alle Ausbildungsberufe und dualen Studieng\u00e4nge abgedeckt, die bei Achenbach angeboten werden.<\/p>\n<p>Des Weiteren konnten die Teilnehmer an den Mitmachstationen ihr handwerkliches Geschick unter Beweis stellen. Die Personalabteilung stand mit einem Informationsstand beratend zur Seite und gab wertvolle Tipps rund um das Bewerbungsverfahren \u2013 ein wichtiger Baustein f\u00fcr einen erfolgreichen Start in die berufliche Zukunft. Ein besonderes Highlight: Die Gesch\u00e4ftsf\u00fchrung gab pers\u00f6nliche Einblicke in ihre eigenen Erfahrungen, au\u00dferdem konnten die Teilnehmer beim \u201eAsk Me Anything\u201c ihre Fragen direkt an Gesch\u00e4ftsf\u00fchrer Andr\u00e9 E. Barten stellen, der den jungen G\u00e4sten und ihren Begleitern offen Rede und Antwort stand. Bei den Werksrundg\u00e4ngen hatten die Besucher die M\u00f6glichkeit, noch tiefere Einblicke in die innovative und vielf\u00e4ltige Arbeit zu erhalten, die Achenbach ausmacht.<\/p>\n<p>\u201eDer \u201aTag der Ausbildung\u2018 war ein wichtiger Schritt, um junge Menschen f\u00fcr unsere vielseitigen Ausbildungsm\u00f6glichkeiten zu begeistern und ihnen eine Hilfestellung in puncto Berufsorientierung zu geben\u201c, so Andr\u00e9 E. Barten.<\/p>\n<p>Achenbach bedankt sich herzlich bei allen Besuchern und Beteiligten f\u00fcr das gro\u00dfe Interesse, die spannenden Gespr\u00e4che und die vielen Fragen.<\/p>\n<div id='gallery-1' class='gallery galleryid-33227 gallery-columns-4 gallery-size-thumbnail'><dl class='gallery-item'>\n\t\t\t<dt class='gallery-icon portrait'>\n\t\t\t\t<a href='https:\/\/www.vdsm.net\/wronline\/wp-content\/uploads\/2025\/07\/PXL_20250614_112353539-scaled-e1751624596865.jpg'><img loading=\"lazy\" decoding=\"async\" width=\"150\" height=\"150\" src=\"https:\/\/www.vdsm.net\/wronline\/wp-content\/uploads\/2025\/07\/PXL_20250614_112353539-150x150.jpg\" class=\"attachment-thumbnail size-thumbnail\" alt=\"\" aria-describedby=\"gallery-1-33233\" \/><\/a>\n\t\t\t<\/dt>\n\t\t\t\t<dd class='wp-caption-text gallery-caption' id='gallery-1-33233'>\n\t\t\t\tGesch\u00e4ftsf\u00fchrer Andr\u00e9 E. Barten stand den G\u00e4sten offen Rede und Antwort. \n\t\t\t\t<\/dd><\/dl><dl class='gallery-item'>\n\t\t\t<dt class='gallery-icon landscape'>\n\t\t\t\t<a href='https:\/\/www.vdsm.net\/wronline\/wp-content\/uploads\/2025\/07\/PXL_20250614_095033213-scaled-e1751624572515.jpg'><img loading=\"lazy\" decoding=\"async\" width=\"150\" height=\"150\" src=\"https:\/\/www.vdsm.net\/wronline\/wp-content\/uploads\/2025\/07\/PXL_20250614_095033213-150x150.jpg\" class=\"attachment-thumbnail size-thumbnail\" alt=\"\" aria-describedby=\"gallery-1-33232\" \/><\/a>\n\t\t\t<\/dt>\n\t\t\t\t<dd class='wp-caption-text gallery-caption' id='gallery-1-33232'>\n\t\t\t\tHandwerkliches Geschick konnte unter Beweis gestellt werden. \n\t\t\t\t<\/dd><\/dl><dl class='gallery-item'>\n\t\t\t<dt class='gallery-icon portrait'>\n\t\t\t\t<a href='https:\/\/www.vdsm.net\/wronline\/wp-content\/uploads\/2025\/07\/IMG_3847-scaled-e1751624532746.jpeg'><img loading=\"lazy\" decoding=\"async\" width=\"150\" height=\"150\" src=\"https:\/\/www.vdsm.net\/wronline\/wp-content\/uploads\/2025\/07\/IMG_3847-150x150.jpeg\" class=\"attachment-thumbnail size-thumbnail\" alt=\"\" aria-describedby=\"gallery-1-33231\" \/><\/a>\n\t\t\t<\/dt>\n\t\t\t\t<dd class='wp-caption-text gallery-caption' id='gallery-1-33231'>\n\t\t\t\tBei den Werksrundg\u00e4ngen bekamen die Besucher noch tiefere Einblicke.\n\t\t\t\t<\/dd><\/dl><dl class='gallery-item'>\n\t\t\t<dt class='gallery-icon landscape'>\n\t\t\t\t<a href='https:\/\/www.vdsm.net\/wronline\/wp-content\/uploads\/2025\/07\/IMG_3809-scaled-e1751624485208.jpeg'><img loading=\"lazy\" decoding=\"async\" width=\"150\" height=\"150\" src=\"https:\/\/www.vdsm.net\/wronline\/wp-content\/uploads\/2025\/07\/IMG_3809-150x150.jpeg\" class=\"attachment-thumbnail size-thumbnail\" alt=\"\" aria-describedby=\"gallery-1-33230\" \/><\/a>\n\t\t\t<\/dt>\n\t\t\t\t<dd class='wp-caption-text gallery-caption' id='gallery-1-33230'>\n\t\t\t\tDie Personalabteilung stand mit einem Informationsstand beratend zur Seite.\n\t\t\t\t<\/dd><\/dl><br style=\"clear: both\" \/>\n\t\t<\/div>\n\n<p>Text und\u00a0 Fotos: <a href=\"https:\/\/www.achenbach.de\/de\/\" target=\"_blank\" rel=\"noopener\">Achenbach Buschh\u00fctten GmbH &amp; Co. KG<\/a><\/p>\n<p>&nbsp;<\/p>\n","protected":false},"excerpt":{"rendered":"<p>Zum ersten Mal veranstaltete Achenbach im Campus Buschh\u00fctten in diesem Jahr den \u201eTag der Ausbildung\u201c und begr\u00fc\u00dfte am 14. Juni zahlreiche interessierte Jugendliche sowie ihre&#8230;<\/p>\n","protected":false},"author":6,"featured_media":33228,"comment_status":"open","ping_status":"open","sticky":false,"template":"","format":"standard","meta":{"_jetpack_memberships_contains_paid_content":false,"footnotes":""},"categories":[1,32,30,10],"tags":[],"class_list":["post-33227","post","type-post","status-publish","format-standard","has-post-thumbnail","hentry","category-aktuell","category-infos","category-vermischtes","category-unternehmen"],"jetpack_featured_media_url":"https:\/\/www.vdsm.net\/wronline\/wp-content\/uploads\/2025\/07\/PXL_20250614_091600323.PORTRAIT-scaled-e1751624362370.jpg","jetpack_sharing_enabled":true,"_links":{"self":[{"href":"https:\/\/www.vdsm.net\/wronline\/wp-json\/wp\/v2\/posts\/33227","targetHints":{"allow":["GET"]}}],"collection":[{"href":"https:\/\/www.vdsm.net\/wronline\/wp-json\/wp\/v2\/posts"}],"about":[{"href":"https:\/\/www.vdsm.net\/wronline\/wp-json\/wp\/v2\/types\/post"}],"author":[{"embeddable":true,"href":"https:\/\/www.vdsm.net\/wronline\/wp-json\/wp\/v2\/users\/6"}],"replies":[{"embeddable":true,"href":"https:\/\/www.vdsm.net\/wronline\/wp-json\/wp\/v2\/comments?post=33227"}],"version-history":[{"count":2,"href":"https:\/\/www.vdsm.net\/wronline\/wp-json\/wp\/v2\/posts\/33227\/revisions"}],"predecessor-version":[{"id":33234,"href":"https:\/\/www.vdsm.net\/wronline\/wp-json\/wp\/v2\/posts\/33227\/revisions\/33234"}],"wp:featuredmedia":[{"embeddable":true,"href":"https:\/\/www.vdsm.net\/wronline\/wp-json\/wp\/v2\/media\/33228"}],"wp:attachment":[{"href":"https:\/\/www.vdsm.net\/wronline\/wp-json\/wp\/v2\/media?parent=33227"}],"wp:term":[{"taxonomy":"category","embeddable":true,"href":"https:\/\/www.vdsm.net\/wronline\/wp-json\/wp\/v2\/categories?post=33227"},{"taxonomy":"post_tag","embeddable":true,"href":"https:\/\/www.vdsm.net\/wronline\/wp-json\/wp\/v2\/tags?post=33227"}],"curies":[{"name":"wp","href":"https:\/\/api.w.org\/{rel}","templated":true}]}}