{"id":33188,"date":"2025-06-30T11:11:57","date_gmt":"2025-06-30T09:11:57","guid":{"rendered":"https:\/\/www.vdsm.net\/wronline\/?p=33188"},"modified":"2025-06-30T11:11:57","modified_gmt":"2025-06-30T09:11:57","slug":"sieger-des-mintoringsi-jahrgangs-2023-gekuert","status":"publish","type":"post","link":"https:\/\/www.vdsm.net\/wronline\/sieger-des-mintoringsi-jahrgangs-2023-gekuert\/","title":{"rendered":"Sieger des MINToringSi-Jahrgangs 2023 gek\u00fcrt"},"content":{"rendered":"<p>Siegen, 30. Juni 2025. Im Rahmen des MINToringSi-Programms ist Ende Juni im Haus der Siegerl\u00e4nder Wirtschaft eine von zwei Gruppen zum Sieger der f\u00fcnf Monate dauernden Projektphase gek\u00fcrt worden. Das Projekt der Siegergruppe, die von MINTorin D\u00e9sir\u00e9e Sch\u00fctz betreut wurde, war biologisch abbaubares Plastik f\u00fcr Lebensmittelverpackungen.<\/p>\n<div id=\"attachment_33195\" style=\"width: 310px\" class=\"wp-caption alignright\"><a href=\"https:\/\/www.vdsm.net\/wronline\/wp-content\/uploads\/2025\/06\/Erstplatzierte-mit-MINToren-und-Vertretern-der-Organisationen_verkleinert--scaled-e1751274359924.jpg\" target=\"_blank\" rel=\"noopener\"><img loading=\"lazy\" decoding=\"async\" aria-describedby=\"caption-attachment-33195\" class=\"wp-image-33195 size-medium\" src=\"https:\/\/www.vdsm.net\/wronline\/wp-content\/uploads\/2025\/06\/Erstplatzierte-mit-MINToren-und-Vertretern-der-Organisationen_verkleinert--300x225.jpg\" alt=\"\" width=\"300\" height=\"225\" \/><\/a><p id=\"caption-attachment-33195\" class=\"wp-caption-text\">Die Sieger der MINToringSi Projektphase 2024\/25 mit ihrer MINTorin D\u00e9sir\u00e9e Sch\u00fctz (ganz rechts) sowie Prof. Dr. Holger Sch\u00f6nherr (Dekan der Naturwissenschaftlich-Technischen Fakult\u00e4t (IV) der Universit\u00e4t Siegen; ganz links), Ralf Heidenreich (Leitender Regierungsschuldirektor der Bezirksregierung Arnsberg; hintere Reihe 2. v. l.) und der Programmkoordinatorin Julia F\u00f6rster (2. v. r.) (Foto: MINToringSi\/Dr. Thomas Reppel)<\/p><\/div>\n<p>Nach der vorangegangenen schriftlichen Ausarbeitung der Projekte hatten beide Gruppen die Gelegenheit, ihre Projekte inklusive der konstruierten Prototypen einem interessierten Publikum aus Vertretern von Unternehmen, der Universit\u00e4t Siegen, Schulvertretern und Eltern zu pr\u00e4sentieren. Das Projekt der Zweitplatzierten, welche von den MINToren Tobias Girresser und Jonas N\u00f6h betreut wurden, nannte sich \u201ePh\u00f6nix\u201c \u2013 Drohnen ohne Motor zum Transport von Medikamenten.<\/p>\n<div id=\"attachment_33196\" style=\"width: 235px\" class=\"wp-caption alignleft\"><a href=\"https:\/\/www.vdsm.net\/wronline\/wp-content\/uploads\/2025\/06\/Prototyp-der-Siegergruppe_verkleinert-scaled-e1751274443121.jpg\" target=\"_blank\" rel=\"noopener\"><img loading=\"lazy\" decoding=\"async\" aria-describedby=\"caption-attachment-33196\" class=\"wp-image-33196 size-medium\" src=\"https:\/\/www.vdsm.net\/wronline\/wp-content\/uploads\/2025\/06\/Prototyp-der-Siegergruppe_verkleinert-225x300.jpg\" alt=\"\" width=\"225\" height=\"300\" \/><\/a><p id=\"caption-attachment-33196\" class=\"wp-caption-text\">Das Projekt der Siegergruppe war biologisch abbaubares Plastik f\u00fcr Lebensmittelverpackungen. (Foto: MINToringSi\/Dr. Thomas Reppel)<\/p><\/div>\n<p>Aufgeschl\u00fcsselt auf die Kategorien \u201eOriginalit\u00e4t des Themas\u201c, \u201eGesellschaftliche Relevanz\u201c, \u201eQualit\u00e4t von Recherche und Dokumentation\u201c sowie \u201ePr\u00e4sentationen der Ergebnisse\u201c errang die Siegergruppe eine hervorragende Gesamtnote von 1,5.\u00a0 \u201eNeben den umfangreichen Laborversuchen, der fundierten Recherche und der Pr\u00e4sentation der Arbeit, fiel der Jury besonders positiv auf, wie strukturiert und konsequent die Siegergruppe an ihrem Projekt gearbeitet hat\u201c, erl\u00e4uterte Dr. Thomas Reppel, Programmbetreuer seitens der Universit\u00e4t Siegen die Juryentscheidung in seiner Laudatio. \u201eDie Gruppe hat nicht nur ein sehr gutes Zeitmanagement bewiesen, sondern auch gezeigt, wie als Team hervorragend zusammengearbeitet werden kann\u201c, erg\u00e4nzt Julia F\u00f6rster, Programmbetreuerin seitens des Verbandes der Siegerl\u00e4nder Metallindustriellen e.V. (VdSM). Das Ergebnis des Projektes, eine biologisch abbaubare Schale f\u00fcr S\u00fc\u00dfigkeiten, konnte dem beeindruckten Publikum funktionst\u00fcchtig vorgestellt werden.<\/p>\n<p>\u201eIn Umfang und Interdisziplinarit\u00e4t gingen beide Projekte \u00fcber die schul\u00fcblichen Arbeiten hinaus, um einen ersten Einblick in die Studien- und sp\u00e4tere Berufswelt zu vermitteln\u201c, sind sich die beiden Programmbetreuer Julia F\u00f6rster (Arbeitgeberverb\u00e4nde Siegen-Wittgenstein) und Dr. Thomas Reppel (Universit\u00e4t Siegen) einig.<\/p>\n<p>Vor den Pr\u00e4sentationen wurden in den Gru\u00dfworten von Julia F\u00f6rster (MINToringSi-Programmbetreuerin vom Verband der Siegerl\u00e4nder Metallindustriellen e.V), Prof. Dr. Holger Sch\u00f6nherr (Dekan der Naturwissenschaftlich-Technischen Fakult\u00e4t (IV) der Universit\u00e4t Siegen) sowie von Ralf Heidenreich (Leitender Regierungsschuldirektor der Bezirksregierung Arnsberg) die Wichtigkeit des Nachwuchses in den MINT-F\u00e4chern betont.\u00a0Alle drei waren der Auffassung, dass das Coachingprogramm MINToringSi den Teilnehmenden eine Orientierung geben kann, in welche Richtung es nach dem Abitur weitergehen kann.<\/p>\n<div id=\"attachment_33198\" style=\"width: 310px\" class=\"wp-caption alignright\"><a href=\"https:\/\/www.vdsm.net\/wronline\/wp-content\/uploads\/2025\/06\/Zweitplatzierte-mit-Vertretern-der-Organisationen_verkleinert--scaled-e1751274561406.jpg\" target=\"_blank\" rel=\"noopener\"><img loading=\"lazy\" decoding=\"async\" aria-describedby=\"caption-attachment-33198\" class=\"wp-image-33198 size-medium\" src=\"https:\/\/www.vdsm.net\/wronline\/wp-content\/uploads\/2025\/06\/Zweitplatzierte-mit-Vertretern-der-Organisationen_verkleinert--300x225.jpg\" alt=\"\" width=\"300\" height=\"225\" \/><\/a><p id=\"caption-attachment-33198\" class=\"wp-caption-text\">Die Zweitplatzierten der MINToringSi Projektphase 2024\/25 mit ihren MIN-Toren Tobias Girresser (fehlt im Bild) und Jonas N\u00f6h (ganz rechts) sowie Prof. Dr. Holger Sch\u00f6nherr (Dekan der Naturwissenschaftlich-Technischen Fakult\u00e4t (IV) der Universit\u00e4t Siegen; ganz links), Ralf Heidenreich (Leitender Regierungsschuldirektor der Bezirksregierung Arnsberg; hintere Reihe 2. v. l.) und der Programmkoordinatorin Julia F\u00f6rster (2. v. r.) (Foto: MINToringSi\/<br \/>Dr. Thomas Reppel)<\/p><\/div>\n<p>Pawel Malicki moderierte die Veranstaltung. Abgerundet wurde die Veranstaltung mit den Musikst\u00fccken \u201eI\u2019m still standing\u201c, \u201eWe are the champions\u201c, \u201eMy heart is like a jungle drum\u201c sowie \u201eIt\u2019s not aboout the money\u201c, die das Musiker-Duo Lena Plata und Ugo Loi von \u201eNaK Acoustic\u201c performten.<\/p>\n<p>Text: Julia F\u00f6rster<\/p>\n","protected":false},"excerpt":{"rendered":"<p>Siegen, 30. Juni 2025. Im Rahmen des MINToringSi-Programms ist Ende Juni im Haus der Siegerl\u00e4nder Wirtschaft eine von zwei Gruppen zum Sieger der f\u00fcnf Monate&#8230;<\/p>\n","protected":false},"author":6,"featured_media":33190,"comment_status":"open","ping_status":"open","sticky":false,"template":"","format":"standard","meta":{"_jetpack_memberships_contains_paid_content":false,"footnotes":""},"categories":[1,8,32,30],"tags":[],"class_list":["post-33188","post","type-post","status-publish","format-standard","has-post-thumbnail","hentry","category-aktuell","category-ausbildung","category-infos","category-vermischtes"],"jetpack_featured_media_url":"https:\/\/www.vdsm.net\/wronline\/wp-content\/uploads\/2025\/06\/MINToringSi-Abschlusspraesentationen-2025-scaled-e1751273703694.jpg","jetpack_sharing_enabled":true,"_links":{"self":[{"href":"https:\/\/www.vdsm.net\/wronline\/wp-json\/wp\/v2\/posts\/33188","targetHints":{"allow":["GET"]}}],"collection":[{"href":"https:\/\/www.vdsm.net\/wronline\/wp-json\/wp\/v2\/posts"}],"about":[{"href":"https:\/\/www.vdsm.net\/wronline\/wp-json\/wp\/v2\/types\/post"}],"author":[{"embeddable":true,"href":"https:\/\/www.vdsm.net\/wronline\/wp-json\/wp\/v2\/users\/6"}],"replies":[{"embeddable":true,"href":"https:\/\/www.vdsm.net\/wronline\/wp-json\/wp\/v2\/comments?post=33188"}],"version-history":[{"count":4,"href":"https:\/\/www.vdsm.net\/wronline\/wp-json\/wp\/v2\/posts\/33188\/revisions"}],"predecessor-version":[{"id":33201,"href":"https:\/\/www.vdsm.net\/wronline\/wp-json\/wp\/v2\/posts\/33188\/revisions\/33201"}],"wp:featuredmedia":[{"embeddable":true,"href":"https:\/\/www.vdsm.net\/wronline\/wp-json\/wp\/v2\/media\/33190"}],"wp:attachment":[{"href":"https:\/\/www.vdsm.net\/wronline\/wp-json\/wp\/v2\/media?parent=33188"}],"wp:term":[{"taxonomy":"category","embeddable":true,"href":"https:\/\/www.vdsm.net\/wronline\/wp-json\/wp\/v2\/categories?post=33188"},{"taxonomy":"post_tag","embeddable":true,"href":"https:\/\/www.vdsm.net\/wronline\/wp-json\/wp\/v2\/tags?post=33188"}],"curies":[{"name":"wp","href":"https:\/\/api.w.org\/{rel}","templated":true}]}}