{"id":33163,"date":"2025-06-17T12:41:09","date_gmt":"2025-06-17T10:41:09","guid":{"rendered":"https:\/\/www.vdsm.net\/wronline\/?p=33163"},"modified":"2025-06-17T12:41:50","modified_gmt":"2025-06-17T10:41:50","slug":"dr-paul-friedrich-metz-erhaelt-das-bundesverdienstkreuz","status":"publish","type":"post","link":"https:\/\/www.vdsm.net\/wronline\/dr-paul-friedrich-metz-erhaelt-das-bundesverdienstkreuz\/","title":{"rendered":"Dr. Paul-Friedrich Metz erh\u00e4lt das Bundesverdienstkreuz"},"content":{"rendered":"<p>\u201eEin Pionier, nach heutigem Verst\u00e4ndnis, ist jemand, der als erster einer neuen Idee folgt, oder etwas Neues, Wegbereitendes ausprobiert\u201c, erkl\u00e4rte Landrat Andreas M\u00fcller den G\u00e4sten, als er jetzt Dr. Paul-Friedrich Metz aus Bad Laasphe im Kreishaus das Bundesverdienstkreuz verliehen hat. \u201eUnd Sie sind ein Wegbereiter, jemand der mutig ist, vorangeht und Br\u00fccken baut.\u201c Viele Wegbegleiterinnen und Wegbegleiter waren gekommen, aus unterschiedlichen Orten Deutschlands, um dem Geehrten zu gratulieren. Unter den G\u00e4sten war auch Bad Laasphes B\u00fcrgermeister Dirk Terlinden. \u201eWelchen hohen Stellenwert Sie und Ihre Arbeit f\u00fcr die Menschen haben, wird insbesondere auch dadurch deutlich, dass f\u00fcr die heutige Verleihung G\u00e4ste aus ganz Deutschland angereist sind,\u201c sagte der B\u00fcrgermeister.<\/p>\n<p>Sein berufliches Wirken begann Dr. Paul-Friedrich Metz 1985 im Familienunternehmen der Daunen und Bettfederfabrik \u201eTreude und Metz Gmbh &amp; Co. KG\u201c aus Bad Laasphe. Sieben Jahre sp\u00e4ter \u00fcbernahm er die Gesch\u00e4ftsf\u00fchrung. Seitdem sucht er stetig nach Verbesserungen in der Fertigungstechnik bei der Erzeugung der Produkte seines Unternehmens \u2013 vor allem mit dem Fokus auf Nachhaltigkeit und Tierwohl. Hierbei hat er einige Erfolge erzielen k\u00f6nnen. Zum Beispiel fand er heraus, dass das in Daunen- und Federprodukten enthaltene Keratin als w\u00e4rmed\u00e4mmendes und schwer entflammbares Fassadenmaterial dienen kann. So recycelte er Abfallprodukte aus der Daunenproduktion und entwickelte den Putz \u201eAnserit\u201c.<\/p>\n<div id=\"attachment_33164\" style=\"width: 235px\" class=\"wp-caption alignright\"><a href=\"https:\/\/www.vdsm.net\/wronline\/wp-content\/uploads\/2025\/06\/BVK-Dr.-Metz_IMG_0751-e1750084465691.jpeg\" target=\"_blank\" rel=\"noopener\"><img loading=\"lazy\" decoding=\"async\" aria-describedby=\"caption-attachment-33164\" class=\"wp-image-33164 size-medium\" src=\"https:\/\/www.vdsm.net\/wronline\/wp-content\/uploads\/2025\/06\/BVK-Dr.-Metz_IMG_0751-225x300.jpeg\" alt=\"\" width=\"225\" height=\"300\" \/><\/a><p id=\"caption-attachment-33164\" class=\"wp-caption-text\">Dr. Paul-Friedrich Metz (links) und Landrat Andreas M\u00fcller bei der Bundesverdienstkreuzverleihung im Kreishaus<\/p><\/div>\n<p>Seine Fachkenntnisse brachte Dr. Paul-Friedrich Metz auch im deutschen Spitzensport ein. 2002 suchte er erstmals den Kontakt zu Vertretern des Spitzensports, um den Zusammenhang zwischen sportlicher H\u00f6chstleistung und gutem, erholsamen Schlaf darzustellen. Besonders die Olympioniken des Deutschen Olympischen Sportbunds konnten 2002 in Salt Lake City, 2006 in Turin und 2010 in Vancouver von den wissenschaftlichen Erkenntnissen von Dr. Metz profitieren. Er stattete die Sportlerinnen und Sportler unkompliziert mit einer individuellen Ausstattung aus. Ein bisschen Sportprominenz war auch bei der Verleihung vertreten. Mit Susi Erdmann (Renn- und Bobrodlerin), Eberhard Gienger (Turner) und Jochen Behle (Skilangl\u00e4ufer), waren drei Olympia-Teilnehmer dabei, um dem Geehrten zu gratulieren.<\/p>\n<p>2008 gr\u00fcndete Dr. Paul-Friedrich Metz gemeinsam mit Politikern, Unternehmern, Sportlern und Forschern den gemeinn\u00fctzigen Verein \u201eArs Dormiendi e.V.\u201c Mit dem Verein setzte sich der Bad Laaspher vor allem f\u00fcr die Gesundheit von Kindern ein. Unter dem Motto \u201eUnsere Kinder sollen besser schlafen\u201c ging Dr. Paul-Friedrich Metz auf Schulen in Deutschland zu und kl\u00e4rte mit seinen Vortr\u00e4gen \u00fcber die Wichtigkeit von gutem Schlaf f\u00fcr die Entwicklung von Kindern auf. \u201eEs ist eine Sache zu wissen, wie wichtig guter Schlaf f\u00fcr die Entwicklung von Kindern und Jugendlichen ist. Mit diesem Wissen aktiv zu werden und bewusst auf Menschen zuzugehen, um deren Leben zu verbessern; das ist eine wirklich lobenswerte Initiative\u201c, sagte Landrat Andreas M\u00fcller.<\/p>\n<p>2016 wurde Dr. Paul-Friedrich Metz zum Pr\u00e4sidenten des \u201eVerbands der Deutschen Daunen- und Federnindustrie e.V.\u201c gew\u00e4hlt. Den Vorsitz hat er bis heute inne. Im Fokus der Verbandst\u00e4tigkeit stehen heute unter anderem Qualit\u00e4tssicherungs- und Normungsaufgaben. Dar\u00fcber hinaus arbeitet der Verein mit europ\u00e4ischen und internationalen Verb\u00e4nden zusammen. Hier setzt sich Dr. Paul-Friedrich Metz daf\u00fcr ein, dass die Verantwortlichen sich international vernetzen und austauschen.<\/p>\n<p>Am Ende der Verleihung richtete der Geehrte selbst noch ein paar Worte an seine G\u00e4ste. Dabei war er zu Tr\u00e4nen ger\u00fchrt. \u201eDanke an alle, die mich auf meinen Wegen begleitet haben. Ich sehe die Ehrung nicht als Abschluss meiner Arbeit. Vielmehr ist das ein Ansporn f\u00fcr mich so weiterzumachen\u201c, sagte Dr. Paul-Friedrich Metz.<\/p>\n<p>Text und Fotos: <a href=\"https:\/\/www.siegen-wittgenstein.de\/\" target=\"_blank\" rel=\"noopener\">Kreis Siegen-Wittgenstein<\/a><\/p>\n<p>&nbsp;<\/p>\n<p>&nbsp;<\/p>\n","protected":false},"excerpt":{"rendered":"<p>\u201eEin Pionier, nach heutigem Verst\u00e4ndnis, ist jemand, der als erster einer neuen Idee folgt, oder etwas Neues, Wegbereitendes ausprobiert\u201c, erkl\u00e4rte Landrat Andreas M\u00fcller den G\u00e4sten,&#8230;<\/p>\n","protected":false},"author":6,"featured_media":33166,"comment_status":"open","ping_status":"open","sticky":false,"template":"","format":"standard","meta":{"_jetpack_memberships_contains_paid_content":false,"footnotes":""},"categories":[1,32,30,11],"tags":[],"class_list":["post-33163","post","type-post","status-publish","format-standard","has-post-thumbnail","hentry","category-aktuell","category-infos","category-vermischtes","category-regionale-wirtschaft"],"jetpack_featured_media_url":"https:\/\/www.vdsm.net\/wronline\/wp-content\/uploads\/2025\/06\/IMG_0743.jpeg","jetpack_sharing_enabled":true,"_links":{"self":[{"href":"https:\/\/www.vdsm.net\/wronline\/wp-json\/wp\/v2\/posts\/33163","targetHints":{"allow":["GET"]}}],"collection":[{"href":"https:\/\/www.vdsm.net\/wronline\/wp-json\/wp\/v2\/posts"}],"about":[{"href":"https:\/\/www.vdsm.net\/wronline\/wp-json\/wp\/v2\/types\/post"}],"author":[{"embeddable":true,"href":"https:\/\/www.vdsm.net\/wronline\/wp-json\/wp\/v2\/users\/6"}],"replies":[{"embeddable":true,"href":"https:\/\/www.vdsm.net\/wronline\/wp-json\/wp\/v2\/comments?post=33163"}],"version-history":[{"count":4,"href":"https:\/\/www.vdsm.net\/wronline\/wp-json\/wp\/v2\/posts\/33163\/revisions"}],"predecessor-version":[{"id":33169,"href":"https:\/\/www.vdsm.net\/wronline\/wp-json\/wp\/v2\/posts\/33163\/revisions\/33169"}],"wp:featuredmedia":[{"embeddable":true,"href":"https:\/\/www.vdsm.net\/wronline\/wp-json\/wp\/v2\/media\/33166"}],"wp:attachment":[{"href":"https:\/\/www.vdsm.net\/wronline\/wp-json\/wp\/v2\/media?parent=33163"}],"wp:term":[{"taxonomy":"category","embeddable":true,"href":"https:\/\/www.vdsm.net\/wronline\/wp-json\/wp\/v2\/categories?post=33163"},{"taxonomy":"post_tag","embeddable":true,"href":"https:\/\/www.vdsm.net\/wronline\/wp-json\/wp\/v2\/tags?post=33163"}],"curies":[{"name":"wp","href":"https:\/\/api.w.org\/{rel}","templated":true}]}}