{"id":33139,"date":"2025-06-02T14:49:38","date_gmt":"2025-06-02T12:49:38","guid":{"rendered":"https:\/\/www.vdsm.net\/wronline\/?p=33139"},"modified":"2025-06-02T14:57:46","modified_gmt":"2025-06-02T12:57:46","slug":"deutsche-arbeitgeberpreis-fuer-bildung-2025","status":"publish","type":"post","link":"https:\/\/www.vdsm.net\/wronline\/deutsche-arbeitgeberpreis-fuer-bildung-2025\/","title":{"rendered":"Deutscher Arbeitgeberpreis f\u00fcr Bildung 2025"},"content":{"rendered":"<p>Unsere Welt ver\u00e4ndert sich rasant. Daher ist es wichtiger denn je, dass Bildungseinrichtungen jungen Menschen Halt und Eigenverantwortung mitgeben und eine Werteorientierung vermitteln. Dazu geh\u00f6rt auch das Grundlagenwissen zu unserer freiheitlich-demokratischen Grundordnung.\u00a0Der <strong>Deutsche Arbeitgeberpreis f\u00fcr Bildung<\/strong> steht deshalb in diesem Jahr deshalb unter dem Motto:\u00a0<strong>ZUSAMMENHALT ST\u00c4RKEN &#8211; DEMOKRATIE F\u00d6RDERN!<\/strong><\/p>\n<p>Mit dem diesj\u00e4hrigen Deutschen Arbeitgeberpreis f\u00fcr Bildung wollen die Bundesvereinigung der deutschen Arbeitgeberverb\u00e4nde (BDA) und die Arbeitgeberverb\u00e4nde Siegen-Wittgenstein von Kitas, Schulen, Berufsschulen und Hochschulen wissen, wie sie soziale Kompetenzen st\u00e4rken und die Demokratiebildung ihrer Lernenden f\u00f6rdern. Sie k\u00f6nnen sich <strong>ab sofort bis zum 20. August 2025<\/strong> online bewerben. Der Preis ist mit 10.000 \u20ac f\u00fcr den ersten Platz dotiert, drei weitere Pl\u00e4tze erhalten jeweils 2.500 \u20ac. Unterst\u00fctzt wird der Preis von der Deutschen Bahn AG.<\/p>\n<p>Alle Infos zur Bewerbung finden sich unter: <a href=\"https:\/\/go.arbeitgeber.de\/lnk\/CAAABxQ9uBAAAAAAAAAAAKNcrhUAAYCrZFMAAAAAAA7eRQBoNw7Mn4eg6yomQy2Lgz924aPDpQAN_yA\/1\/J7aTF9nADcpBMO-8s8u3PA\/aHR0cHM6Ly9kaWUuYXJiZWl0Z2ViZXIuZGUvYXJiZWl0Z2ViZXJwcmVpcy1mdWVyLWJpbGR1bmcv\" target=\"_blank\" rel=\"noopener\">www.arbeitgeberpreis-fuer-bildung.de<\/a>. Neu: In <a href=\"https:\/\/go.arbeitgeber.de\/lnk\/CAAABxQ9uBAAAAAAAAAAAKNcrhUAAYCrZFMAAAAAAA7eRQBoNw7Mn4eg6yomQy2Lgz924aPDpQAN_yA\/2\/F8w9_NcLCrEGFxeQFRPFRw\/aHR0cHM6Ly9mb3Jtcy5vZmZpY2UuY29tL2UvVHFUWDc2TDJ1eg\" target=\"_blank\" rel=\"noopener\">Sprechstunden<\/a> k\u00f6nnen Interessierte gern pers\u00f6nlich ihre Fragen zur Bewerbung stellen.<\/p>\n<p>Die Auswahl der Preistr\u00e4ger erfolgt durch eine\u00a0<strong>Jury unter Vorsitz von Martin Seiler<\/strong>\u00a0als Vorsitzendem des BDA-Bildungsausschusses (gemeinsam mit BDI). Ihr geh\u00f6ren Expertinnen und Experten aus Wirtschaft, Wissenschaft und Bildung an.<\/p>\n<p>Die\u00a0<strong>Preisverleihung<\/strong>\u00a0findet am 25. November 2025 beim <strong>Deutschen Arbeitgebertag<\/strong>\u00a0in Berlin statt. Seit \u00fcber 25 Jahren machen wir mit dem\u00a0Deutschen Arbeitgeberpreis f\u00fcr Bildung herausragendes Engagement in der Bildung sichtbar und leisten einen Beitrag, um erfolgreiche Konzepte in die Fl\u00e4che zu tragen.<\/p>\n<p>Text und Foto\/Grafik: Bundesvereinigung der Deutschen Arbeitgeberverb\u00e4nde (BDA)<\/p>\n<p>&nbsp;<\/p>\n","protected":false},"excerpt":{"rendered":"<p>Unsere Welt ver\u00e4ndert sich rasant. Daher ist es wichtiger denn je, dass Bildungseinrichtungen jungen Menschen Halt und Eigenverantwortung mitgeben und eine Werteorientierung vermitteln. Dazu geh\u00f6rt&#8230;<\/p>\n","protected":false},"author":6,"featured_media":33140,"comment_status":"open","ping_status":"open","sticky":false,"template":"","format":"standard","meta":{"_jetpack_memberships_contains_paid_content":false,"footnotes":""},"categories":[8,32],"tags":[],"class_list":["post-33139","post","type-post","status-publish","format-standard","has-post-thumbnail","hentry","category-ausbildung","category-infos"],"jetpack_featured_media_url":"https:\/\/www.vdsm.net\/wronline\/wp-content\/uploads\/2025\/06\/Deutscher-Arbeitgeberpreis-fuer-Bildung-2025-e1748868512839.jpg","jetpack_sharing_enabled":true,"_links":{"self":[{"href":"https:\/\/www.vdsm.net\/wronline\/wp-json\/wp\/v2\/posts\/33139","targetHints":{"allow":["GET"]}}],"collection":[{"href":"https:\/\/www.vdsm.net\/wronline\/wp-json\/wp\/v2\/posts"}],"about":[{"href":"https:\/\/www.vdsm.net\/wronline\/wp-json\/wp\/v2\/types\/post"}],"author":[{"embeddable":true,"href":"https:\/\/www.vdsm.net\/wronline\/wp-json\/wp\/v2\/users\/6"}],"replies":[{"embeddable":true,"href":"https:\/\/www.vdsm.net\/wronline\/wp-json\/wp\/v2\/comments?post=33139"}],"version-history":[{"count":4,"href":"https:\/\/www.vdsm.net\/wronline\/wp-json\/wp\/v2\/posts\/33139\/revisions"}],"predecessor-version":[{"id":33143,"href":"https:\/\/www.vdsm.net\/wronline\/wp-json\/wp\/v2\/posts\/33139\/revisions\/33143"}],"wp:featuredmedia":[{"embeddable":true,"href":"https:\/\/www.vdsm.net\/wronline\/wp-json\/wp\/v2\/media\/33140"}],"wp:attachment":[{"href":"https:\/\/www.vdsm.net\/wronline\/wp-json\/wp\/v2\/media?parent=33139"}],"wp:term":[{"taxonomy":"category","embeddable":true,"href":"https:\/\/www.vdsm.net\/wronline\/wp-json\/wp\/v2\/categories?post=33139"},{"taxonomy":"post_tag","embeddable":true,"href":"https:\/\/www.vdsm.net\/wronline\/wp-json\/wp\/v2\/tags?post=33139"}],"curies":[{"name":"wp","href":"https:\/\/api.w.org\/{rel}","templated":true}]}}