{"id":33136,"date":"2025-05-30T15:39:16","date_gmt":"2025-05-30T13:39:16","guid":{"rendered":"https:\/\/www.vdsm.net\/wronline\/?p=33136"},"modified":"2025-05-30T15:39:16","modified_gmt":"2025-05-30T13:39:16","slug":"mehr-als-5-500-besucher-bei-der-ausbildungsmesse-in-siegen","status":"publish","type":"post","link":"https:\/\/www.vdsm.net\/wronline\/mehr-als-5-500-besucher-bei-der-ausbildungsmesse-in-siegen\/","title":{"rendered":"Mehr als 5.500 Besucher bei der Ausbildungsmesse in Siegen"},"content":{"rendered":"<p>Der Fachkr\u00e4ftemangel stellt Unternehmen zunehmend vor gro\u00dfe Herausforderungen \u2013 umso wichtiger sind Plattformen, die den direkten Kontakt zum potenziellen Nachwuchs erm\u00f6glichen. Eine M\u00f6glichkeit dazu bot die Ausbildungsmesse in der Siegerlandhalle in Siegen, bei der sich mehr als 150 Aussteller pr\u00e4sentierten und \u00fcber berufliche Perspektiven informierten. Am zweiten Veranstaltungstag str\u00f6mten am Vormittag zudem rund 800 Sch\u00fcler mit ihren Lehrkr\u00e4ften durch die Messehallen. Doch auch w\u00e4hrend der allgemeinen \u00d6ffnungszeiten blieb das Besucherinteresse ungebrochen \u2013 insgesamt z\u00e4hlte die Veranstaltung mehr als 5.500 G\u00e4ste. Insbesondere Jugendliche nutzten die M\u00f6glichkeit, sich \u00fcber Ausbildungsberufe, duale Studieng\u00e4nge und Karrierewege zu informieren. Viele Besucher ergriffen dabei die Chance, direkt mit Unternehmensvertretern ins Gespr\u00e4ch zu kommen.<\/p>\n<p>\u201eDie Ausbildungsmesse war auch in diesem Jahr ein Erfolg. Nach den Stationen in Lennestadt, Wittgenstein und Olpe freuen wir uns \u00fcber die gute Resonanz in Siegen\u201c, erkl\u00e4rt Sabine Bechheim, Gesch\u00e4ftsf\u00fchrerin der IHK Siegen. \u201eDer unmittelbare Austausch mit den Unternehmen bietet jungen Menschen Einblicke in verschiedenste Berufsbilder \u2013 und kann ihnen bei ihrer Entscheidungsfindung helfen. Genau das ist der Mehrwert solcher Messen.\u201c Neben informativen Gespr\u00e4chen boten viele St\u00e4nde auch praxisnahe Eindr\u00fccke \u2013 etwa durch Mitmachangebote oder Spiele an den St\u00e4nden.<\/p>\n<p>\u201eWir w\u00fcnschen uns, dass noch mehr Schulen die Ausbildungsmesse Siegen gezielt zur Berufsorientierung ihrer Sch\u00fcler nutzen w\u00fcrden\u201c, betont Sabine Bechheim. Die IHK Siegen bietet daf\u00fcr ein komplettes Vorbereitungspaket an. \u201eInsbesondere die Oberstufen an den Gymnasien sind eingeladen, sich interessante Ausbildungen f\u00fcr Abiturienten und die zahlreichen Angebote zum Dualen Studium anzuschauen.\u201c Die IHK Siegen fungiert jedes Jahr als Hauptorganisator von vier Ausbildungsmessen im IHK-Bezirk. Die Messe in der Siegerlandhalle ist die gr\u00f6\u00dfte in der Region und zieht Jahr f\u00fcr Jahr viele Interessierte an. Im Jahr 2025 z\u00e4hlte die IHK auf allen vier Messen zusammen mehr als 8.500 Besucher.<\/p>\n<p>Die Veranstalter der Ausbildungsmesse Siegen: IHK Siegen, Handwerkskammer S\u00fcdwestfalen, Schulaufsicht f\u00fcr den Kreis Siegen-Wittgenstein, Agentur f\u00fcr Arbeit Siegen, AWZ Bau, Wirtschaftsjunioren S\u00fcdwestfalen, Kreishandwerkerschaft Westfalen-S\u00fcd, DGB-Kreisverband Siegen-Wittgenstein, Arbeitgeberverb\u00e4nde Siegen-Wittgenstein, Handwerkskammer S\u00fcdwestfalen.<\/p>\n<p>Text und Foto: <a href=\"https:\/\/www.ihk-siegen.de\/\" target=\"_blank\" rel=\"noopener\">IHK Siegen<\/a><\/p>\n","protected":false},"excerpt":{"rendered":"<p>Der Fachkr\u00e4ftemangel stellt Unternehmen zunehmend vor gro\u00dfe Herausforderungen \u2013 umso wichtiger sind Plattformen, die den direkten Kontakt zum potenziellen Nachwuchs erm\u00f6glichen. Eine M\u00f6glichkeit dazu bot&#8230;<\/p>\n","protected":false},"author":6,"featured_media":33137,"comment_status":"open","ping_status":"open","sticky":false,"template":"","format":"standard","meta":{"_jetpack_memberships_contains_paid_content":false,"footnotes":""},"categories":[8,32,30],"tags":[],"class_list":["post-33136","post","type-post","status-publish","format-standard","has-post-thumbnail","hentry","category-ausbildung","category-infos","category-vermischtes"],"jetpack_featured_media_url":"https:\/\/www.vdsm.net\/wronline\/wp-content\/uploads\/2025\/05\/037-25-Ausbildungsmesse-Siegen-scaled-e1748612346725.jpg","jetpack_sharing_enabled":true,"_links":{"self":[{"href":"https:\/\/www.vdsm.net\/wronline\/wp-json\/wp\/v2\/posts\/33136","targetHints":{"allow":["GET"]}}],"collection":[{"href":"https:\/\/www.vdsm.net\/wronline\/wp-json\/wp\/v2\/posts"}],"about":[{"href":"https:\/\/www.vdsm.net\/wronline\/wp-json\/wp\/v2\/types\/post"}],"author":[{"embeddable":true,"href":"https:\/\/www.vdsm.net\/wronline\/wp-json\/wp\/v2\/users\/6"}],"replies":[{"embeddable":true,"href":"https:\/\/www.vdsm.net\/wronline\/wp-json\/wp\/v2\/comments?post=33136"}],"version-history":[{"count":1,"href":"https:\/\/www.vdsm.net\/wronline\/wp-json\/wp\/v2\/posts\/33136\/revisions"}],"predecessor-version":[{"id":33138,"href":"https:\/\/www.vdsm.net\/wronline\/wp-json\/wp\/v2\/posts\/33136\/revisions\/33138"}],"wp:featuredmedia":[{"embeddable":true,"href":"https:\/\/www.vdsm.net\/wronline\/wp-json\/wp\/v2\/media\/33137"}],"wp:attachment":[{"href":"https:\/\/www.vdsm.net\/wronline\/wp-json\/wp\/v2\/media?parent=33136"}],"wp:term":[{"taxonomy":"category","embeddable":true,"href":"https:\/\/www.vdsm.net\/wronline\/wp-json\/wp\/v2\/categories?post=33136"},{"taxonomy":"post_tag","embeddable":true,"href":"https:\/\/www.vdsm.net\/wronline\/wp-json\/wp\/v2\/tags?post=33136"}],"curies":[{"name":"wp","href":"https:\/\/api.w.org\/{rel}","templated":true}]}}