{"id":3309,"date":"2016-03-08T09:55:39","date_gmt":"2016-03-08T08:55:39","guid":{"rendered":"http:\/\/www.vdsm.net\/wronline\/?p=3309"},"modified":"2016-03-08T09:58:30","modified_gmt":"2016-03-08T08:58:30","slug":"arndt-g-kirchhoff-soll-neuer-arbeitgeberpraesident-in-nrw-werden","status":"publish","type":"post","link":"https:\/\/www.vdsm.net\/wronline\/arndt-g-kirchhoff-soll-neuer-arbeitgeberpraesident-in-nrw-werden\/","title":{"rendered":"Arndt G. Kirchhoff soll Arbeitgeberpr\u00e4sident in NRW werden"},"content":{"rendered":"<p>Der Pr\u00e4sident der Landesvereinigung der Unternehmensverb\u00e4nde Nordrhein-Westfalen (unternehmer nrw), Horst-Werner Maier-Hunke (77), wird nicht mehr f\u00fcr eine weitere Amtszeit kandidieren. Wie die nordrhein-westf\u00e4lischen Unternehmer k\u00fcrzlich\u00a0in D\u00fcsseldorf mitteilten, hat Maier-Hunke seinen Entschluss dem Vorstand der Landesvereinigung in seiner letzten\u00a0Sitzung bekannt gegeben. Damit beendet der aus Iserlohn stammende mittelst\u00e4ndische Unternehmer bei der voraussichtlich im Juni stattfindenden Mitgliederversammlung der Spitzenorganisation der nordrhein-westf\u00e4lischen Wirtschaft nach zw\u00f6lf Jahren seine T\u00e4tigkeit als Pr\u00e4sident der Landesvereinigung. In seine Amtszeit f\u00e4llt die Fusion der Landesvereinigung der Arbeitgeberverb\u00e4nde Nordrhein-Westfalen (arbeitgeber nrw) mit der Landesvertretung des Bundesverbandes der Deutschen Industrie (BDI) zu unternehmer nrw im Jahr 2010. \u00dcberdies hat Maier-Hunke die Landesvereinigung als Stimme der NRW-Wirtschaft in der landespolitischen Debatte der letzten Jahre insbesondere zu wirtschafts- und sozialpolitischen Themen ma\u00dfgeblich positioniert und gepr\u00e4gt.<\/p>\n<p>Im Einvernehmen mit den Vizepr\u00e4sidenten und dem Vorstand von unternehmer nrw wird Maier-Hunke der Mitgliederversammlung der Landesvereinigung vorschlagen, den Vizepr\u00e4sidenten von unternehmer nrw und Attendorner Unternehmer Arndt G. Kirchhoff (61) zu seinem Nachfolger zu w\u00e4hlen. Bereits vor zwei Jahren war Kirchhoff Maier-Hunke im Amt des Pr\u00e4sidenten des Verbandes der Metall- und Elektro-Industrie Nordrhein-Westfalen (METALL NRW) nachgefolgt.<\/p>\n<div id=\"attachment_3312\" style=\"width: 310px\" class=\"wp-caption alignleft\"><a href=\"http:\/\/www.vdsm.net\/wronline\/arndt-g-kirchhoff-soll-neuer-arbeitgeberpraesident-in-nrw-werden\/horst-werner-maier-hunke\/\" rel=\"attachment wp-att-3312\"><img loading=\"lazy\" decoding=\"async\" aria-describedby=\"caption-attachment-3312\" class=\"size-medium wp-image-3312\" src=\"http:\/\/www.vdsm.net\/wronline\/wp-content\/uploads\/2016\/03\/Horst-Werner-Maier-Hunke-300x203.jpg\" alt=\"Horst-Werner-Maier-Hunke\" width=\"300\" height=\"203\" srcset=\"https:\/\/www.vdsm.net\/wronline\/wp-content\/uploads\/2016\/03\/Horst-Werner-Maier-Hunke-300x203.jpg 300w, https:\/\/www.vdsm.net\/wronline\/wp-content\/uploads\/2016\/03\/Horst-Werner-Maier-Hunke.jpg 600w\" sizes=\"auto, (max-width: 300px) 100vw, 300px\" \/><\/a><p id=\"caption-attachment-3312\" class=\"wp-caption-text\">Horst-Werner-Maier-Hunke<\/p><\/div>\n<p>Der in Mindelheim (Unterallg\u00e4u) geborene Horst-Werner Maier-Hunke ist Diplom-Betriebswirt und\u00a0Gesch\u00e4ftsf\u00fchrer der DURABLE Hunke &amp; Jochheim GmbH &amp; Co.KG in Iserlohn. Das Produktprogramm des Unternehmens umfasst mehr als 2.000 Artikel im Bereich \u00a0B\u00fcro-Organisationsmittel. Das Unternehmen erzielt mit rund 600 Mitarbeitern einen Umsatz von 100 Millionen Euro weltweit und besitzt Produktionsstandorte in Iserlohn, Gotha, Kamen und Stettin sowie Vertriebsgesellschaften in den USA, in Niederlande, Schweden, Frankreich, Gro\u00dfbritannien, Belgien und Russland.<\/p>\n<p>Maier-Hunke engagiert sich seit vielen Jahren in zahlreichen Organisationen der deutschen Wirtschaft. Als Vorsitzender leitet er seit 1998 den M\u00e4rkischen Arbeitgeberverband in Iserlohn. Seit 2004 ist er Pr\u00e4sident von unternehmer nrw und Mitglied des Pr\u00e4sidiums der Bundesvereinigung der Deutschen Arbeitgeberverb\u00e4nde (BDA). Von 2006 bis 2014 war Maier-Hunke Pr\u00e4sident von METALL NRW und in dieser Zeit auch Vizepr\u00e4sident des Arbeitgeberverbandes Gesamtmetall. In Anerkennung seiner Verdienste wurde er 2014 zum Ehrenpr\u00e4sidenten von METALL NRW ernannt. \u00dcberdies ist Maier-Hunke seit 2008 Vorsitzender des Hochschulrates der Hochschule S\u00fcdwestfalen.<\/p>\n<p>Diplom-Wirtschaftsingenieur Arndt G. Kirchhoff wurde in Essen geboren. Er ist Gesch\u00e4ftsf\u00fchrender Gesellschafter und CEO der KIRCHHOFF Holding GmbH &amp; Co. KG. Die familiengef\u00fchrte Unternehmensgruppe ist mit weltweit rund 10.500 Mitarbeitern und einem Jahresumsatz von 1,8 Milliarden Euro eines der bedeutendsten mittelst\u00e4ndischen Unternehmen der Autozuliefererbranche. Nach dem Studium des Wirtschaftsingenieurwesens und des Maschinenbaus an der TU Darmstadt war Kirchhoff zun\u00e4chst Leiter der zentralen Auftragsabwicklung Deutsche Babcock Werke AG, bevor er 1990 Gesch\u00e4ftsf\u00fchrender Gesellschafter der KIRCHHOFF Gruppe wurde.<\/p>\n<p>Kirchhoff engagiert sich ebenfalls seit langem in Organisationen der deutschen Wirtschaft. Er ist Pr\u00e4sident des Instituts der deutschen Wirtschaft K\u00f6ln und Pr\u00e4sident von METALL NRW. \u00dcberdies ist Kirchhoff Mitglied der Pr\u00e4sidien der Bundesvereinigung der Deutschen Arbeitgeberverb\u00e4nde (BDA), des Gesamtverbandes der Arbeitgeberverb\u00e4nde der deutschen Metall- und Elektroindustrie (Gesamtmetall) und des Bundesverbandes der Deutschen Industrie (BDI). Au\u00dferdem ist er Vizepr\u00e4sident des Verbandes der Deutschen Automobilindustrie (VDA).<\/p>\n","protected":false},"excerpt":{"rendered":"<p>Der Pr\u00e4sident der Landesvereinigung der Unternehmensverb\u00e4nde Nordrhein-Westfalen (unternehmer nrw), Horst-Werner Maier-Hunke (77), wird nicht mehr f\u00fcr eine weitere Amtszeit kandidieren. Wie die nordrhein-westf\u00e4lischen Unternehmer k\u00fcrzlich\u00a0in&#8230;<\/p>\n","protected":false},"author":2,"featured_media":3310,"comment_status":"open","ping_status":"open","sticky":false,"template":"","format":"standard","meta":{"_jetpack_memberships_contains_paid_content":false,"footnotes":""},"categories":[11],"tags":[],"class_list":["post-3309","post","type-post","status-publish","format-standard","has-post-thumbnail","hentry","category-regionale-wirtschaft"],"jetpack_featured_media_url":"https:\/\/www.vdsm.net\/wronline\/wp-content\/uploads\/2016\/03\/Arndt-G.-Kirchhoff.jpg","jetpack_sharing_enabled":true,"_links":{"self":[{"href":"https:\/\/www.vdsm.net\/wronline\/wp-json\/wp\/v2\/posts\/3309","targetHints":{"allow":["GET"]}}],"collection":[{"href":"https:\/\/www.vdsm.net\/wronline\/wp-json\/wp\/v2\/posts"}],"about":[{"href":"https:\/\/www.vdsm.net\/wronline\/wp-json\/wp\/v2\/types\/post"}],"author":[{"embeddable":true,"href":"https:\/\/www.vdsm.net\/wronline\/wp-json\/wp\/v2\/users\/2"}],"replies":[{"embeddable":true,"href":"https:\/\/www.vdsm.net\/wronline\/wp-json\/wp\/v2\/comments?post=3309"}],"version-history":[{"count":5,"href":"https:\/\/www.vdsm.net\/wronline\/wp-json\/wp\/v2\/posts\/3309\/revisions"}],"predecessor-version":[{"id":3316,"href":"https:\/\/www.vdsm.net\/wronline\/wp-json\/wp\/v2\/posts\/3309\/revisions\/3316"}],"wp:featuredmedia":[{"embeddable":true,"href":"https:\/\/www.vdsm.net\/wronline\/wp-json\/wp\/v2\/media\/3310"}],"wp:attachment":[{"href":"https:\/\/www.vdsm.net\/wronline\/wp-json\/wp\/v2\/media?parent=3309"}],"wp:term":[{"taxonomy":"category","embeddable":true,"href":"https:\/\/www.vdsm.net\/wronline\/wp-json\/wp\/v2\/categories?post=3309"},{"taxonomy":"post_tag","embeddable":true,"href":"https:\/\/www.vdsm.net\/wronline\/wp-json\/wp\/v2\/tags?post=3309"}],"curies":[{"name":"wp","href":"https:\/\/api.w.org\/{rel}","templated":true}]}}