{"id":33055,"date":"2025-05-06T16:28:09","date_gmt":"2025-05-06T14:28:09","guid":{"rendered":"https:\/\/www.vdsm.net\/wronline\/?p=33055"},"modified":"2025-05-06T16:32:17","modified_gmt":"2025-05-06T14:32:17","slug":"me-infotruck-tourt-durch-siegen-wittgenstein","status":"publish","type":"post","link":"https:\/\/www.vdsm.net\/wronline\/me-infotruck-tourt-durch-siegen-wittgenstein\/","title":{"rendered":"M+E-InfoTruck tourt durch Siegen-Wittgenstein"},"content":{"rendered":"<p>Der M+E-InfoTruck tourt derzeit durch Siegen-Wittgenstein und macht Technik auf zwei Etagen erlebbar. Er ist eine erste Anlaufstelle, wenn es um Informationen zur Aus- und Weiterbildung in der Metall- und Elektroindustrie geht. Zurzeit steht eines dieser Fahrzeuge in der Schulbushaltestelle der Esther-Bejarano-Gesamtschule in Freudenberg. Mit modernster Informations- und Produktionstechnik ausgestattet, ist dieses Fahrzeug eine we\u00adsentliche S\u00e4ule der Werbeaktivit\u00e4ten in der M+E-Industrie &#8211; insbesondere f\u00fcr die gewerblich-technischen Berufe.<\/p>\n<div id=\"attachment_33063\" style=\"width: 310px\" class=\"wp-caption alignright\"><a href=\"https:\/\/www.vdsm.net\/wronline\/wp-content\/uploads\/2025\/05\/PXL_20250505_070822988.MP_-scaled-e1746541555341.jpg\" target=\"_blank\" rel=\"noopener\"><img loading=\"lazy\" decoding=\"async\" aria-describedby=\"caption-attachment-33063\" class=\"wp-image-33063 size-medium\" src=\"https:\/\/www.vdsm.net\/wronline\/wp-content\/uploads\/2025\/05\/PXL_20250505_070822988.MP_-300x225.jpg\" alt=\"\" width=\"300\" height=\"225\" \/><\/a><p id=\"caption-attachment-33063\" class=\"wp-caption-text\">Im M+E-InfoTruck sind Aufgaben mit unterschiedlichen Schaltungen zu l\u00f6sen. (Foto: Jan Krumnow)<\/p><\/div>\n<p>Seit 2014 setzt der mit vier Millionen Besch\u00e4ftigten bedeutendste deutsche Industriezweig bundesweit doppelst\u00f6ckige InfoTrucks ein. Diese M+E-InfoTrucks bieten den jungen Menschen nicht nur einen ersten Einblick zu Berufen und Arbeitspl\u00e4tzen in der M+E-Industrie sondern sie versuchen auch zu vermitteln, wie faszinierend Technik sein kann. Im M+E-InfoTruck steht daher Ausprobieren auf der Tagesordnung.<\/p>\n<p>Interaktive Exponate wie eine CNC-Maschine verdeutlichen die technischen Abl\u00e4ufe und Innovationen der M+E-Industrie, der Cobot, ein kollaborativ arbeitenden Roboter, ist ein Beispiel daf\u00fcr, wie Mensch und Roboter als Team funktionieren k\u00f6nnen und wie die Arbeitswelt 4.0 aussehen kann. Zus\u00e4tzlich zu diesen und weiteren Exponaten werden Azubis und Ausbilder aus Mitgliedsunternehmen eingebunden, damit die jungen Menschen auf Augenh\u00f6he fachsimpeln k\u00f6nnen: Was kann man verdienen? Wie cool ist das Unternehmen wirklich?<\/p>\n<p>Die Arbeitgeberverb\u00e4nde Siegen-Wittgenstein holen den Truck regelm\u00e4\u00dfig in die Region. &#8222;W\u00e4hrend das Fahrzeug in der Vergangenheit vermehrt auf Messen und \u00f6ffentlichen Veranstaltungen, wie dem Tag der Technik in Siegen, zum Einsatz kam, kommt er seit dem vergangenen Jahr nur noch an Schulen zum Einsatz&#8220;, betont Julia F\u00f6rster von den Arbeitgeberverb\u00e4nden Siegen-Wittgenstein. \u201eEine zielgerichtete Aktion, die sich lohnt\u201c, meint Julia F\u00f6rster.<\/p>\n<p>Text und Foto: Julia F\u00f6rster<\/p>\n","protected":false},"excerpt":{"rendered":"<p>Der M+E-InfoTruck tourt derzeit durch Siegen-Wittgenstein und macht Technik auf zwei Etagen erlebbar. Er ist eine erste Anlaufstelle, wenn es um Informationen zur Aus- und&#8230;<\/p>\n","protected":false},"author":6,"featured_media":33056,"comment_status":"open","ping_status":"open","sticky":false,"template":"","format":"standard","meta":{"_jetpack_memberships_contains_paid_content":false,"footnotes":""},"categories":[1,8,32,30],"tags":[],"class_list":["post-33055","post","type-post","status-publish","format-standard","has-post-thumbnail","hentry","category-aktuell","category-ausbildung","category-infos","category-vermischtes"],"jetpack_featured_media_url":"https:\/\/www.vdsm.net\/wronline\/wp-content\/uploads\/2025\/05\/2025-06-05-ME-InfoTruck-2025_Esther-Bejarano-Gesamtschule-Freudenberg-scaled-e1746523762664.jpg","jetpack_sharing_enabled":true,"_links":{"self":[{"href":"https:\/\/www.vdsm.net\/wronline\/wp-json\/wp\/v2\/posts\/33055","targetHints":{"allow":["GET"]}}],"collection":[{"href":"https:\/\/www.vdsm.net\/wronline\/wp-json\/wp\/v2\/posts"}],"about":[{"href":"https:\/\/www.vdsm.net\/wronline\/wp-json\/wp\/v2\/types\/post"}],"author":[{"embeddable":true,"href":"https:\/\/www.vdsm.net\/wronline\/wp-json\/wp\/v2\/users\/6"}],"replies":[{"embeddable":true,"href":"https:\/\/www.vdsm.net\/wronline\/wp-json\/wp\/v2\/comments?post=33055"}],"version-history":[{"count":8,"href":"https:\/\/www.vdsm.net\/wronline\/wp-json\/wp\/v2\/posts\/33055\/revisions"}],"predecessor-version":[{"id":33066,"href":"https:\/\/www.vdsm.net\/wronline\/wp-json\/wp\/v2\/posts\/33055\/revisions\/33066"}],"wp:featuredmedia":[{"embeddable":true,"href":"https:\/\/www.vdsm.net\/wronline\/wp-json\/wp\/v2\/media\/33056"}],"wp:attachment":[{"href":"https:\/\/www.vdsm.net\/wronline\/wp-json\/wp\/v2\/media?parent=33055"}],"wp:term":[{"taxonomy":"category","embeddable":true,"href":"https:\/\/www.vdsm.net\/wronline\/wp-json\/wp\/v2\/categories?post=33055"},{"taxonomy":"post_tag","embeddable":true,"href":"https:\/\/www.vdsm.net\/wronline\/wp-json\/wp\/v2\/tags?post=33055"}],"curies":[{"name":"wp","href":"https:\/\/api.w.org\/{rel}","templated":true}]}}