{"id":33034,"date":"2025-04-16T15:25:44","date_gmt":"2025-04-16T13:25:44","guid":{"rendered":"https:\/\/www.vdsm.net\/wronline\/?p=33034"},"modified":"2025-04-16T15:26:54","modified_gmt":"2025-04-16T13:26:54","slug":"ferien-praktikumswochen-nrw-starten-neue-chancen-fuer-jugendliche-und-unternehmen","status":"publish","type":"post","link":"https:\/\/www.vdsm.net\/wronline\/ferien-praktikumswochen-nrw-starten-neue-chancen-fuer-jugendliche-und-unternehmen\/","title":{"rendered":"Ferien-Praktikumswochen NRW starten: Neue Chancen f\u00fcr Jugendliche und Unternehmen"},"content":{"rendered":"<p>Das Ministerium f\u00fcr Wirtschaft, Industrie, Klimaschutz und Energie, das Ministerium f\u00fcr Arbeit, Gesundheit und Soziales und das Ministerium f\u00fcr Schule und Bildung teilen mit:\u00a0Zum ersten Mal in ganz Nordrhein-Westfalen gibt es in diesem Sommer eine neue, spannende M\u00f6glichkeit zur Beruflichen Orientierung: die Ferien-Praktikumswochen NRW. Jugendliche ab 15 Jahren k\u00f6nnen in den Sommerferien freiwillig an ein- bis dreit\u00e4gigen Kurzpraktika teilnehmen \u2013 flexibel, kostenlos und ohne Bewerbungsstress. Jeden Tag ein neues Unternehmen, jeden Tag ein anderer Beruf \u2013 so wird Berufliche Orientierung praktisch, greifbar und alltagsnah.<\/p>\n<p><strong>So funktioniert\u2019s:\u00a0<\/strong>Sch\u00fclerinnen und Sch\u00fcler entscheiden selbst, an welchem Tag sie mitmachen und welche Berufsfelder sie interessieren. Ob nur einen Schnuppertag oder direkt Kurzpraktika bis drei Tage pro Unternehmen. So lassen sich die Praktika flexibel in die Sommerferien integrieren \u2013 mit gen\u00fcgend Zeit f\u00fcr Erholung und Freizeit. Die Anmeldung dauert nur f\u00fcnf Minuten und l\u00e4uft komplett online \u2013 ohne Lebenslauf, ohne Zeugnis.<\/p>\n<p>Die Aktion ist eine Kooperation des Wirtschaftsministeriums mit dem Schulministerium und dem Arbeitsministerium. Finanziert wird das Projekt aus Mitteln des Wirtschaftsministeriums im Rahmen der Fachkr\u00e4fteoffensive NRW. Die Aktion wird f\u00fcr alle 53 Kreise und kreisfreien St\u00e4dte in Nordrhein-Westfalen regionalisiert. Die Landesregierung arbeitet dabei mit den Mitgliedsorganisationen des \u201eAusbildungskonsens NRW\u201c und der Landesinitiative \u201eKein Abschluss ohne Anschluss\u201c (KAoA) zusammen.\u00a0Die Schirmherrschaft \u00fcber die Ferienpraktikumswochen NRW hat Ministerpr\u00e4sident Hendrik W\u00fcst \u00fcbernommen.\u00a0<strong>\u00a0<\/strong><\/p>\n<p><strong>Ministerpr\u00e4sident Hendrik W\u00fcst:<\/strong> \u201eUnsere Sch\u00fclerinnen und Sch\u00fcler von heute sind die Fachkr\u00e4fte von morgen. Nordrhein-Westfalen ist ein starkes Industrieland mit gro\u00dfartigen Unternehmen und vielen hervorragend ausgebildeten Mitarbeiterinnen und Mitarbeitern. Um diese St\u00e4rke zu bewahren, brauchen wir qualifizierten Nachwuchs. Schon die Berufsorientierung spielt dabei eine wichtige Rolle. Wer fr\u00fchzeitig verschiedene Berufe kennenlernt, kann die eigenen Talente entdecken und die richtige Entscheidung f\u00fcr die Zukunft treffen. Die Ferien-Praktikumswochen NRW bieten genau diese Chance.\u201c<\/p>\n<p><strong>Wirtschaftsministerin Mona Neubaur:<\/strong> \u201eViele wissen gar nicht, wie viele spannende Berufe direkt vor ihrer Haust\u00fcr warten. Mit den Ferien-Praktikumswochen schaffen wir eine einfache M\u00f6glichkeit das herauszufinden \u2013 ganz ohne Druck. Gleichzeitig helfen wir Unternehmen junge Talente fr\u00fch kennenzulernen und das ohne gro\u00dfen Aufwand. Gerade in Zeiten des Fachkr\u00e4ftemangels ist es wichtig, fr\u00fchzeitig auf den Nachwuchs zuzugehen und die eigenen Ausbildungsperspektiven aufzuzeigen.\u201c<\/p>\n<p><strong>Schulministerin Dorothee Feller<\/strong>: \u201eIn Zeiten des Fachkr\u00e4ftemangels m\u00fcssen wir jungen Menschen m\u00f6glichst viele T\u00fcren ins Berufsleben \u00f6ffnen. Die Ferienpraktikumswochen sind f\u00fcr unsere Sch\u00fclerinnen und Sch\u00fcler ein gutes Angebot, um in verschiedene Berufe hineinzuschnuppern und einen ersten Eindruck zu gewinnen. Wenn es f\u00fcr die Betriebe und ihre Praktikantinnen und Praktikanten gut l\u00e4uft, kann das Praktikum \u00fcber eine Ausbildung bis zum Berufseinstieg f\u00fchren. Die Ferienpraktikumswochen bieten sowohl f\u00fcr die nordrhein-westf\u00e4lischen Unternehmen als auch f\u00fcr unsere Sch\u00fclerinnen und Sch\u00fcler echte Win-Win-Perspektiven.\u201c<\/p>\n<p><strong>Arbeitsminister Karl-Josef Laumann<\/strong>: \u201eDie berufliche Orientierung beginnt bereits in der Schule. Praktika sind eine tolle M\u00f6glichkeit f\u00fcr junge Menschen, um einen Einblick in die vielen interessanten Berufe und Branchen zu bekommen. Unser Ziel ist, dass die Ausbildung oder das Studium m\u00f6glichst unmittelbar im Anschluss an den Schulabschluss beginnt. Umso wichtiger, dass Sch\u00fclerinnen und Sch\u00fcler bereits w\u00e4hrend der Schulzeit auf berufliche M\u00f6glichkeiten aufmerksam werden und so viele Informationen wie m\u00f6glich sammeln k\u00f6nnen, um die gro\u00dfe Entscheidung zu ihrer beruflichen Zukunft zu treffen. Hierf\u00fcr setzen wir uns auch mit dem Programm \u201aKein Abschluss ohne Anschluss\u2018 (KAoA) ein.\u201c<\/p>\n<p><strong>Warum das Ganze wichtig ist:\u00a0<\/strong>Nicht nur f\u00fcr Jugendliche ist die Praktikumswoche eine wertvolle Erfahrung \u2013 auch Unternehmen profitieren: Der Fachkr\u00e4ftemangel trifft viele Branchen hart. Die Ferienpraktikumswochen bringen motivierte Jugendliche mit engagierten Unternehmen zusammen \u2013 eine Win-Win-Situation. Auch f\u00fcr Firmen ist der Aufwand gering: Ein Einblick in den Alltag reicht oft schon, um Interesse zu wecken.<\/p>\n<p><strong>Hinter der Aktion steht ein starkes B\u00fcndnis:\u00a0<\/strong>Die Ferienpraktikumswochen finden in allen 53 Kreisen und kreisfreien St\u00e4dten statt \u2013 gemeinsam mit Partnern aus dem Ausbildungskonsens NRW und der Landesinitiative \u201eKein Abschluss ohne Anschluss\u201c.<\/p>\n<p>Kurz gesagt:<\/p>\n<ul>\n<li>Mitmachen k\u00f6nnen alle Sch\u00fclerinnen und Sch\u00fcler ab 15 Jahren<\/li>\n<li>Praktika dauern 1 bis 3 Tage<\/li>\n<li>Anmeldung online, ohne Noten oder Lebenslauf<\/li>\n<li>Teilnahme ist komplett kostenlos<\/li>\n<\/ul>\n<p>Hier geht es zur Plattform: <a href=\"http:\/\/www.praktikumswochen.nrw\" target=\"_blank\" rel=\"noopener\">www.praktikumswochen.nrw<\/a><\/p>\n<p>Jetzt ist der perfekte Zeitpunkt, um in den Traumjob reinzuschnuppern \u2013 oder das n\u00e4chste gro\u00dfe Talent zu entdecken.<\/p>\n<p><strong>Das ist Fachkr\u00e4fteoffensive NRW: <\/strong><\/p>\n<p>Mit der Fachkr\u00e4fteoffensive NRW koordiniert und b\u00fcndelt die Landesregierung ihre Ma\u00dfnahmen zur Fachkr\u00e4ftesicherung und bindet die entscheidenden Akteure des Arbeitsmarkts mit ein. Weitere Informationen zur Fachkr\u00e4fteoffensive NRW finden Sie <a href=\"https:\/\/www.mags.nrw\/fachkraefteoffensive\">hier<\/a>.<\/p>\n<p>Text: <a href=\"https:\/\/www.land.nrw\/\" target=\"_blank\" rel=\"noopener\">Landespresse- und Informationsamt<\/a>; Foto\/Logo: Ferien-Praktikumswochen<\/p>\n","protected":false},"excerpt":{"rendered":"<p>Das Ministerium f\u00fcr Wirtschaft, Industrie, Klimaschutz und Energie, das Ministerium f\u00fcr Arbeit, Gesundheit und Soziales und das Ministerium f\u00fcr Schule und Bildung teilen mit:\u00a0Zum ersten&#8230;<\/p>\n","protected":false},"author":6,"featured_media":33035,"comment_status":"open","ping_status":"open","sticky":false,"template":"","format":"standard","meta":{"_jetpack_memberships_contains_paid_content":false,"footnotes":""},"categories":[1,32,30,34],"tags":[],"class_list":["post-33034","post","type-post","status-publish","format-standard","has-post-thumbnail","hentry","category-aktuell","category-infos","category-vermischtes","category-termine"],"jetpack_featured_media_url":"https:\/\/www.vdsm.net\/wronline\/wp-content\/uploads\/2025\/04\/LOGO_P1.png","jetpack_sharing_enabled":true,"_links":{"self":[{"href":"https:\/\/www.vdsm.net\/wronline\/wp-json\/wp\/v2\/posts\/33034","targetHints":{"allow":["GET"]}}],"collection":[{"href":"https:\/\/www.vdsm.net\/wronline\/wp-json\/wp\/v2\/posts"}],"about":[{"href":"https:\/\/www.vdsm.net\/wronline\/wp-json\/wp\/v2\/types\/post"}],"author":[{"embeddable":true,"href":"https:\/\/www.vdsm.net\/wronline\/wp-json\/wp\/v2\/users\/6"}],"replies":[{"embeddable":true,"href":"https:\/\/www.vdsm.net\/wronline\/wp-json\/wp\/v2\/comments?post=33034"}],"version-history":[{"count":3,"href":"https:\/\/www.vdsm.net\/wronline\/wp-json\/wp\/v2\/posts\/33034\/revisions"}],"predecessor-version":[{"id":33038,"href":"https:\/\/www.vdsm.net\/wronline\/wp-json\/wp\/v2\/posts\/33034\/revisions\/33038"}],"wp:featuredmedia":[{"embeddable":true,"href":"https:\/\/www.vdsm.net\/wronline\/wp-json\/wp\/v2\/media\/33035"}],"wp:attachment":[{"href":"https:\/\/www.vdsm.net\/wronline\/wp-json\/wp\/v2\/media?parent=33034"}],"wp:term":[{"taxonomy":"category","embeddable":true,"href":"https:\/\/www.vdsm.net\/wronline\/wp-json\/wp\/v2\/categories?post=33034"},{"taxonomy":"post_tag","embeddable":true,"href":"https:\/\/www.vdsm.net\/wronline\/wp-json\/wp\/v2\/tags?post=33034"}],"curies":[{"name":"wp","href":"https:\/\/api.w.org\/{rel}","templated":true}]}}