{"id":32923,"date":"2025-03-11T15:53:00","date_gmt":"2025-03-11T14:53:00","guid":{"rendered":"https:\/\/www.vdsm.net\/wronline\/?p=32923"},"modified":"2025-03-11T15:59:28","modified_gmt":"2025-03-11T14:59:28","slug":"3-2-1-action-suedwestfalen-sucht-den-kracher-des-jahres-2025","status":"publish","type":"post","link":"https:\/\/www.vdsm.net\/wronline\/3-2-1-action-suedwestfalen-sucht-den-kracher-des-jahres-2025\/","title":{"rendered":"3, 2, 1, Action! \u2013 S\u00fcdwestfalen sucht den \u201eKracher des Jahres 2025\u201c!"},"content":{"rendered":"<p>Ein Video, 90 Sekunden, ihr Produkt: Die Suche nach dem \u201eKracher des Jahres 2025 \u2013 made in S\u00fcdwestfalen\u201c startet wieder! Unternehmen, Organisationen und Vereine sind aufgerufen, in maximal 90-sek\u00fcndigen Videos ihr pers\u00f6nliches Kracher-Produkt vorzustellen. Das Regionalmarketing S\u00fcdwestfalen der S\u00fcdwestfalen Agentur GmbH organisiert den Video-Wettbewerb, um die wirtschaftliche Vielfalt und Innovationskraft der Region hervorzuheben.<\/p>\n<p>Besonderes Produkt, bemerkenswerte Dienstleistung oder innovative Technologie: All das hat das Zeug zum \u201eKracher des Jahres\u201c. Nach 2021 und 2023 findet der Video-Wettbewerb nun zum dritten Mal statt: \u201eWir m\u00f6chten die kreativen und zukunftweisenden Entwicklungen der Unternehmen in S\u00fcdwestfalen sichtbar machen. Auch kleine Unternehmen k\u00f6nnen eine gro\u00dfe B\u00fchne bekommen\u201c, erkl\u00e4rt Marie Ting, Leiterin des Regionalmarketings bei der S\u00fcdwestfalen Agentur GmbH. Ob das Video mit Profi-Equipment gedreht wurde oder mit dem Smartphone, ob es als Azubi-Projekt durchgef\u00fchrt oder Sache der Gesch\u00e4ftsf\u00fchrung ist, entscheiden die Unternehmen selbst.<\/p>\n<p><strong>Videos k\u00f6nnen bis 06. Juni 2025 eingereicht werden<\/strong><\/p>\n<p>Die Videos k\u00f6nnen ab sofort bis zum 06. Juni 2025 eingereicht werden. Es gibt nur drei Bedingungen: Das Unternehmen muss einen Firmensitz in S\u00fcdwestfalen haben, der \u201eKracher\u201c muss in den vergangenen drei Jahren in S\u00fcdwestfalen entwickelt bzw. produziert worden sein und das Video darf 90 Sekunden L\u00e4nge nicht \u00fcberschreiten. Nach Ablauf der Bewerbungsfrist werden die Videos online \u00fcber die S\u00fcdwestfalen-Kan\u00e4le der S\u00fcdwestfalen Agentur GmbH ver\u00f6ffentlicht.<\/p>\n<p><strong>\u00d6ffentliche Abstimmung und Jury-Stimmen z\u00e4hlen jeweils 50 Prozent<\/strong><\/p>\n<p>Anschlie\u00dfend beginnt die \u00f6ffentliche Abstimmung, bei der alle online f\u00fcr ihre Favoriten abstimmen k\u00f6nnen, und auch eine Fachjury tagt. Beide Ergebnisse werden mit jeweils 50 Prozent gewertet. Die Fachjury ist besetzt mit Vertreter:innen von Wirtschaftsorganisationen, die als Partner den \u201eKracher des Jahres\u201c unterst\u00fctzen. Dazu z\u00e4hlen die Industrie- und Handelskammern, die Arbeitgeberverb\u00e4nde S\u00fcdwestfalens, die Handwerkskammern und Kreishandwerkerschaften sowie die Wirtschaftsf\u00f6rderungen der Kreise. Unser offizieller Partner ist die \u201eWestfalenpost\u201c. Aus Publikums- und Jurywertung werden die Kreissieger gek\u00fcrt. Die Entscheidung, wer \u201eKracher des Jahres 2025\u201c wird, f\u00e4llt mit einem Live-Voting im Rahmen eines feierlichen Events am 25. September 2025 in der Schauburg in Iserlohn.<\/p>\n<p>Alle Informationen zum \u201eKracher des Jahres 2025\u201c finden Interessierte unter <a href=\"https:\/\/regionalmarketing-swf.com\/mitmachen\/kracher2025\/\" target=\"_blank\" rel=\"noopener\">https:\/\/regionalmarketing-swf.com\/mitmachen\/kracher2025\/<\/a>.<\/p>\n<p>Text und Foto: S\u00fcdwestfalen Agentur GmbH<\/p>\n<p>&nbsp;<\/p>\n","protected":false},"excerpt":{"rendered":"<p>Ein Video, 90 Sekunden, ihr Produkt: Die Suche nach dem \u201eKracher des Jahres 2025 \u2013 made in S\u00fcdwestfalen\u201c startet wieder! Unternehmen, Organisationen und Vereine sind&#8230;<\/p>\n","protected":false},"author":6,"featured_media":32927,"comment_status":"open","ping_status":"open","sticky":false,"template":"","format":"standard","meta":{"_jetpack_memberships_contains_paid_content":false,"footnotes":""},"categories":[1,32,30,10],"tags":[],"class_list":["post-32923","post","type-post","status-publish","format-standard","has-post-thumbnail","hentry","category-aktuell","category-infos","category-vermischtes","category-unternehmen"],"jetpack_featured_media_url":"https:\/\/www.vdsm.net\/wronline\/wp-content\/uploads\/2025\/03\/PM_Kracher_PR-Foto-Kopie-scaled-e1741704951319.jpg","jetpack_sharing_enabled":true,"_links":{"self":[{"href":"https:\/\/www.vdsm.net\/wronline\/wp-json\/wp\/v2\/posts\/32923","targetHints":{"allow":["GET"]}}],"collection":[{"href":"https:\/\/www.vdsm.net\/wronline\/wp-json\/wp\/v2\/posts"}],"about":[{"href":"https:\/\/www.vdsm.net\/wronline\/wp-json\/wp\/v2\/types\/post"}],"author":[{"embeddable":true,"href":"https:\/\/www.vdsm.net\/wronline\/wp-json\/wp\/v2\/users\/6"}],"replies":[{"embeddable":true,"href":"https:\/\/www.vdsm.net\/wronline\/wp-json\/wp\/v2\/comments?post=32923"}],"version-history":[{"count":2,"href":"https:\/\/www.vdsm.net\/wronline\/wp-json\/wp\/v2\/posts\/32923\/revisions"}],"predecessor-version":[{"id":32928,"href":"https:\/\/www.vdsm.net\/wronline\/wp-json\/wp\/v2\/posts\/32923\/revisions\/32928"}],"wp:featuredmedia":[{"embeddable":true,"href":"https:\/\/www.vdsm.net\/wronline\/wp-json\/wp\/v2\/media\/32927"}],"wp:attachment":[{"href":"https:\/\/www.vdsm.net\/wronline\/wp-json\/wp\/v2\/media?parent=32923"}],"wp:term":[{"taxonomy":"category","embeddable":true,"href":"https:\/\/www.vdsm.net\/wronline\/wp-json\/wp\/v2\/categories?post=32923"},{"taxonomy":"post_tag","embeddable":true,"href":"https:\/\/www.vdsm.net\/wronline\/wp-json\/wp\/v2\/tags?post=32923"}],"curies":[{"name":"wp","href":"https:\/\/api.w.org\/{rel}","templated":true}]}}