{"id":32812,"date":"2025-01-29T09:02:23","date_gmt":"2025-01-29T08:02:23","guid":{"rendered":"https:\/\/www.vdsm.net\/wronline\/?p=32812"},"modified":"2025-01-29T09:30:11","modified_gmt":"2025-01-29T08:30:11","slug":"alarmstufe-rot-auch-die-heimische-wirtschaft-beteiligt-sich-am-wirtschaftswarntag","status":"publish","type":"post","link":"https:\/\/www.vdsm.net\/wronline\/alarmstufe-rot-auch-die-heimische-wirtschaft-beteiligt-sich-am-wirtschaftswarntag\/","title":{"rendered":"Alarmstufe Rot: Auch die heimische Wirtschaft beteiligt sich am Wirtschaftswarntag"},"content":{"rendered":"<div id=\"attachment_32816\" style=\"width: 310px\" class=\"wp-caption alignright\"><a href=\"https:\/\/www.vdsm.net\/wronline\/wp-content\/uploads\/2025\/01\/wirtschaftswarntag-3-e1738136923844.jpg\" target=\"_blank\" rel=\"noopener\"><img loading=\"lazy\" decoding=\"async\" aria-describedby=\"caption-attachment-32816\" class=\"wp-image-32816 size-medium\" src=\"https:\/\/www.vdsm.net\/wronline\/wp-content\/uploads\/2025\/01\/wirtschaftswarntag-3-300x225.jpg\" alt=\"\" width=\"300\" height=\"225\" \/><\/a><p id=\"caption-attachment-32816\" class=\"wp-caption-text\">Zahlreiche Unternehmen trafen sich zu einem gemeinsamen Gespr\u00e4ch in den R\u00e4umlichkeiten der SIEGENIA-GRUPPE in Wilnsdorf-Niederdielfen und tauschten sich \u00fcber notwendige, einzuleitende Schritte aus. (Foto: SIEGENIA GRUPPE)<\/p><\/div>\n<p>Um zu dokumentieren, wie ernst die momentane wirtschaftliche Lage und die Rahmenbedingungen in Deutschland sind, beteiligt sich der Verband der Siegerl\u00e4nder Metallindustriellen e.V. (VdSM) gemeinsam mit \u00fcber 50 weiteren Wirtschaftsverb\u00e4nden am ersten bundesweiten Wirtschaftswarntag, der am Mittwoch, 29. Januar, stattfindet. Ebenfalls in Siegen-Wittgenstein mit dabei: zahlreiche Unternehmen, die dringend dazu aufrufen, Worten in der Politik nun endlich Taten folgen zu lassen.<\/p>\n<p>Die Wirtschaft fordert von den Parteien, die St\u00e4rkung der deutschen Wettbewerbsf\u00e4higkeit in den Mittelpunkt des Wahlkampfes zu r\u00fccken und eine Wirtschaftswende nach der Bundestagswahl einzuleiten. Zahlreiche teilnehmende Unternehmen trafen sich zu einem gemeinsamen Gespr\u00e4ch in den R\u00e4umlichkeiten der SIEGENIA-GRUPPE in Wilnsdorf-Niederdielfen und tauschten sich \u00fcber notwendige, einzuleitende Schritte aus.<\/p>\n<p>\u201eZentrale\u201c des Wirtschaftswarntages ist eine Kundgebung mit mehreren hundert Teilnehmern am Brandenburger Tor in Berlin (Mittwoch, 13 Uhr, auf dem Platz des 18. M\u00e4rz). Dort wird mit METALL-NRW-Pr\u00e4sident Arndt G. Kirchhoff auch ein S\u00fcdwestfale sprechen.<\/p>\n<p><strong>Forderung: Weniger Steuern, weniger B\u00fcrokratie,<br \/>\ngeringere Energiekosten, mehr Flexibilit\u00e4t im Arbeitsrecht<\/strong><\/p>\n<p>Die zentralen Forderungen der Verb\u00e4nde sind eine geringere Steuerbelastung, weniger b\u00fcrokratische Vorgaben, gedeckelte Sozialabgaben, geringere Energiekosten und mehr Flexibilit\u00e4t im Arbeitsrecht, um so im scharfen internationalen Wettbewerb die Chancen der heimischen Unternehmen wieder zu verbessern.<\/p>\n<div id=\"attachment_32815\" style=\"width: 310px\" class=\"wp-caption alignleft\"><a href=\"https:\/\/www.vdsm.net\/wronline\/wp-content\/uploads\/2025\/01\/wirtschaftswarntag-2-scaled-e1738136900583.jpg\" target=\"_blank\" rel=\"noopener\"><img loading=\"lazy\" decoding=\"async\" aria-describedby=\"caption-attachment-32815\" class=\"wp-image-32815 size-medium\" src=\"https:\/\/www.vdsm.net\/wronline\/wp-content\/uploads\/2025\/01\/wirtschaftswarntag-2-300x225.jpg\" alt=\"\" width=\"300\" height=\"225\" \/><\/a><p id=\"caption-attachment-32815\" class=\"wp-caption-text\">VdSM-Gesch\u00e4ftsf\u00fchrer Dr. Thorsten Doublet weist auf die dramatische Situation in der Siegen-Wittgensteiner Industrie hin. (Foto: SIEGENIA GRUPPE)<\/p><\/div>\n<p>VdSM-Gesch\u00e4ftsf\u00fchrer Dr. Thorsten Doublet weist auf die dramatische Situation in der Siegen-Wittgensteiner Industrie hin: \u201eAuch wenn wir nicht so hart von den Verwerfungen in der Automobilindustrie betroffen sind, weil hier mehrheitlich der Maschinen- und Anlagenbau sowie R\u00f6hrenhersteller und Gie\u00dfereien beheimatet sind: wenn die Rahmenbedingungen in Deutschland so bleiben, wie sie derzeit sind, wird das mittelfristig dramatische Folgen f\u00fcr die Unternehmen hier vor Ort und damit auch f\u00fcr deren Mitarbeiter haben. Wir sind in dieser Form nicht mehr wettbewerbsf\u00e4hig!\u201c<\/p>\n<p><strong>Teils konkurrierende Verb\u00e4nde haben sich zum Wirtschaftswarntag verb\u00fcndet<\/strong><\/p>\n<p>Wie schlimm die Lage der gesamten Wirtschaft ist, zeige sich daran, dass sich Verb\u00e4nde, die vor allem mittelst\u00e4ndische Betriebe vertreten, branchen\u00fcbergreifend zusammengefunden h\u00e4tten. Bernd Peter Dahmen, CFO der SIEGENIA-GRUPPE fordert von allen Parteien den vollen Fokus auf die Wirtschaftspolitik im Wahlkampf und eine Wirtschaftswende nach der Wahl. Stellvertretend f\u00fcr die zusammengekommene Runde fasst er zusammen: \u201eDeutschland muss sich wieder auf seine St\u00e4rken besinnen. Wir k\u00f6nnen international dauerhaft nur bestehen, wenn die Lohnnebenkosten gesenkt werden, Energie langfristig und planbar wieder g\u00fcnstiger wird und endlich der B\u00fcrokratie der Kampf angesagt wird. Zudem ist eine Reform des B\u00fcrgergeldes unverzichtbar, damit sich Arbeit f\u00fcr jeden Einzelnen im Vergleich zu staatlichen Leistungen wieder lohnt. Nur so k\u00f6nnen wir die Motivation steigern, offene Stellen zu besetzen und den Wirtschaftsstandort Deutschland nachhaltig festigen.\u201c<\/p>\n<p>Die Kundgebung in Berlin wird vom \u201eAktionsb\u00fcndnis Wirtschaftswarntag\u201c organisiert, dem sich rund 50 Wirtschaftsverb\u00e4nde angeschlossen haben und von der \u201eInitiative Neue Soziale Marktwirtschaft (INSM)\u201c organisiert.<\/p>\n<p><strong>Beispiele von Unternehmen, die am Wirtschaftswarntag teilnehmen:\u00a0<\/strong><\/p>\n<div id='gallery-1' class='gallery galleryid-32812 gallery-columns-3 gallery-size-thumbnail'><dl class='gallery-item'>\n\t\t\t<dt class='gallery-icon landscape'>\n\t\t\t\t<a href='https:\/\/www.vdsm.net\/wronline\/alarmstufe-rot-auch-die-heimische-wirtschaft-beteiligt-sich-am-wirtschaftswarntag\/blefa-gmbh\/'><img loading=\"lazy\" decoding=\"async\" width=\"150\" height=\"150\" src=\"https:\/\/www.vdsm.net\/wronline\/wp-content\/uploads\/2025\/01\/Blefa-GmbH-150x150.jpg\" class=\"attachment-thumbnail size-thumbnail\" alt=\"\" aria-describedby=\"gallery-1-32821\" \/><\/a>\n\t\t\t<\/dt>\n\t\t\t\t<dd class='wp-caption-text gallery-caption' id='gallery-1-32821'>\n\t\t\t\tFoto: Blefa GmbH\n\t\t\t\t<\/dd><\/dl><dl class='gallery-item'>\n\t\t\t<dt class='gallery-icon portrait'>\n\t\t\t\t<a href='https:\/\/www.vdsm.net\/wronline\/alarmstufe-rot-auch-die-heimische-wirtschaft-beteiligt-sich-am-wirtschaftswarntag\/albrecht-baeumer-gmbh\/'><img loading=\"lazy\" decoding=\"async\" width=\"150\" height=\"150\" src=\"https:\/\/www.vdsm.net\/wronline\/wp-content\/uploads\/2025\/01\/Albrecht-Baeumer-GmbH-150x150.jpg\" class=\"attachment-thumbnail size-thumbnail\" alt=\"\" aria-describedby=\"gallery-1-32833\" \/><\/a>\n\t\t\t<\/dt>\n\t\t\t\t<dd class='wp-caption-text gallery-caption' id='gallery-1-32833'>\n\t\t\t\tFoto: Albrecht B\u00e4umer GmbH &#038; Co. KG\n\t\t\t\t<\/dd><\/dl>\n\t\t\t<br style='clear: both' \/>\n\t\t<\/div>\n\n<p><strong>Stimmen zum Wirtschaftswarntag:<br \/>\n<\/strong><br \/>\n<strong>J\u00f6rgen Hofmann, Albrecht B\u00e4umer GmbH &amp; Co. KG:<\/strong>\u00a0&#8222;Deutschland ist Exportweltmeister. Wir brauchen die Wirtschaft f\u00fcr ein starkes Europa, damit Europa eine Stimme in der Welt hat. Wenn wir die nicht haben, werden wir immer weiter in die Enge getrieben.&#8220;<\/p>\n<p><strong>Frieder Spannagel, Gontermann-Peipers GmbH:<\/strong>\u00a0&#8222;Europ\u00e4ische Vorgaben werden in Deutschland immer noch etwas &#8218;flei\u00dfiger&#8216; umgesetzt. Der Staat mischt sich in Dinge ein, in die er sich nicht einmischen sollte. Stattdessen sollte er sich um die Dinge k\u00fcmmern, f\u00fcr die er eigentlich da ist und die nicht funktionieren: Beispielsweise Infrastruktur, Verteidigung und Bildung.&#8220;<\/p>\n<p><strong>Bernd Peter Dahmen, SIEGENIA GRUPPE:<\/strong>\u00a0&#8222;Wir alle befinden uns im globalen Wettbewerb. Unser Ziel ist es dennoch, als Familienunternehmen so viele Arbeitspl\u00e4tze wie m\u00f6glich in Deutschland zu halten. Daf\u00fcr m\u00fcssen aber die Rahmenbedingungen stimmen.&#8220;<\/p>\n<p><strong>Benjamin Langer, Siegener Werkzeug- und H\u00e4rtetechnik GmbH:<\/strong>\u00a0&#8222;Es ist unglaublich, wieviele Anforderungen wir vorgesetzt bekommen, die wir erf\u00fcllen m\u00fcssen. Dazu noch immer Energiepreise, bei denen das teuerste Kraftwerk den Preis bestimmt.&#8220;<\/p>\n<p><strong>Petrico von Schweinichen, Irle Rolls GmbH:<\/strong>\u00a0&#8222;In unseren Unternehmen m\u00fcssen wir Entscheidungen nicht nur mit Blick auf morgen treffen, sondern so, dass sie auch noch in zehn Jahren tragen. Das vermisse ich in der Politik. Es hei\u00dft immer, wir h\u00e4tten die niedrigsten Energiekosten seit zehn Jahren. Die eigentlichen Energiekosten sind aber schon lange nicht mehr unser Problem, da er Arbeitspreis nur noch einen Bruchteil des Gesamtpreises ausmacht &#8211; Stichwort Netzentgelte. Wir brauchen in diesem Bereich vor allem Planbarkeit.&#8220;<\/p>\n","protected":false},"excerpt":{"rendered":"<p>Um zu dokumentieren, wie ernst die momentane wirtschaftliche Lage und die Rahmenbedingungen in Deutschland sind, beteiligt sich der Verband der Siegerl\u00e4nder Metallindustriellen e.V. (VdSM) gemeinsam&#8230;<\/p>\n","protected":false},"author":6,"featured_media":32814,"comment_status":"open","ping_status":"open","sticky":false,"template":"","format":"standard","meta":{"_jetpack_memberships_contains_paid_content":false,"footnotes":""},"categories":[1,32,30,11],"tags":[],"class_list":["post-32812","post","type-post","status-publish","format-standard","has-post-thumbnail","hentry","category-aktuell","category-infos","category-vermischtes","category-regionale-wirtschaft"],"jetpack_featured_media_url":"https:\/\/www.vdsm.net\/wronline\/wp-content\/uploads\/2025\/01\/wirtschaftswarntag-1.jpg","jetpack_sharing_enabled":true,"_links":{"self":[{"href":"https:\/\/www.vdsm.net\/wronline\/wp-json\/wp\/v2\/posts\/32812","targetHints":{"allow":["GET"]}}],"collection":[{"href":"https:\/\/www.vdsm.net\/wronline\/wp-json\/wp\/v2\/posts"}],"about":[{"href":"https:\/\/www.vdsm.net\/wronline\/wp-json\/wp\/v2\/types\/post"}],"author":[{"embeddable":true,"href":"https:\/\/www.vdsm.net\/wronline\/wp-json\/wp\/v2\/users\/6"}],"replies":[{"embeddable":true,"href":"https:\/\/www.vdsm.net\/wronline\/wp-json\/wp\/v2\/comments?post=32812"}],"version-history":[{"count":14,"href":"https:\/\/www.vdsm.net\/wronline\/wp-json\/wp\/v2\/posts\/32812\/revisions"}],"predecessor-version":[{"id":32838,"href":"https:\/\/www.vdsm.net\/wronline\/wp-json\/wp\/v2\/posts\/32812\/revisions\/32838"}],"wp:featuredmedia":[{"embeddable":true,"href":"https:\/\/www.vdsm.net\/wronline\/wp-json\/wp\/v2\/media\/32814"}],"wp:attachment":[{"href":"https:\/\/www.vdsm.net\/wronline\/wp-json\/wp\/v2\/media?parent=32812"}],"wp:term":[{"taxonomy":"category","embeddable":true,"href":"https:\/\/www.vdsm.net\/wronline\/wp-json\/wp\/v2\/categories?post=32812"},{"taxonomy":"post_tag","embeddable":true,"href":"https:\/\/www.vdsm.net\/wronline\/wp-json\/wp\/v2\/tags?post=32812"}],"curies":[{"name":"wp","href":"https:\/\/api.w.org\/{rel}","templated":true}]}}